{"id":11971,"date":"2026-04-28T22:33:49","date_gmt":"2026-04-28T19:03:49","guid":{"rendered":"https:\/\/fajr.news\/?p=11971"},"modified":"2026-04-28T22:33:49","modified_gmt":"2026-04-28T19:03:49","slug":"trumptan-iranin-son-teklifine-ret-sinyali","status":"publish","type":"post","link":"https:\/\/fajr.news\/?p=11971&lang=tr","title":{"rendered":"Trump&#8217;tan \u0130ran&#8217;\u0131n Son Teklifine Ret Sinyali"},"content":{"rendered":"<p>Amerika Birle\u015fik Devletleri Ba\u015fkan\u0131 Donald Trump&#8217;\u0131n, \u0130ran&#8217;\u0131n H\u00fcrm\u00fcz Bo\u011faz\u0131&#8217;n\u0131 yeniden a\u00e7ma ve \u00e7at\u0131\u015fmay\u0131 sona erdirme teklifini kabul etmeyece\u011fi ancak n\u00fckleer m\u00fczakereleri ileri bir tarihe erteleyece\u011fi sinyalini verdi\u011fi bildirildi. CNN&#8217;in konuya yak\u0131n iki kayna\u011fa dayand\u0131rd\u0131\u011f\u0131 habere g\u00f6re, Trump&#8217;\u0131n bu tutumu Tahran&#8217;\u0131n son \u00f6nerisine kar\u015f\u0131 net bir duru\u015f sergiledi\u011fini g\u00f6steriyor.<\/p>\n<h2>Trump&#8217;\u0131n Pozisyonu ve ABD&#8217;nin Endi\u015feleri<\/h2>\n<p>Ba\u015fkan Trump&#8217;\u0131n Pazartesi g\u00fcn\u00fc \u00fcst d\u00fczey ulusal g\u00fcvenlik yetkilileriyle yapt\u0131\u011f\u0131 bir toplant\u0131da bu pozisyonunu detayland\u0131rd\u0131\u011f\u0131 belirtildi. Toplant\u0131da, ABD&#8217;li yetkililerin \u0130ran liderli\u011fi i\u00e7indeki b\u00f6l\u00fcnmelerle ilgili endi\u015felerini dile getirdi\u011fi ve olas\u0131 bir anla\u015fmada kimin nihai s\u00f6z sahibi oldu\u011funun belirsizli\u011fini korudu\u011funu ifade etti\u011fi aktar\u0131ld\u0131.<\/p>\n<p>Bu geli\u015fmeler, Beyaz Saray&#8217;\u0131n daha \u00f6nce s\u00f6z konusu teklifin &#8220;tart\u0131\u015fma a\u015famas\u0131nda&#8221; oldu\u011funu a\u00e7\u0131klamas\u0131n\u0131n ard\u0131ndan geldi. Ancak Trump&#8217;\u0131n son sinyalleri, Washington&#8217;\u0131n Tahran ile olan gerilimde mevcut tutumunu s\u00fcrd\u00fcrme e\u011filiminde oldu\u011funu g\u00f6steriyor.<\/p>\n<h3>\u0130ran&#8217;\u0131n Teklifi Neleri \u0130\u00e7eriyordu?<\/h3>\n<ul>\n<li>H\u00fcrm\u00fcz Bo\u011faz\u0131&#8217;n\u0131n yeniden a\u00e7\u0131lmas\u0131.<\/li>\n<li>B\u00f6lgedeki \u00e7at\u0131\u015fmalar\u0131n sona erdirilmesi.<\/li>\n<li>N\u00fckleer m\u00fczakerelerin ileri bir tarihe ertelenmesi.<\/li>\n<\/ul>\n<p>Uzmanlar, Trump y\u00f6netiminin \u0130ran&#8217;a y\u00f6nelik &#8220;maksimum bask\u0131&#8221; stratejisinden vazge\u00e7meye niyetli olmad\u0131\u011f\u0131n\u0131 ve Tahran&#8217;dan daha kapsaml\u0131 tavizler bekledi\u011fini belirtiyor. Bu durum, iki \u00fclke aras\u0131ndaki gerilimin yak\u0131n zamanda azalmayaca\u011f\u0131na i\u015faret ediyor.<\/p>\n<p>#Trump #\u0130ran #H\u00fcrm\u00fczBo\u011faz\u0131 #N\u00fckleerM\u00fczakereler #ABD\u0130ranGerilimi #D\u0131\u015fPolitika #Ortado\u011fu #Diplomasi #BeyazSaray #CNN<\/p>\n","protected":false},"excerpt":{"rendered":"<p>Amerika Birle\u015fik Devletleri Ba\u015fkan\u0131 Donald Trump&#8217;\u0131n, \u0130ran&#8217;\u0131n H\u00fcrm\u00fcz Bo\u011faz\u0131&#8217;n\u0131 yeniden a\u00e7ma ve \u00e7at\u0131\u015fmay\u0131 sona erdirme teklifini kabul etmeyece\u011fi ancak n\u00fckleer m\u00fczakereleri ileri bir tarihe erteleyece\u011fi sinyalini verdi\u011fi bildirildi. CNN&#8217;in konuya yak\u0131n iki kayna\u011fa dayand\u0131rd\u0131\u011f\u0131 habere g\u00f6re, Trump&#8217;\u0131n bu tutumu Tahran&#8217;\u0131n son \u00f6nerisine kar\u015f\u0131 net bir duru\u015f sergiledi\u011fini g\u00f6steriyor. Trump&#8217;\u0131n Pozisyonu ve ABD&#8217;nin Endi\u015feleri Ba\u015fkan Trump&#8217;\u0131n [&hellip;]<\/p>\n","protected":false},"author":2,"featured_media":11972,"comment_status":"open","ping_status":"open","sticky":false,"template":"","format":"standard","meta":{"footnotes":""},"categories":[31],"tags":[],"class_list":["post-11971","post","type-post","status-publish","format-standard","has-post-thumbnail","hentry","category-iran-haberleri"],"_links":{"self":[{"href":"https:\/\/fajr.news\/index.php?rest_route=\/wp\/v2\/posts\/11971","targetHints":{"allow":["GET"]}}],"collection":[{"href":"https:\/\/fajr.news\/index.php?rest_route=\/wp\/v2\/posts"}],"about":[{"href":"https:\/\/fajr.news\/index.php?rest_route=\/wp\/v2\/types\/post"}],"author":[{"embeddable":true,"href":"https:\/\/fajr.news\/index.php?rest_route=\/wp\/v2\/users\/2"}],"replies":[{"embeddable":true,"href":"https:\/\/fajr.news\/index.php?rest_route=%2Fwp%2Fv2%2Fcomments&post=11971"}],"version-history":[{"count":0,"href":"https:\/\/fajr.news\/index.php?rest_route=\/wp\/v2\/posts\/11971\/revisions"}],"wp:featuredmedia":[{"embeddable":true,"href":"https:\/\/fajr.news\/index.php?rest_route=\/wp\/v2\/media\/11972"}],"wp:attachment":[{"href":"https:\/\/fajr.news\/index.php?rest_route=%2Fwp%2Fv2%2Fmedia&parent=11971"}],"wp:term":[{"taxonomy":"category","embeddable":true,"href":"https:\/\/fajr.news\/index.php?rest_route=%2Fwp%2Fv2%2Fcategories&post=11971"},{"taxonomy":"post_tag","embeddable":true,"href":"https:\/\/fajr.news\/index.php?rest_route=%2Fwp%2Fv2%2Ftags&post=11971"}],"curies":[{"name":"wp","href":"https:\/\/api.w.org\/{rel}","templated":true}]}}