{"id":11953,"date":"2026-04-28T22:10:08","date_gmt":"2026-04-28T18:40:08","guid":{"rendered":"https:\/\/fajr.news\/?p=11953"},"modified":"2026-04-28T22:10:08","modified_gmt":"2026-04-28T18:40:08","slug":"orta-dogudaki-savas-ortaminda-avustralyaya-ergen-kizlara-yatirim-yapma-cagrisi","status":"publish","type":"post","link":"https:\/\/fajr.news\/?p=11953&lang=tr","title":{"rendered":"Orta Do\u011fu&#8217;daki Sava\u015f Ortam\u0131nda Avustralya&#8217;ya Ergen K\u0131zlara Yat\u0131r\u0131m Yapma \u00c7a\u011fr\u0131s\u0131"},"content":{"rendered":"<p><strong>Orta Do\u011fu&#8217;daki sava\u015f\u0131n Asya-Pasifik genelindeki savunmas\u0131z topluluklar\u0131 etkilemeye devam etmesiyle birlikte, Avustralya federal h\u00fck\u00fcmetine ergen k\u0131z \u00e7ocuklar\u0131n\u0131n refah\u0131 i\u00e7in yat\u0131r\u0131m yapmas\u0131 y\u00f6n\u00fcnde g\u00fc\u00e7l\u00fc \u00e7a\u011fr\u0131lar yap\u0131l\u0131yor.<\/strong> Uzmanlar, ergen k\u0131zlar\u0131n d\u00fcnya n\u00fcfusunun y\u00fczde dokuzunu olu\u015fturmas\u0131na ra\u011fmen, k\u00fcresel yard\u0131mlar\u0131n y\u00fczde birinden daha az\u0131n\u0131n onlar\u0131 desteklemeye ayr\u0131ld\u0131\u011f\u0131n\u0131 belirtiyor. Bu durum, gelece\u011fin mimar\u0131 olacak bu gen\u00e7 neslin kar\u015f\u0131la\u015ft\u0131\u011f\u0131 zorluklar\u0131n ciddiyetini g\u00f6zler \u00f6n\u00fcne seriyor.<\/p>\n<p>Okyanusya-Pasifik b\u00f6lgesinde ilk kez d\u00fczenlenen k\u00fcresel cinsiyet e\u015fitli\u011fi konferans\u0131 &#8220;Women Deliver&#8221;, bu hafta Narrm&#8217;da (Melbourne) devam ediyor. Konferans\u0131n a\u00e7\u0131l\u0131\u015f t\u00f6reninde \u00f6nemli bir konu\u015fmac\u0131 olan Avustralya&#8217;n\u0131n ilk kad\u0131n eski ba\u015fbakan\u0131 Julia Gillard, kad\u0131n haklar\u0131ndaki gerilemeye dikkat \u00e7ekti. Gillard, bu gerilemenin gizlice yap\u0131lmad\u0131\u011f\u0131n\u0131, aksine \u00f6nemli k\u00fcresel siyasi liderler taraf\u0131ndan a\u00e7\u0131k\u00e7a ilan edildi\u011fini vurgulad\u0131. Gillard, cinsiyet e\u015fitli\u011fi aktivistlerini ayn\u0131 kararl\u0131l\u0131kla m\u00fccadele etmeye \u00e7a\u011f\u0131r\u0131rken, endi\u015fe duyulan alanlardan birinin de ergen k\u0131z \u00e7ocuklar\u0131n\u0131n refah\u0131 oldu\u011funu belirtti.<\/p>\n<h2>\n<p><strong>Sava\u015f B\u00f6lgelerindeki K\u0131z \u00c7ocuklar\u0131n\u0131n Durumu: Bir \u0130nsanl\u0131k Dram\u0131<\/strong><\/p>\n<\/h2>\n<p>Plan International Avustralya CEO&#8217;su Susanne Legena, sava\u015f\u0131n etkilerini kad\u0131nlar\u0131n nas\u0131l omuzlad\u0131\u011f\u0131n\u0131 anlat\u0131rken \u00e7arp\u0131c\u0131 ger\u00e7ekleri dile getirdi: &#8220;\u015eu anda gezegende iki milyar insan \u00e7at\u0131\u015fma b\u00f6lgelerinde ya\u015f\u0131yor. \u0130kinci D\u00fcnya Sava\u015f\u0131&#8217;ndan bu yana hi\u00e7 bu kadar \u00e7ok insan \u00e7at\u0131\u015fma i\u00e7inde olmam\u0131\u015ft\u0131. Ve bu \u00e7at\u0131\u015fmalar kad\u0131nlar\u0131 ve k\u0131z \u00e7ocuklar\u0131n\u0131 orant\u0131s\u0131z bir \u015fekilde etkiliyor. Bedenleri kelimenin tam anlam\u0131yla tehlikede; ya \u00f6l\u00fcmle, ya zararla ya da sava\u015f takti\u011fi olarak cinsel \u015fiddetin bir sava\u015f takti\u011fi olarak kullan\u0131lmas\u0131yla kar\u015f\u0131 kar\u015f\u0131yalar.&#8221; Bu ifadeler, sava\u015f\u0131n en masum kurbanlar\u0131 olan kad\u0131n ve k\u0131z \u00e7ocuklar\u0131n\u0131n ya\u015fad\u0131\u011f\u0131 derin trajediyi \u00f6zetliyor.<\/p>\n<p>Legena, Orta Do\u011fu&#8217;daki sava\u015f\u0131n ve Asya genelindeki yak\u0131t k\u0131tl\u0131\u011f\u0131n\u0131n Asya-Pasifik&#8217;teki k\u0131z \u00e7ocuklar\u0131 \u00fczerinde g\u0131da g\u00fcvensizli\u011fi ve ekonomik istikrars\u0131zl\u0131k gibi b\u00fcy\u00fck yank\u0131 uyand\u0131ran etkileri oldu\u011funu belirtiyor. &#8220;Aileler ge\u00e7im s\u0131k\u0131nt\u0131s\u0131 ya\u015famaya ba\u015flad\u0131k\u00e7a, k\u0131z \u00e7ocuklar\u0131n\u0131 okuldan almaya ba\u015fl\u0131yor, zor zamanlarda ailelerini desteklemenin bir yolu olarak \u00e7ocuk evlili\u011fini d\u00fc\u015f\u00fcn\u00fcyorlar. Bu etkiyi ergen k\u0131z \u00e7ocuklar\u0131 \u00fczerinde hissetmeye ba\u015fl\u0131yoruz ve bunu k\u00fc\u00e7\u00fck ama \u00e7ok \u00f6nemli \u015fekillerde g\u00f6rmeye ba\u015fl\u0131yorsunuz; daha y\u00fcksek okul terk oranlar\u0131, erken evlenme bask\u0131s\u0131, cinsiyete dayal\u0131 \u015fiddet raporlamalar\u0131nda art\u0131\u015f.&#8221; Bu s\u00f6zler, krizlerin gen\u00e7 k\u0131zlar\u0131n hayatlar\u0131n\u0131 nas\u0131l derinden etkiledi\u011fini a\u00e7\u0131k\u00e7a ortaya koyuyor.<\/p>\n<p>B\u00f6lgedeki savunmas\u0131z topluluklarla 50 y\u0131l\u0131 a\u015fk\u0131n s\u00fcredir yak\u0131n bir \u015fekilde \u00e7al\u0131\u015fan Legena, ergen k\u0131z \u00e7ocuklar\u0131n\u0131n yard\u0131m ve hay\u0131rseverlik faaliyetlerinde b\u00fcy\u00fck \u00f6l\u00e7\u00fcde g\u00f6r\u00fcnmez kald\u0131\u011f\u0131n\u0131 ifade ediyor. &#8220;D\u00fcnyadaki yard\u0131mlar\u0131n veya hay\u0131rseverlik paralar\u0131n\u0131n y\u00fczde birinden daha az\u0131 gen\u00e7 k\u0131zlara veya ergen k\u0131zlara ak\u0131yor; oysa onlar n\u00fcfusun y\u00fczde dokuzunu olu\u015fturuyorlar ve d\u00fcnyan\u0131n liderlik edecek yar\u0131s\u0131n\u0131 olu\u015fturacaklar. 50 y\u0131ll\u0131k kan\u0131tlardan biliyoruz ki, bir k\u0131za yat\u0131r\u0131m yapt\u0131\u011f\u0131n\u0131zda sadece onun hayat\u0131n\u0131 de\u011fi\u015ftirmezsiniz; onu okulda tutabilirseniz, ne zaman ve kiminle evlenece\u011fine kendisinin karar vermesine izin verebilirseniz, onu zarardan koruyabilirseniz, sadece kendini de\u011fil, ailesini, toplulu\u011funu ve t\u00fcm toplumunu da yukar\u0131ya \u00e7eker.&#8221; Bu g\u00fc\u00e7l\u00fc mesaj, k\u0131z \u00e7ocuklar\u0131na yap\u0131lan yat\u0131r\u0131m\u0131n toplumsal kalk\u0131nma i\u00e7in ne kadar kritik oldu\u011funu vurguluyor.<\/p>\n<p>K\u00fcresel \u00e7apta her be\u015f k\u0131z \u00e7ocu\u011fundan biri hala 18 ya\u015f\u0131ndan \u00f6nce evleniyor; bu da her \u00fc\u00e7 saniyede bir k\u0131z \u00e7ocu\u011funun evlendi\u011fi anlam\u0131na geliyor. Cinsiyete odakl\u0131 fonlar hala b\u00fcy\u00fck \u00f6l\u00e7\u00fcde yeti\u015fkin kad\u0131nlara \u00f6ncelik verirken, ergen k\u0131z \u00e7ocuklar\u0131n\u0131n en kritik geli\u015fim y\u0131llar\u0131ndaki kendine \u00f6zg\u00fc ve hayati ihtiya\u00e7lar\u0131 kar\u015f\u0131lanmadan kal\u0131yor. Bu durum, gen\u00e7 k\u0131zlar\u0131n potansiyellerini ger\u00e7ekle\u015ftirmelerinin \u00f6n\u00fcndeki en b\u00fcy\u00fck engellerden biri olarak duruyor.<\/p>\n<p>Bayan Legena, ergen k\u0131z \u00e7ocuklar\u0131na yat\u0131r\u0131m yapman\u0131n d\u00f6n\u00fc\u015ft\u00fcr\u00fcc\u00fc bir g\u00fcc\u00fc oldu\u011funa inan\u0131yor ve onlar\u0131 g\u00fc\u00e7l\u00fc de\u011fi\u015fim akt\u00f6rleri olarak tan\u0131ml\u0131yor. Plan International, Avustralya h\u00fck\u00fcmetini ve b\u00fcy\u00fck ba\u011f\u0131\u015f\u00e7\u0131lar\u0131 harekete ge\u00e7meye ve yakla\u015f\u0131k 50 milyon dolar tutar\u0131nda fon ve destek sa\u011flamaya \u00e7a\u011f\u0131r\u0131yor. Bu yat\u0131r\u0131m\u0131n, sadece k\u0131z \u00e7ocuklar\u0131n\u0131n de\u011fil, t\u00fcm toplumlar\u0131n gelece\u011fini ayd\u0131nlataca\u011f\u0131 belirtiliyor.<\/p>\n<p>Legena, Asya-Pasifik b\u00f6lgesinde 240 milyon ergen k\u0131z \u00e7ocu\u011fu ya\u015fad\u0131\u011f\u0131n\u0131 belirterek, Avustralya h\u00fck\u00fcmetini ve di\u011fer hay\u0131rseverleri bu grubu sadece savunmas\u0131z bir grup olarak de\u011fil, yat\u0131r\u0131m yap\u0131ld\u0131\u011f\u0131nda b\u00f6lgemizdeki t\u00fcm topluluklar\u0131 de\u011fi\u015ftirebilecek ve y\u00fckseltebilecek g\u00fcce sahip bir grup olarak g\u00f6rmeye \u00e7a\u011f\u0131r\u0131yor. Bu, sadece bir yard\u0131m \u00e7a\u011fr\u0131s\u0131 de\u011fil, ayn\u0131 zamanda gelece\u011fe yap\u0131lan stratejik bir yat\u0131r\u0131m davetidir.<\/p>\n<p>Plan International Avustralya&#8217;n\u0131n B\u00fcy\u00fckel\u00e7isi Angelica Ojinnaka-Psillakis, ayn\u0131 zamanda k\u00fcresel sa\u011fl\u0131k ve sosyal ara\u015ft\u0131rmac\u0131, toplum savunucusu, konu\u015fmac\u0131 ve gen\u00e7lik aktivisti olarak biliniyor. Avustralya do\u011fumlu olan Ojinnaka-Psillakis, \u00fclkesinde b\u00fcy\u00fcd\u00fc ve gen\u00e7lerin sesi olmaya devam ediyor.<\/p>\n<p>SBS&#8217;e konu\u015fan Ojinnaka-Psillakis, d\u00fc\u015f\u00fck sosyo-ekonomik olarak kabul edilen bir b\u00f6lgede ya\u015farken, kendi \u00e7evresindeki ergenlerin hayalleri ve yetenekleri olmas\u0131na ra\u011fmen ilerlemek i\u00e7in gerekli finansmandan yoksun olduklar\u0131n\u0131 g\u00f6rd\u00fc\u011f\u00fcn\u00fc belirtti. &#8220;K\u00fcresel sa\u011fl\u0131k ve ergen sa\u011fl\u0131\u011f\u0131 alan\u0131nda bir ara\u015ft\u0131rmac\u0131 olarak, \u00e7ocuklar\u0131n ve ergenlerin sa\u011fl\u0131k ve refah durumunun s\u00fcrekli k\u00f6t\u00fcle\u015fti\u011fini g\u00f6r\u00fcyoruz. Ancak her \u015feyin karanl\u0131k olmas\u0131n\u0131 istemiyorum; burada bunu etkili bir \u015fekilde paketlemek, daha b\u00fcy\u00fck bir finansal yat\u0131r\u0131mla bir araya gelmek ve gelece\u011fi ergenlerin de tasarlad\u0131\u011f\u0131 bir \u015fekilde, hay\u0131rseverlik ve yard\u0131mla ilerlemek i\u00e7in b\u00fcy\u00fck bir f\u0131rsat var.&#8221; Bu s\u00f6zler, umutsuzluk yerine \u00e7\u00f6z\u00fcm odakl\u0131 bir yakla\u015f\u0131m\u0131n \u00f6nemini vurguluyor.<\/p>\n<p>Ojinnaka-Psillakis&#8217;in ara\u015ft\u0131rmas\u0131, Avustralya genelindeki \u00e7ocuklar\u0131n, ergenlerin ve gen\u00e7lerin refah\u0131n\u0131 inceliyor ve bu konudaki ilerlemeyi y\u0131ll\u0131k olarak takip ediyor. Hikayelerde \u00e7ok fazla veri bo\u015flu\u011fu oldu\u011funu belirten Ojinnaka-Psillakis, yap\u0131lacak yat\u0131r\u0131m\u0131n toplumda b\u00fct\u00fcnsel ve uzun vadeli bir etki yarataca\u011f\u0131n\u0131 ifade ediyor. Bu, sadece bug\u00fcn\u00fc de\u011fil, yar\u0131nlar\u0131 da \u015fekillendirecek bir vizyonun par\u00e7as\u0131d\u0131r.<\/p>\n<p>Ojinnaka-Psillakis, kendisinin ve akranlar\u0131n\u0131n eri\u015febilmeyi diledi\u011fi \u015feyleri d\u00fc\u015f\u00fcnd\u00fc\u011f\u00fcn\u00fc s\u00f6yl\u00fcyor. &#8220;Women Deliver&#8217;da bulunup, burada olan 14 ya\u015f\u0131ndaki ergen k\u0131z \u00e7ocuklar\u0131yla konu\u015furken, sahip olmak istedikleri hayatlar\u0131 anlat\u0131yorlar. Ama kar\u015f\u0131la\u015ft\u0131klar\u0131 engelleri de&#8230; Biliyorum ki, bu alanlara tam gaz yat\u0131r\u0131m yaparsak, Women Deliver&#8217;da ortaya koyacaklar\u0131 eylemlerin tam olarak hayata ge\u00e7ti\u011fini g\u00f6rebilecekler ve bence bu herkes i\u00e7in g\u00fczel bir \u015fey. Bu, ya\u015famak istedi\u011fim bir d\u00fcnya; ergen k\u0131z \u00e7ocuklar\u0131n\u0131n ergen erkek \u00e7ocuklar\u0131yla, ebeveynler ve ailelerle ve daha geni\u015f topluluklarla birlikte geli\u015fti\u011fini g\u00f6rebilece\u011fim bir d\u00fcnya. Dolay\u0131s\u0131yla burada b\u00fcy\u00fck bir f\u0131rsat var.&#8221; Bu kapan\u0131\u015f, umut dolu bir gelece\u011fe dair g\u00fc\u00e7l\u00fc bir \u00e7a\u011fr\u0131 niteli\u011finde.<\/p>\n<p>#ErgenK\u0131zlar #Kad\u0131nHaklar\u0131 #CinsiyetE\u015fitli\u011fi #Sava\u015f\u0131nEtkileri #Yard\u0131mKampanyas\u0131 #AvustralyaYat\u0131r\u0131m #AsyaPasifik #\u00c7ocukEvlilikleri #E\u011fitimeDestek #ToplumsalKalk\u0131nma<\/p>\n","protected":false},"excerpt":{"rendered":"<p>Orta Do\u011fu&#8217;daki sava\u015f\u0131n Asya-Pasifik genelindeki savunmas\u0131z topluluklar\u0131 etkilemeye devam etmesiyle birlikte, Avustralya federal h\u00fck\u00fcmetine ergen k\u0131z \u00e7ocuklar\u0131n\u0131n refah\u0131 i\u00e7in yat\u0131r\u0131m yapmas\u0131 y\u00f6n\u00fcnde g\u00fc\u00e7l\u00fc \u00e7a\u011fr\u0131lar yap\u0131l\u0131yor. Uzmanlar, ergen k\u0131zlar\u0131n d\u00fcnya n\u00fcfusunun y\u00fczde dokuzunu olu\u015fturmas\u0131na ra\u011fmen, k\u00fcresel yard\u0131mlar\u0131n y\u00fczde birinden daha az\u0131n\u0131n onlar\u0131 desteklemeye ayr\u0131ld\u0131\u011f\u0131n\u0131 belirtiyor. Bu durum, gelece\u011fin mimar\u0131 olacak bu gen\u00e7 neslin kar\u015f\u0131la\u015ft\u0131\u011f\u0131 zorluklar\u0131n ciddiyetini [&hellip;]<\/p>\n","protected":false},"author":2,"featured_media":0,"comment_status":"open","ping_status":"open","sticky":false,"template":"","format":"standard","meta":{"footnotes":""},"categories":[37],"tags":[],"class_list":["post-11953","post","type-post","status-publish","format-standard","hentry","category-orta-dogu-haberleri"],"_links":{"self":[{"href":"https:\/\/fajr.news\/index.php?rest_route=\/wp\/v2\/posts\/11953","targetHints":{"allow":["GET"]}}],"collection":[{"href":"https:\/\/fajr.news\/index.php?rest_route=\/wp\/v2\/posts"}],"about":[{"href":"https:\/\/fajr.news\/index.php?rest_route=\/wp\/v2\/types\/post"}],"author":[{"embeddable":true,"href":"https:\/\/fajr.news\/index.php?rest_route=\/wp\/v2\/users\/2"}],"replies":[{"embeddable":true,"href":"https:\/\/fajr.news\/index.php?rest_route=%2Fwp%2Fv2%2Fcomments&post=11953"}],"version-history":[{"count":0,"href":"https:\/\/fajr.news\/index.php?rest_route=\/wp\/v2\/posts\/11953\/revisions"}],"wp:attachment":[{"href":"https:\/\/fajr.news\/index.php?rest_route=%2Fwp%2Fv2%2Fmedia&parent=11953"}],"wp:term":[{"taxonomy":"category","embeddable":true,"href":"https:\/\/fajr.news\/index.php?rest_route=%2Fwp%2Fv2%2Fcategories&post=11953"},{"taxonomy":"post_tag","embeddable":true,"href":"https:\/\/fajr.news\/index.php?rest_route=%2Fwp%2Fv2%2Ftags&post=11953"}],"curies":[{"name":"wp","href":"https:\/\/api.w.org\/{rel}","templated":true}]}}