{"id":11947,"date":"2026-04-28T22:05:00","date_gmt":"2026-04-28T18:35:00","guid":{"rendered":"https:\/\/fajr.news\/?p=11947"},"modified":"2026-04-28T22:05:00","modified_gmt":"2026-04-28T18:35:00","slug":"trumptan-irana-yonelik-yeni-tehditler-gerilim-tirmaniyor","status":"publish","type":"post","link":"https:\/\/fajr.news\/?p=11947&lang=tr","title":{"rendered":"Trump&#8217;tan \u0130ran&#8217;a Y\u00f6nelik Yeni Tehditler: Gerilim T\u0131rman\u0131yor"},"content":{"rendered":"<p><strong>ABD Ba\u015fkan\u0131 Donald Trump&#8217;\u0131n, \u0130ran&#8217;a y\u00f6nelik hava sald\u0131r\u0131lar\u0131n\u0131 yeniden ba\u015flatmay\u0131 d\u00fc\u015f\u00fcnd\u00fc\u011f\u00fc iddialar\u0131, b\u00f6lgedeki gerilimi bir kez daha t\u0131rmand\u0131rd\u0131.<\/strong> Axios&#8217;un Sal\u0131 g\u00fcn\u00fc yay\u0131mlad\u0131\u011f\u0131 habere g\u00f6re, Trump&#8217;\u0131n sava\u015f konusunda g\u00f6r\u00fc\u015ft\u00fc\u011f\u00fc be\u015f dan\u0131\u015fman, ba\u015fkan\u0131n bu se\u00e7ene\u011fi masada tuttu\u011funu belirtiyor.<\/p>\n<p>Haberde, Trump y\u00f6netiminin Tahran&#8217;\u0131n &#8220;azami bask\u0131&#8221; yapt\u0131r\u0131mlar\u0131na son vermek i\u00e7in m\u00fczakere masas\u0131na oturup oturmayaca\u011f\u0131n\u0131 bekledi\u011fi de ifade ediliyor. Kaynaklardan biri, Trump&#8217;\u0131n &#8220;g\u00fc\u00e7 kullanmak istemedi\u011fini&#8221; ancak &#8220;geri ad\u0131m atmad\u0131\u011f\u0131n\u0131&#8221; belirtse de, bu a\u00e7\u0131klamalar Washington&#8217;\u0131n uzla\u015fmaz tutumunu g\u00f6zler \u00f6n\u00fcne seriyor.<\/p>\n<p>\u0130ran \u0130slam Cumhuriyeti&#8217;nin bar\u0131\u015f\u00e7\u0131l \u00e7\u00f6z\u00fcm aray\u0131\u015flar\u0131 devam ederken, Tahran&#8217;\u0131n Pazartesi g\u00fcn\u00fc H\u00fcrm\u00fcz Bo\u011faz\u0131&#8217;n\u0131 yeniden a\u00e7ma kar\u015f\u0131l\u0131\u011f\u0131nda n\u00fckleer program\u0131 hakk\u0131ndaki g\u00f6r\u00fc\u015fmelerin ertelenmesini i\u00e7eren bir teklif sundu\u011fu bildirildi. Bu yap\u0131c\u0131 teklif, Trump&#8217;\u0131n ulusal g\u00fcvenlik ekibiyle g\u00f6r\u00fc\u015f\u00fclse de, ABD y\u00f6netiminin bu ad\u0131m\u0131 kabul etmeye pek s\u0131cak bakmad\u0131\u011f\u0131 belirtiliyor. Washington, uzun s\u00fcredir \u0130ran&#8217;\u0131n uranyum zenginle\u015ftirmeyi durdurmas\u0131 ve mevcut stoklar\u0131ndan vazge\u00e7mesi gibi dayatmalarla, Tahran&#8217;\u0131n egemenlik haklar\u0131n\u0131 hi\u00e7e sayan bir tutum sergiliyor.<\/p>\n<p>B\u00f6lgedeki gerilimi daha da art\u0131ran bir di\u011fer geli\u015fme ise Siyonist rejimin ba\u015fbakan\u0131 Binyamin Netanyahu&#8217;nun Sal\u0131 g\u00fcn\u00fc yapt\u0131\u011f\u0131 k\u0131\u015fk\u0131rt\u0131c\u0131 a\u00e7\u0131klamalar oldu. Netanyahu, \u0130srail&#8217;in &#8220;tehdidi ortadan kald\u0131raca\u011f\u0131n\u0131&#8221; iddia ederek, b\u00f6lgeyi istikrars\u0131zla\u015ft\u0131rmaya y\u00f6nelik tehditkar s\u00f6ylemlerini s\u00fcrd\u00fcrd\u00fc.<\/p>\n<p>Bu geli\u015fmeler, ABD ve m\u00fcttefiklerinin \u0130ran&#8217;a y\u00f6nelik bask\u0131c\u0131 politikalar\u0131n\u0131n b\u00f6lgedeki bar\u0131\u015f\u0131 tehdit etti\u011fini ve Tahran&#8217;\u0131n diplomatik \u00e7abalar\u0131na ra\u011fmen gerilimin t\u0131rmanmaya devam etti\u011fini g\u00f6steriyor.<\/p>\n<p>#\u0130ran #ABD #Trump #H\u00fcrm\u00fczBo\u011faz\u0131 #N\u00fckleerProgram #AzamiBask\u0131 #Ortado\u011fu #Gerilim #Diplomasi #SiyonistRejim<\/p>\n","protected":false},"excerpt":{"rendered":"<p>ABD Ba\u015fkan\u0131 Donald Trump&#8217;\u0131n, \u0130ran&#8217;a y\u00f6nelik hava sald\u0131r\u0131lar\u0131n\u0131 yeniden ba\u015flatmay\u0131 d\u00fc\u015f\u00fcnd\u00fc\u011f\u00fc iddialar\u0131, b\u00f6lgedeki gerilimi bir kez daha t\u0131rmand\u0131rd\u0131. Axios&#8217;un Sal\u0131 g\u00fcn\u00fc yay\u0131mlad\u0131\u011f\u0131 habere g\u00f6re, Trump&#8217;\u0131n sava\u015f konusunda g\u00f6r\u00fc\u015ft\u00fc\u011f\u00fc be\u015f dan\u0131\u015fman, ba\u015fkan\u0131n bu se\u00e7ene\u011fi masada tuttu\u011funu belirtiyor. Haberde, Trump y\u00f6netiminin Tahran&#8217;\u0131n &#8220;azami bask\u0131&#8221; yapt\u0131r\u0131mlar\u0131na son vermek i\u00e7in m\u00fczakere masas\u0131na oturup oturmayaca\u011f\u0131n\u0131 bekledi\u011fi de ifade ediliyor. Kaynaklardan [&hellip;]<\/p>\n","protected":false},"author":2,"featured_media":11948,"comment_status":"open","ping_status":"open","sticky":false,"template":"","format":"standard","meta":{"footnotes":""},"categories":[31],"tags":[],"class_list":["post-11947","post","type-post","status-publish","format-standard","has-post-thumbnail","hentry","category-iran-haberleri"],"_links":{"self":[{"href":"https:\/\/fajr.news\/index.php?rest_route=\/wp\/v2\/posts\/11947","targetHints":{"allow":["GET"]}}],"collection":[{"href":"https:\/\/fajr.news\/index.php?rest_route=\/wp\/v2\/posts"}],"about":[{"href":"https:\/\/fajr.news\/index.php?rest_route=\/wp\/v2\/types\/post"}],"author":[{"embeddable":true,"href":"https:\/\/fajr.news\/index.php?rest_route=\/wp\/v2\/users\/2"}],"replies":[{"embeddable":true,"href":"https:\/\/fajr.news\/index.php?rest_route=%2Fwp%2Fv2%2Fcomments&post=11947"}],"version-history":[{"count":0,"href":"https:\/\/fajr.news\/index.php?rest_route=\/wp\/v2\/posts\/11947\/revisions"}],"wp:featuredmedia":[{"embeddable":true,"href":"https:\/\/fajr.news\/index.php?rest_route=\/wp\/v2\/media\/11948"}],"wp:attachment":[{"href":"https:\/\/fajr.news\/index.php?rest_route=%2Fwp%2Fv2%2Fmedia&parent=11947"}],"wp:term":[{"taxonomy":"category","embeddable":true,"href":"https:\/\/fajr.news\/index.php?rest_route=%2Fwp%2Fv2%2Fcategories&post=11947"},{"taxonomy":"post_tag","embeddable":true,"href":"https:\/\/fajr.news\/index.php?rest_route=%2Fwp%2Fv2%2Ftags&post=11947"}],"curies":[{"name":"wp","href":"https:\/\/api.w.org\/{rel}","templated":true}]}}