{"id":11895,"date":"2026-04-28T20:19:02","date_gmt":"2026-04-28T16:49:02","guid":{"rendered":"https:\/\/fajr.news\/?p=11895"},"modified":"2026-04-28T20:19:02","modified_gmt":"2026-04-28T16:49:02","slug":"ortadogu-seyahat-sektoru-yukselisteydi-bolgesel-catismalarin-golgesinde-yeni-veriler","status":"publish","type":"post","link":"https:\/\/fajr.news\/?p=11895&lang=tr","title":{"rendered":"Ortado\u011fu Seyahat Sekt\u00f6r\u00fc Y\u00fckseli\u015fteydi: B\u00f6lgesel \u00c7at\u0131\u015fmalar\u0131n G\u00f6lgesinde Yeni Veriler"},"content":{"rendered":"<h1>Ortado\u011fu Seyahat Sekt\u00f6r\u00fc Y\u00fckseli\u015fteydi: B\u00f6lgesel \u00c7at\u0131\u015fmalar\u0131n G\u00f6lgesinde Yeni Veriler<\/h1>\n<p>D\u00fcnya Seyahat ve Turizm Konseyi (WTTC) verilerine g\u00f6re, Ortado\u011fu b\u00f6lgesinin seyahat ve turizm sekt\u00f6r\u00fc 2025 y\u0131l\u0131nda <strong>y\u00fczde 5,3&#8217;l\u00fck g\u00fc\u00e7l\u00fc bir b\u00fcy\u00fcme<\/strong> kaydetti. Bu oran, k\u00fcresel ortalama olan y\u00fczde 4,1&#8217;in olduk\u00e7a \u00fczerinde bir performans sergiledi. Uluslararas\u0131 ziyaret\u00e7i harcamalar\u0131 da y\u0131ll\u0131k bazda y\u00fczde 5,2 art\u0131\u015f g\u00f6stererek, g\u00fc\u00e7l\u00fc ba\u011flant\u0131 a\u011flar\u0131 ve hem e\u011flence hem de i\u015f ama\u00e7l\u0131 seyahat talebindeki art\u0131\u015fla desteklendi.<\/p>\n<h2>B\u00f6lgesel B\u00fcy\u00fcme ve Suudi Arabistan&#8217;\u0131n Liderli\u011fi<\/h2>\n<p>Birle\u015fik Arap Emirlikleri ve Katar&#8217;daki yo\u011fun rekabete ra\u011fmen, veriler Suudi Arabistan&#8217;\u0131n bu b\u00fcy\u00fcmede \u00f6nc\u00fc rol oynad\u0131\u011f\u0131n\u0131 ortaya koydu. Krall\u0131\u011f\u0131n seyahat ve turizm GSY\u0130H&#8217;si <strong>y\u00fczde 7,4 gibi dikkat \u00e7ekici bir oranla<\/strong> y\u00fckseldi; bu, k\u00fcresel b\u00fcy\u00fcme oran\u0131n\u0131n neredeyse iki kat\u0131yd\u0131. Uluslararas\u0131 ziyaret\u00e7i harcamalar\u0131 ise y\u00fczde 8,2 artt\u0131. Suudi Arabistan, kendisini k\u00fcresel bir etkinlik ve yat\u0131r\u0131m merkezi olarak konumland\u0131rmaya devam ederken, i\u015f ama\u00e7l\u0131 seyahat harcamalar\u0131nda <strong>y\u00fczde 55&#8217;in \u00fczerinde bir art\u0131\u015f<\/strong> ya\u015fand\u0131.<\/p>\n<p>Birle\u015fik Arap Emirlikleri (BAE), \u00dcrd\u00fcn ve Umman da sa\u011fl\u0131kl\u0131 kazan\u00e7lar elde ederek, b\u00f6lgedeki <strong>istikrarl\u0131 b\u00fcy\u00fcme ivmesini<\/strong> \u00e7at\u0131\u015fma \u00f6ncesinde peki\u015ftirdi.<\/p>\n<h2>\u00c7at\u0131\u015fman\u0131n G\u00f6lgesinde Seyahat Sekt\u00f6r\u00fc<\/h2>\n<p>Ancak, b\u00f6lgede patlak veren \u00e7at\u0131\u015fmalar\u0131n ard\u0131ndan bu olumlu gidi\u015fat keskin bir \u015fekilde de\u011fi\u015fti. Karryon taraf\u0131ndan bildirildi\u011fi \u00fczere, Avustralya, Asya ve K\u00f6rfez&#8217;deki havayollar\u0131, artan yak\u0131t maliyetleri, g\u00fcvenlik endi\u015feleri ve de\u011fi\u015fen yolcu davran\u0131\u015flar\u0131 nedeniyle u\u00e7u\u015flar\u0131n\u0131 azaltt\u0131, rotalar\u0131n\u0131 de\u011fi\u015ftirdi ve programlar\u0131n\u0131 ayarlad\u0131. Seyahat dan\u0131\u015fmanlar\u0131 da m\u00fc\u015fterilerinin Ortado\u011fu aktarma merkezlerinden aktif olarak ka\u00e7\u0131nd\u0131\u011f\u0131n\u0131, m\u00fcmk\u00fcn oldu\u011funca Asya \u00fczerinden alternatif rotalar tercih etti\u011fini g\u00f6zlemledi.<\/p>\n<p>Bu de\u011fi\u015fiklikler, \u00f6zellikle Avrupa&#8217;ya seyahat eden Avustralyal\u0131lar i\u00e7in seyahat planlar\u0131na karma\u015f\u0131kl\u0131k katt\u0131 ve d\u00fcnyan\u0131n en i\u015flek havac\u0131l\u0131k koridorlar\u0131ndan baz\u0131lar\u0131n\u0131 aksatt\u0131.<\/p>\n<h2>Uzun Vadeli Potansiyel ve B\u00f6lgesel Diren\u00e7<\/h2>\n<p>T\u00fcm bu zorluklara ra\u011fmen, WTTC, b\u00f6lgenin uzun vadede iyi konumlanm\u0131\u015f oldu\u011funa inan\u0131yor. Kurum, istikrar geri d\u00f6nd\u00fc\u011f\u00fcnde devam eden altyap\u0131 yat\u0131r\u0131mlar\u0131n\u0131, i\u015f ama\u00e7l\u0131 seyahat talebini ve k\u00fcresel ba\u011flant\u0131y\u0131 <strong>anahtar g\u00fc\u00e7ler<\/strong> olarak g\u00f6steriyor.<\/p>\n<p>WTTC Ba\u015fkan\u0131 ve CEO&#8217;su Gloria Guevara, &#8220;Ortado\u011fu, 2025 y\u0131l\u0131nda g\u00fc\u00e7l\u00fc seyahat ve turizm b\u00fcy\u00fcmesini s\u00fcrd\u00fcrd\u00fc. Suudi Arabistan, bu ba\u015far\u0131n\u0131n itici g\u00fcc\u00fc olarak merkezi bir rol oynad\u0131 ve k\u00fcresel ortalaman\u0131n neredeyse iki kat\u0131 b\u00fcy\u00fcme ile b\u00f6lgede lider konumuna y\u00fckseldi&#8221; dedi. Guevara, &#8220;Ortado\u011fu&#8217;nun 2025 performans\u0131, seyahat ve turizmin g\u00fcc\u00fcn\u00fc ve uzun vadeli potansiyelini vurgulad\u0131; sekt\u00f6r, ekonomik b\u00fcy\u00fcmenin, istihdam yaratman\u0131n ve uluslararas\u0131 ba\u011flant\u0131n\u0131n temel itici g\u00fcc\u00fc olmaya devam ediyor&#8221; ifadelerini kulland\u0131.<\/p>\n<p>Avustralya D\u0131\u015fi\u015fleri ve Ticaret Bakanl\u0131\u011f\u0131 (DFAT), Suudi Arabistan, \u00dcrd\u00fcn ve Umman hari\u00e7 Ortado\u011fu b\u00f6lgesine seyahat edilmemesi y\u00f6n\u00fcnde (d\u00f6rd\u00fcnc\u00fc seviye uyar\u0131) tavsiyede bulunmaya devam ediyor. Bu \u00fc\u00e7 \u00fclke i\u00e7in ise Avustralyal\u0131lar\u0131n &#8216;seyahat etme ihtiyac\u0131n\u0131z\u0131 yeniden g\u00f6zden ge\u00e7irmeleri&#8217; (\u00fc\u00e7\u00fcnc\u00fc seviye) tavsiye ediliyor.<\/p>\n<p>Karryon&#8217;a \u00f6zel bu haberde, The Runway Traveller&#8217;dan Vanessa Tokatly (Karryon Seyahat Dan\u0131\u015fman\u0131 Y\u00f6netim Kurulu \u00dcyesi), aksakl\u0131klar\u0131n hala ger\u00e7ek oldu\u011fu Ortado\u011fu&#8217;da \u015fu anda seyahat etmenin nas\u0131l bir deneyim oldu\u011funu detayland\u0131r\u0131yor; ancak sahadaki deneyimler seyahat dan\u0131\u015fmanlar\u0131 i\u00e7in <strong>daha n\u00fcansl\u0131 bir tablo<\/strong> ortaya koyuyor.<\/p>\n<p><strong>KARRYON ANAL\u0130Z\u0130:<\/strong> Veriler, bu pazar\u0131n do\u011fal bir yava\u015flama i\u00e7inde olmad\u0131\u011f\u0131n\u0131, aksine <strong>jeopolitik bir duvara \u00e7arpt\u0131\u011f\u0131n\u0131<\/strong> g\u00f6steriyor. \u015eimdi as\u0131l ilgin\u00e7 olan, b\u00f6lgenin havac\u0131l\u0131k hedeflerinin h\u0131zlanmay\u0131 umdu\u011fu kadar h\u0131zl\u0131 bir \u015fekilde yolcu g\u00fcveninin geri d\u00f6n\u00fcp d\u00f6nmeyece\u011fi. Sekt\u00f6r i\u00e7in ise m\u00fc\u015fteriler rotalar\u0131n\u0131 de\u011fi\u015ftirirken, yeniden d\u00fc\u015f\u00fcn\u00fcrken ve hala seyahat etmenin yollar\u0131n\u0131 bulurken <strong>\u00e7evik kalmak<\/strong> \u00f6nem ta\u015f\u0131yor.<\/p>\n<p>#Ortado\u011fuSeyahat #TurizmSekt\u00f6r\u00fc #SuudiArabistanTurizm #B\u00f6lgeselB\u00fcy\u00fcme #SeyahatG\u00fcncellemeleri #WTTC #Havac\u0131l\u0131k #JeopolitikEtki #Ortado\u011fuEkonomi #SeyahatDan\u0131\u015fman\u0131<\/p>\n","protected":false},"excerpt":{"rendered":"<p>Ortado\u011fu Seyahat Sekt\u00f6r\u00fc Y\u00fckseli\u015fteydi: B\u00f6lgesel \u00c7at\u0131\u015fmalar\u0131n G\u00f6lgesinde Yeni Veriler D\u00fcnya Seyahat ve Turizm Konseyi (WTTC) verilerine g\u00f6re, Ortado\u011fu b\u00f6lgesinin seyahat ve turizm sekt\u00f6r\u00fc 2025 y\u0131l\u0131nda y\u00fczde 5,3&#8217;l\u00fck g\u00fc\u00e7l\u00fc bir b\u00fcy\u00fcme kaydetti. Bu oran, k\u00fcresel ortalama olan y\u00fczde 4,1&#8217;in olduk\u00e7a \u00fczerinde bir performans sergiledi. Uluslararas\u0131 ziyaret\u00e7i harcamalar\u0131 da y\u0131ll\u0131k bazda y\u00fczde 5,2 art\u0131\u015f g\u00f6stererek, g\u00fc\u00e7l\u00fc ba\u011flant\u0131 [&hellip;]<\/p>\n","protected":false},"author":2,"featured_media":11896,"comment_status":"open","ping_status":"open","sticky":false,"template":"","format":"standard","meta":{"footnotes":""},"categories":[37],"tags":[],"class_list":["post-11895","post","type-post","status-publish","format-standard","has-post-thumbnail","hentry","category-orta-dogu-haberleri"],"_links":{"self":[{"href":"https:\/\/fajr.news\/index.php?rest_route=\/wp\/v2\/posts\/11895","targetHints":{"allow":["GET"]}}],"collection":[{"href":"https:\/\/fajr.news\/index.php?rest_route=\/wp\/v2\/posts"}],"about":[{"href":"https:\/\/fajr.news\/index.php?rest_route=\/wp\/v2\/types\/post"}],"author":[{"embeddable":true,"href":"https:\/\/fajr.news\/index.php?rest_route=\/wp\/v2\/users\/2"}],"replies":[{"embeddable":true,"href":"https:\/\/fajr.news\/index.php?rest_route=%2Fwp%2Fv2%2Fcomments&post=11895"}],"version-history":[{"count":0,"href":"https:\/\/fajr.news\/index.php?rest_route=\/wp\/v2\/posts\/11895\/revisions"}],"wp:featuredmedia":[{"embeddable":true,"href":"https:\/\/fajr.news\/index.php?rest_route=\/wp\/v2\/media\/11896"}],"wp:attachment":[{"href":"https:\/\/fajr.news\/index.php?rest_route=%2Fwp%2Fv2%2Fmedia&parent=11895"}],"wp:term":[{"taxonomy":"category","embeddable":true,"href":"https:\/\/fajr.news\/index.php?rest_route=%2Fwp%2Fv2%2Fcategories&post=11895"},{"taxonomy":"post_tag","embeddable":true,"href":"https:\/\/fajr.news\/index.php?rest_route=%2Fwp%2Fv2%2Ftags&post=11895"}],"curies":[{"name":"wp","href":"https:\/\/api.w.org\/{rel}","templated":true}]}}