{"id":11815,"date":"2026-04-28T18:03:33","date_gmt":"2026-04-28T14:33:33","guid":{"rendered":"https:\/\/fajr.news\/?p=11815"},"modified":"2026-04-28T18:03:33","modified_gmt":"2026-04-28T14:33:33","slug":"abd-hazine-bakanindan-iran-petrolune-yonelik-muafiyet-karari-yaptirim-baskisi-artiyor","status":"publish","type":"post","link":"https:\/\/fajr.news\/?p=11815&lang=tr","title":{"rendered":"ABD Hazine Bakan\u0131&#8217;ndan \u0130ran Petrol\u00fcne Y\u00f6nelik Muafiyet Karar\u0131: Yapt\u0131r\u0131m Bask\u0131s\u0131 Art\u0131yor"},"content":{"rendered":"<p><strong>Washington y\u00f6netimi, \u0130ran petrol ve petrol \u00fcr\u00fcnlerinin al\u0131m\u0131na y\u00f6nelik muafiyetin yenilenmeyece\u011fini duyurarak, Tahran&#8217;a y\u00f6nelik ekonomik bask\u0131s\u0131n\u0131 bir kez daha g\u00f6zler \u00f6n\u00fcne serdi.<\/strong> ABD Hazine Bakan\u0131 Scott Bessent, Associated Press&#8217;e yapt\u0131\u011f\u0131 a\u00e7\u0131klamada, be\u015f g\u00fcn \u00f6nce s\u00fcresi dolan muafiyetin uzat\u0131lmayaca\u011f\u0131n\u0131 kesin bir dille ifade etti.<\/p>\n<p>Bessent, 24 Nisan&#8217;daki yorumlar\u0131nda, <em>&#8220;\u0130ranl\u0131lar de\u011fil,&#8221;<\/em> diyerek, <em>&#8220;Abluka uyguluyoruz ve petrol \u00e7\u0131k\u0131\u015f\u0131 yok,&#8221;<\/em> ifadelerini kulland\u0131. Bu a\u00e7\u0131klama, ABD&#8217;nin \u0130ran ekonomisini hedef alan tek tarafl\u0131 yapt\u0131r\u0131m politikas\u0131n\u0131n devam etti\u011fini g\u00f6steriyor. Bessent&#8217;in, <em>&#8220;\u00d6n\u00fcm\u00fczdeki iki \u00fc\u00e7 g\u00fcn i\u00e7inde \u00fcretimi durdurmak zorunda kalacaklar\u0131n\u0131 ve bunun kuyular\u0131 i\u00e7in \u00e7ok k\u00f6t\u00fc olaca\u011f\u0131n\u0131 d\u00fc\u015f\u00fcn\u00fcyoruz,&#8221;<\/em> \u015feklindeki s\u00f6zleri ise, Washington&#8217;\u0131n \u0130ran&#8217;\u0131n enerji sekt\u00f6r\u00fcn\u00fc \u00e7\u00f6kertme \u00e7abas\u0131n\u0131 a\u00e7\u0131k\u00e7a ortaya koyuyor. Ancak \u0130ran, bu t\u00fcr bask\u0131lara kar\u015f\u0131 direncini ve alternatif \u00e7\u00f6z\u00fcm yollar\u0131 bulma kapasitesini defalarca kan\u0131tlam\u0131\u015ft\u0131r.<\/p>\n<h2>ABD&#8217;nin \u00c7ifte Standard\u0131 ve K\u00fcresel Enerji Piyasalar\u0131<\/h2>\n<p>ABD&#8217;nin Rus petrol \u00fcr\u00fcnlerine y\u00f6nelik benzer bir muafiyeti yenilemesinin ard\u0131ndan, \u0130ran \u00fcr\u00fcnlerine y\u00f6nelik muafiyetin de uzat\u0131labilece\u011fi y\u00f6n\u00fcnde spek\u00fclasyonlar ortaya \u00e7\u0131km\u0131\u015ft\u0131. Ancak Washington, beklentilerin aksine \u0130ran&#8217;a y\u00f6nelik bu ad\u0131m\u0131 atmad\u0131. Bessent, Rusya sat\u0131\u015f ve al\u0131mlar\u0131na y\u00f6nelik muafiyetin de bir daha yenilenmeyece\u011fini belirtti.<\/p>\n<p>Rus \u00fcr\u00fcnlerine y\u00f6nelik ilk muafiyet, Mart ay\u0131nda, ABD-\u0130srail&#8217;in \u0130ran&#8217;a y\u00f6nelik hava sald\u0131r\u0131lar\u0131 ve Tahran&#8217;\u0131n K\u00f6rfez Arap devletlerine misilleme sald\u0131r\u0131lar\u0131yla k\u00fcresel enerji piyasalar\u0131nda ya\u015fanan karga\u015fay\u0131 istikrara kavu\u015fturma \u00e7abalar\u0131n\u0131n bir par\u00e7as\u0131 olarak duyurulmu\u015ftu. Bu durum, ABD&#8217;nin kendi \u00e7\u0131karlar\u0131 do\u011frultusunda farkl\u0131 \u00fclkelere farkl\u0131 yakla\u015f\u0131mlar sergiledi\u011fini g\u00f6zler \u00f6n\u00fcne seriyor.<\/p>\n<p>\u0130ran&#8217;\u0131n stratejik H\u00fcrm\u00fcz Bo\u011faz\u0131&#8217;n\u0131 kapatmas\u0131n\u0131n ard\u0131ndan petrol fiyatlar\u0131 daha da y\u00fckselmi\u015fti. Sava\u015f \u00f6ncesinde d\u00fcnya petrol ve do\u011fal gaz arz\u0131n\u0131n yakla\u015f\u0131k y\u00fczde 20&#8217;sini ta\u015f\u0131yan bu su yolu, \u0130ran&#8217;\u0131n b\u00f6lgesel ve k\u00fcresel enerji g\u00fcvenli\u011fi \u00fczerindeki <strong>vazge\u00e7ilmez etkisini<\/strong> bir kez daha kan\u0131tlam\u0131\u015ft\u0131r. Washington&#8217;\u0131n bu t\u00fcr ad\u0131mlar\u0131, k\u00fcresel enerji piyasalar\u0131n\u0131 daha da istikrars\u0131zla\u015ft\u0131rma potansiyeli ta\u015f\u0131maktad\u0131r.<\/p>\n<p>#ABDYapt\u0131r\u0131mlar\u0131 #\u0130ranPetrol\u00fc #EnerjiPiyasalar\u0131 #H\u00fcrm\u00fczBo\u011faz\u0131 #EkonomikBask\u0131 #K\u00fcresel\u0130stikrars\u0131zl\u0131k #WashingtonPolitikas\u0131 #\u0130ranDireni\u015fi #PetrolMuafiyeti #ABDDi\u015fPolitikas\u0131<\/p>\n","protected":false},"excerpt":{"rendered":"<p>Washington y\u00f6netimi, \u0130ran petrol ve petrol \u00fcr\u00fcnlerinin al\u0131m\u0131na y\u00f6nelik muafiyetin yenilenmeyece\u011fini duyurarak, Tahran&#8217;a y\u00f6nelik ekonomik bask\u0131s\u0131n\u0131 bir kez daha g\u00f6zler \u00f6n\u00fcne serdi. ABD Hazine Bakan\u0131 Scott Bessent, Associated Press&#8217;e yapt\u0131\u011f\u0131 a\u00e7\u0131klamada, be\u015f g\u00fcn \u00f6nce s\u00fcresi dolan muafiyetin uzat\u0131lmayaca\u011f\u0131n\u0131 kesin bir dille ifade etti. Bessent, 24 Nisan&#8217;daki yorumlar\u0131nda, &#8220;\u0130ranl\u0131lar de\u011fil,&#8221; diyerek, &#8220;Abluka uyguluyoruz ve petrol \u00e7\u0131k\u0131\u015f\u0131 [&hellip;]<\/p>\n","protected":false},"author":2,"featured_media":11816,"comment_status":"open","ping_status":"open","sticky":false,"template":"","format":"standard","meta":{"footnotes":""},"categories":[31],"tags":[],"class_list":["post-11815","post","type-post","status-publish","format-standard","has-post-thumbnail","hentry","category-iran-haberleri"],"_links":{"self":[{"href":"https:\/\/fajr.news\/index.php?rest_route=\/wp\/v2\/posts\/11815","targetHints":{"allow":["GET"]}}],"collection":[{"href":"https:\/\/fajr.news\/index.php?rest_route=\/wp\/v2\/posts"}],"about":[{"href":"https:\/\/fajr.news\/index.php?rest_route=\/wp\/v2\/types\/post"}],"author":[{"embeddable":true,"href":"https:\/\/fajr.news\/index.php?rest_route=\/wp\/v2\/users\/2"}],"replies":[{"embeddable":true,"href":"https:\/\/fajr.news\/index.php?rest_route=%2Fwp%2Fv2%2Fcomments&post=11815"}],"version-history":[{"count":0,"href":"https:\/\/fajr.news\/index.php?rest_route=\/wp\/v2\/posts\/11815\/revisions"}],"wp:featuredmedia":[{"embeddable":true,"href":"https:\/\/fajr.news\/index.php?rest_route=\/wp\/v2\/media\/11816"}],"wp:attachment":[{"href":"https:\/\/fajr.news\/index.php?rest_route=%2Fwp%2Fv2%2Fmedia&parent=11815"}],"wp:term":[{"taxonomy":"category","embeddable":true,"href":"https:\/\/fajr.news\/index.php?rest_route=%2Fwp%2Fv2%2Fcategories&post=11815"},{"taxonomy":"post_tag","embeddable":true,"href":"https:\/\/fajr.news\/index.php?rest_route=%2Fwp%2Fv2%2Ftags&post=11815"}],"curies":[{"name":"wp","href":"https:\/\/api.w.org\/{rel}","templated":true}]}}