{"id":11764,"date":"2026-04-28T16:34:26","date_gmt":"2026-04-28T13:04:26","guid":{"rendered":"https:\/\/fajr.news\/?p=11764"},"modified":"2026-04-28T16:34:26","modified_gmt":"2026-04-28T13:04:26","slug":"pakistan-ateskes-gorusmeleri-artan-gerilimlere-ragmen-devam-ediyor","status":"publish","type":"post","link":"https:\/\/fajr.news\/?p=11764&lang=tr","title":{"rendered":"Pakistan: Ate\u015fkes G\u00f6r\u00fc\u015fmeleri Artan Gerilimlere Ra\u011fmen Devam Ediyor"},"content":{"rendered":"<p>Pakistanl\u0131 yetkililer, sava\u015f devam ederken taraflar aras\u0131ndaki artan gerilimlere ra\u011fmen, Pakistan&#8217;\u0131n Amerika Birle\u015fik Devletleri ile \u0130ran aras\u0131nda arabuluculuk yapmaya devam etti\u011fini ve dolayl\u0131 ate\u015fkes g\u00f6r\u00fc\u015fmelerinin hala canl\u0131 oldu\u011funu belirtti.<br \/>\nPakistan&#8217;dan Pazar g\u00fcn\u00fc yap\u0131lan bu a\u00e7\u0131klamalar, \u0130ran&#8217;\u0131n bu hafta sonu ABD ile yap\u0131lmas\u0131 planlanan bar\u0131\u015f g\u00f6r\u00fc\u015fmelerinin bir ba\u015fka turuna kat\u0131lmamas\u0131n\u0131n ard\u0131ndan geldi ve bu durum Ba\u015fkan Trump&#8217;\u0131n el\u00e7isinin seyahatini iptal etmesine yol a\u00e7t\u0131.<br \/>\n28 \u015eubat&#8217;ta sava\u015f\u0131n ba\u015flamas\u0131ndan bu yana \u0130ran&#8217;da en az 3.375, L\u00fcbnan&#8217;da ise en az 2.496 ki\u015fi hayat\u0131n\u0131 kaybetti. Ayr\u0131ca \u0130srail&#8217;de 23, K\u00f6rfez Arap \u00fclkelerinde ise bir d\u00fczineden fazla ki\u015fi \u00f6ld\u00fcr\u00fcld\u00fc. L\u00fcbnan&#8217;da on be\u015f \u0130srail askeri, b\u00f6lgede 13 ABD askeri ve g\u00fcney L\u00fcbnan&#8217;da alt\u0131 BM bar\u0131\u015f g\u00fcc\u00fc askeri ya\u015fam\u0131n\u0131 yitirdi.<br \/>\nSava\u015f ba\u015flamadan \u00f6nce d\u00fcnya petrol\u00fcn\u00fcn be\u015fte birinin g\u00fcnl\u00fck olarak ge\u00e7ti\u011fi H\u00fcrm\u00fcz Bo\u011faz\u0131 kapal\u0131 kalmaya devam ederek k\u00fcresel ekonomiyi tehdit ediyor. ABD&#8217;nin \u0130ran limanlar\u0131na uygulad\u0131\u011f\u0131 abluka da hala y\u00fcr\u00fcrl\u00fckte olup, m\u00fczakerelerdeki bir ba\u015fka kilit nokta. \u0130ran, abluka sona ermeden m\u00fczakere etmeyece\u011fini belirtiyor.<\/p>\n<p>\u0130\u015fte Pazar g\u00fcn\u00fcnden son geli\u015fmeler:<\/p>\n<p>\u0130ran D\u0131\u015fi\u015fleri Bakan\u0131 Pakistan&#8217;\u0131 Ziyaret Etti<br \/>\nTS\u0130 22:22: \u0130ran&#8217;\u0131n \u00fcst d\u00fczey diplomat\u0131 Pazar g\u00fcn\u00fc \u0130slamabad&#8217;a geri d\u00f6nd\u00fc; Pakistan liderli\u011fi kom\u015fu \u00fclke ile Amerika Birle\u015fik Devletleri aras\u0131ndaki bar\u0131\u015f s\u00fcrecini yeniden ba\u015flatmak i\u00e7in \u00e7al\u0131\u015f\u0131yor.<br \/>\nD\u0131\u015fi\u015fleri Bakan\u0131 Abbas Araghchi Cumartesi g\u00fcn\u00fc Pakistan&#8217;\u0131n ba\u015fkentindeydi, ancak o g\u00fcnk\u00fc ayr\u0131l\u0131\u015f\u0131 yeni bir g\u00f6r\u00fc\u015fme turu hakk\u0131nda kafa kar\u0131\u015f\u0131kl\u0131\u011f\u0131na neden oldu. \u0130ran medyas\u0131na g\u00f6re, Pazar g\u00fcn\u00fc geri d\u00f6nd\u00fc ve ard\u0131ndan Moskova&#8217;ya devam etti.<\/p>\n<p>Petrol Fiyatlar\u0131 Yeniden Y\u00fckseli\u015fte<br \/>\nTS\u0130 19:15: Amerika Birle\u015fik Devletleri ile \u0130ran aras\u0131ndaki bar\u0131\u015f g\u00f6r\u00fc\u015fmelerinin yeniden duraksad\u0131\u011f\u0131 haberlerinin yay\u0131lmas\u0131yla birlikte, petrol fiyatlar\u0131 yeni haftaya girerken tekrar y\u00fckselmeye ba\u015flad\u0131.<br \/>\nPazar g\u00fcn\u00fc itibar\u0131yla, ABD \u00fcretimi hafif, tatl\u0131 ham petrol\u00fcn varil fiyat\u0131 96,50 dolara y\u00fckseldi; bu, piyasan\u0131n Cuma g\u00fcn\u00fc kapand\u0131\u011f\u0131 seviyeye g\u00f6re yakla\u015f\u0131k %2&#8217;lik bir art\u0131\u015f anlam\u0131na geliyor.<br \/>\nBu durum, petrol varil fiyatlar\u0131n\u0131 sava\u015f\u0131n ba\u015flamas\u0131ndan \u00f6nceki seviyelerin yakla\u015f\u0131k %44 \u00fczerine \u00e7\u0131kar\u0131yor. O zamandan beri, ham petrol dolu tankerlerin Basra K\u00f6rfezi&#8217;nde mahsur kalmas\u0131 ve H\u00fcrm\u00fcz Bo\u011faz\u0131&#8217;ndan ge\u00e7ememesi nedeniyle fiyatlar daha da y\u00fckseldi.<\/p>\n<p>\u0130ran D\u0131\u015fi\u015fleri Bakan\u0131 Pakistan&#8217;dan Ayr\u0131ld\u0131, Rusya&#8217;ya Gitti<br \/>\nTS\u0130 15:30: \u0130ran D\u0131\u015fi\u015fleri Bakan\u0131 Abbas Araghchi, \u015fehirden ayr\u0131ld\u0131ktan ve Amerika Birle\u015fik Devletleri ile ikinci tur g\u00f6r\u00fc\u015fme olas\u0131l\u0131\u011f\u0131n\u0131 belirsizli\u011fe s\u00fcr\u00fckledikten bir g\u00fcn sonra Pazar g\u00fcn\u00fc Pakistan&#8217;a k\u0131sa bir ziyaret ger\u00e7ekle\u015ftirdi.<br \/>\nArd\u0131ndan Pazar gecesi Rusya&#8217;ya hareket etti.<br \/>\nABD, ikinci tur g\u00f6r\u00fc\u015fmeler i\u00e7in Pakistan&#8217;a el\u00e7i g\u00f6ndermedi, ancak Pakistan arabuluculu\u011fa devam ediyor ve oradaki iki yetkili dolayl\u0131 g\u00f6r\u00fc\u015fmelerin hala s\u00fcrd\u00fc\u011f\u00fcn\u00fc belirtti.<br \/>\nTrump Pazar g\u00fcn\u00fc yapt\u0131\u011f\u0131 a\u00e7\u0131klamada, \u0130ran&#8217;\u0131n konu\u015fmak istemesi halinde temsilcilerin ABD&#8217;ye gelebilece\u011fini veya telefonla arayabilece\u011fini s\u00f6yledi.<br \/>\nTrump, &#8220;T\u00fcm kartlar bizde. Konu\u015fmak isterlerse bize gelebilirler veya bizi arayabilirler,&#8221; dedi, g\u00f6r\u00fc\u015fmenin ne zaman ger\u00e7ekle\u015fece\u011fine dair bir belirti vermedi.<\/p>\n<p>Pakistan Bar\u0131\u015f G\u00f6r\u00fc\u015fmelerinde \u0130lerliyor<br \/>\nTS\u0130 09:00: \u0130ran D\u0131\u015fi\u015fleri Bakan\u0131 Abbas Araghchi&#8217;nin, Umman&#8217;a yapt\u0131\u011f\u0131 k\u0131sa bir gezinin ard\u0131ndan Pazar ak\u015fam\u0131 Pakistan&#8217;\u0131n ba\u015fkenti \u0130slamabad&#8217;a ikinci kez gelmesi bekleniyor.<br \/>\nAraghchi Cumartesi g\u00fcn\u00fc \u0130slamabad&#8217;dayd\u0131 ve Tahran&#8217;\u0131n b\u00f6lgesel \u00e7at\u0131\u015fmay\u0131 sona erdirme konusundaki tutumunu Pakistan Ba\u015fbakan\u0131 Shehbaz Sharif, Ordu Komutan\u0131 Mare\u015fal Asim Munir, D\u0131\u015fi\u015fleri Bakan\u0131 Ishaq Dar ve di\u011fer \u00fcst d\u00fczey yetkililere sundu.<br \/>\nMedyaya konu\u015fma yetkisi olmayan Pakistanl\u0131 yetkililere g\u00f6re, ABD el\u00e7ilerinin g\u00f6r\u00fc\u015fmeler i\u00e7in geri d\u00f6nmesine dair acil bir plan bulunmuyordu.<\/p>\n<p>Trump: \u0130ran Yeni Bir Teklif Sundu<br \/>\nBa\u015fkan Trump, bu hafta sonu ABD ekibinin Pakistan gezisini iptal ettikten 10 dakika sonra \u0130ran&#8217;\u0131n yeni bir bar\u0131\u015f teklifi sundu\u011funu, ancak bunun &#8220;daha iyi olabilece\u011fini&#8221; s\u00f6yleyerek reddetti\u011fini belirtti.<br \/>\nTrump, Cumartesi g\u00fcn\u00fc Florida&#8217;dan Washington&#8217;a d\u00f6nmek \u00fczere Air Force One&#8217;a binmeden \u00f6nce gazetecilere yapt\u0131\u011f\u0131 a\u00e7\u0131klamada, &#8220;Bize daha iyi olabilecek bir belge verdiler ve ilgin\u00e7 bir \u015fekilde, ben iptal etti\u011fimde hemen, 10 dakika i\u00e7inde \u00e7ok daha iyi bir yeni belge ald\u0131k,&#8221; dedi.<br \/>\nBa\u015fkan, son teklifte ne oldu\u011funa dair &#8220;\u00e7ok \u015fey teklif ettiler&#8221; demek d\u0131\u015f\u0131nda ayr\u0131nt\u0131 vermedi. Ancak ko\u015fullar\u0131ndan birinin \u0130ran&#8217;\u0131n &#8220;n\u00fckleer silaha sahip olmamas\u0131&#8221; oldu\u011funu vurgulad\u0131.<\/p>\n<p>Kaynak: Bu makale, Associated Press ve \u00f6nceki FOX Yerel haberlerinden bilgiler i\u00e7ermektedir.<\/p>\n<p>#PakistanArabuluculuk #ABD\u0130ranG\u00f6r\u00fc\u015fmeleri #Ate\u015fkesM\u00fczakereleri #H\u00fcrm\u00fczBo\u011faz\u0131 #PetrolFiyatlar\u0131 #\u0130ranD\u0131\u015fi\u015fleriBakan\u0131 #TrumpA\u00e7\u0131klamas\u0131 #K\u00fcreselGerilim #Bar\u0131\u015fG\u00f6r\u00fc\u015fmeleri #Ortado\u011fuSava\u015f\u0131<\/p>\n","protected":false},"excerpt":{"rendered":"<p>Pakistanl\u0131 yetkililer, sava\u015f devam ederken taraflar aras\u0131ndaki artan gerilimlere ra\u011fmen, Pakistan&#8217;\u0131n Amerika Birle\u015fik Devletleri ile \u0130ran aras\u0131nda arabuluculuk yapmaya devam etti\u011fini ve dolayl\u0131 ate\u015fkes g\u00f6r\u00fc\u015fmelerinin hala canl\u0131 oldu\u011funu belirtti. Pakistan&#8217;dan Pazar g\u00fcn\u00fc yap\u0131lan bu a\u00e7\u0131klamalar, \u0130ran&#8217;\u0131n bu hafta sonu ABD ile yap\u0131lmas\u0131 planlanan bar\u0131\u015f g\u00f6r\u00fc\u015fmelerinin bir ba\u015fka turuna kat\u0131lmamas\u0131n\u0131n ard\u0131ndan geldi ve bu durum Ba\u015fkan [&hellip;]<\/p>\n","protected":false},"author":2,"featured_media":11765,"comment_status":"open","ping_status":"open","sticky":false,"template":"","format":"standard","meta":{"footnotes":""},"categories":[31],"tags":[],"class_list":["post-11764","post","type-post","status-publish","format-standard","has-post-thumbnail","hentry","category-iran-haberleri"],"_links":{"self":[{"href":"https:\/\/fajr.news\/index.php?rest_route=\/wp\/v2\/posts\/11764","targetHints":{"allow":["GET"]}}],"collection":[{"href":"https:\/\/fajr.news\/index.php?rest_route=\/wp\/v2\/posts"}],"about":[{"href":"https:\/\/fajr.news\/index.php?rest_route=\/wp\/v2\/types\/post"}],"author":[{"embeddable":true,"href":"https:\/\/fajr.news\/index.php?rest_route=\/wp\/v2\/users\/2"}],"replies":[{"embeddable":true,"href":"https:\/\/fajr.news\/index.php?rest_route=%2Fwp%2Fv2%2Fcomments&post=11764"}],"version-history":[{"count":0,"href":"https:\/\/fajr.news\/index.php?rest_route=\/wp\/v2\/posts\/11764\/revisions"}],"wp:featuredmedia":[{"embeddable":true,"href":"https:\/\/fajr.news\/index.php?rest_route=\/wp\/v2\/media\/11765"}],"wp:attachment":[{"href":"https:\/\/fajr.news\/index.php?rest_route=%2Fwp%2Fv2%2Fmedia&parent=11764"}],"wp:term":[{"taxonomy":"category","embeddable":true,"href":"https:\/\/fajr.news\/index.php?rest_route=%2Fwp%2Fv2%2Fcategories&post=11764"},{"taxonomy":"post_tag","embeddable":true,"href":"https:\/\/fajr.news\/index.php?rest_route=%2Fwp%2Fv2%2Ftags&post=11764"}],"curies":[{"name":"wp","href":"https:\/\/api.w.org\/{rel}","templated":true}]}}