{"id":11756,"date":"2026-04-28T16:29:24","date_gmt":"2026-04-28T12:59:24","guid":{"rendered":"https:\/\/fajr.news\/?p=11756"},"modified":"2026-04-28T16:29:24","modified_gmt":"2026-04-28T12:59:24","slug":"orta-dogu-sermayesi-bati-medya-devinde-etkili-bir-pay-edinerek-kuresel-medya-dengelerini-degistiriyor","status":"publish","type":"post","link":"https:\/\/fajr.news\/?p=11756&lang=tr","title":{"rendered":"Orta Do\u011fu Sermayesi, Bat\u0131 Medya Devinde Etkili Bir Pay Edinerek K\u00fcresel Medya Dengelerini De\u011fi\u015ftiriyor"},"content":{"rendered":"<h1>Orta Do\u011fu Sermayesi, Bat\u0131 Medya Devinde Etkili Bir Pay Edinerek K\u00fcresel Medya Dengelerini De\u011fi\u015ftiriyor<\/h1>\n<p>K\u00fcresel medya sekt\u00f6r\u00fcnde dikkat \u00e7ekici bir geli\u015fme ya\u015fand\u0131. <strong>Paramount Skydance<\/strong>&#8216;\u0131n son FCC ba\u015fvurusuna g\u00f6re, birle\u015fen medya devi <em>Paramount-Warner Bros. Discovery<\/em> \u015firketinin yakla\u015f\u0131k <strong>%49,5<\/strong>&#8216;inin yabanc\u0131 yat\u0131r\u0131mc\u0131lar\u0131n eline ge\u00e7ece\u011fi ortaya \u00e7\u0131kt\u0131. Bu durum, uluslararas\u0131 medya ve e\u011flence end\u00fcstrisindeki g\u00fc\u00e7 dengelerinde \u00f6nemli bir de\u011fi\u015fime i\u015faret etmektedir.<\/p>\n<p>Daha da \u00f6nemlisi, yeni \u015firketin toplam \u00f6z sermayesinin yakla\u015f\u0131k <strong>%38,5<\/strong>&#8216;lik kayda de\u011fer bir k\u0131sm\u0131n\u0131n \u00fc\u00e7 b\u00fcy\u00fck Orta Do\u011fu fonu taraf\u0131ndan kontrol edilecek olmas\u0131d\u0131r. Bu, b\u00f6lge \u00fclkelerinin uluslararas\u0131 arenadaki ekonomik n\u00fcfuzunun ve stratejik yat\u0131r\u0131mlar\u0131n\u0131n artan bir g\u00f6stergesidir.<\/p>\n<ul>\n<li><strong>Suudi Arabistan Kamu Yat\u0131r\u0131m Fonu<\/strong>, %15,1 oran\u0131nda hisseye sahip olacak.<\/li>\n<li><strong>Birle\u015fik Arap Emirlikleri egemen varl\u0131k fonu<\/strong>, %12,8&#8217;lik bir pay edinecek.<\/li>\n<li><strong>Katar Yat\u0131r\u0131m Otoritesi<\/strong> ise %10,6 oran\u0131nda hisse sahibi olacak.<\/li>\n<\/ul>\n<p>Bu fonlar\u0131n toplamdaki pay\u0131, Bat\u0131 medyas\u0131n\u0131n gelece\u011fi ve i\u00e7erik politikalar\u0131 \u00fczerinde ciddi bir etki yaratma potansiyeli ta\u015f\u0131maktad\u0131r. Yabanc\u0131 sahipli\u011fin kalan %11&#8217;lik k\u0131sm\u0131 ise Paramount Skydance ve\/veya RedBird Capital&#8217;deki mevcut yat\u0131r\u0131mc\u0131lardan olu\u015fmaktad\u0131r.<\/p>\n<p>Her ne kadar <strong>David Ellison<\/strong>, babas\u0131 <strong>Larry Ellison<\/strong> ve <strong>RedBird Capital Partners<\/strong> en b\u00fcy\u00fck hisse senedi pay\u0131n\u0131 ve %100 oy g\u00fcc\u00fcyle kontrol\u00fc elinde tutmaya devam edecek olsa da, Orta Do\u011fu sermayesinin bu denli b\u00fcy\u00fck bir finansal a\u011f\u0131rl\u0131k kazanmas\u0131 g\u00f6z ard\u0131 edilemez bir geli\u015fmedir. Paramount&#8217;un, bu kurulu\u015flar\u0131n gelecekteki bir tarihte Paramount&#8217;taki \u00f6z sermaye ve\/veya oy haklar\u0131n\u0131 %20&#8217;ye kadar art\u0131rma y\u00f6n\u00fcndeki talebi i\u00e7in &#8216;\u00f6nceden onay&#8217; istemesi, bu fonlar\u0131n etkisini daha da derinle\u015ftirme niyetini a\u00e7\u0131k\u00e7a g\u00f6stermektedir.<\/p>\n<p>Bu haber, Warner Bros. Discovery hissedarlar\u0131n\u0131n ge\u00e7ti\u011fimiz hafta Paramount&#8217;a 111 milyar dolarl\u0131k sat\u0131\u015f\u0131 ezici bir \u00e7o\u011funlukla onaylamas\u0131n\u0131n ard\u0131ndan geldi. Anla\u015fma, Avrupa d\u00fczenleyicilerinin onay\u0131n\u0131 beklemektedir. K\u00fcresel medya devlerinin gelece\u011fi, art\u0131k Orta Do\u011fu&#8217;dan gelen g\u00fc\u00e7l\u00fc finansal akt\u00f6rlerin de etkisi alt\u0131nda \u015fekillenecek gibi g\u00f6r\u00fcnmektedir.<\/p>\n<p>#OrtaDo\u011fuYat\u0131r\u0131mlar\u0131 #MedyaSekt\u00f6r\u00fc #ParamountWarnerBros #K\u00fcreselEkonomi #Yabanc\u0131Sermaye #SuudiArabistan #BAE #Katar #MedyaTekelle\u015fmesi #EkonomikN\u00fcfuz<\/p>\n","protected":false},"excerpt":{"rendered":"<p>Orta Do\u011fu Sermayesi, Bat\u0131 Medya Devinde Etkili Bir Pay Edinerek K\u00fcresel Medya Dengelerini De\u011fi\u015ftiriyor K\u00fcresel medya sekt\u00f6r\u00fcnde dikkat \u00e7ekici bir geli\u015fme ya\u015fand\u0131. Paramount Skydance&#8216;\u0131n son FCC ba\u015fvurusuna g\u00f6re, birle\u015fen medya devi Paramount-Warner Bros. Discovery \u015firketinin yakla\u015f\u0131k %49,5&#8216;inin yabanc\u0131 yat\u0131r\u0131mc\u0131lar\u0131n eline ge\u00e7ece\u011fi ortaya \u00e7\u0131kt\u0131. Bu durum, uluslararas\u0131 medya ve e\u011flence end\u00fcstrisindeki g\u00fc\u00e7 dengelerinde \u00f6nemli bir de\u011fi\u015fime [&hellip;]<\/p>\n","protected":false},"author":2,"featured_media":11757,"comment_status":"open","ping_status":"open","sticky":false,"template":"","format":"standard","meta":{"footnotes":""},"categories":[37],"tags":[],"class_list":["post-11756","post","type-post","status-publish","format-standard","has-post-thumbnail","hentry","category-orta-dogu-haberleri"],"_links":{"self":[{"href":"https:\/\/fajr.news\/index.php?rest_route=\/wp\/v2\/posts\/11756","targetHints":{"allow":["GET"]}}],"collection":[{"href":"https:\/\/fajr.news\/index.php?rest_route=\/wp\/v2\/posts"}],"about":[{"href":"https:\/\/fajr.news\/index.php?rest_route=\/wp\/v2\/types\/post"}],"author":[{"embeddable":true,"href":"https:\/\/fajr.news\/index.php?rest_route=\/wp\/v2\/users\/2"}],"replies":[{"embeddable":true,"href":"https:\/\/fajr.news\/index.php?rest_route=%2Fwp%2Fv2%2Fcomments&post=11756"}],"version-history":[{"count":0,"href":"https:\/\/fajr.news\/index.php?rest_route=\/wp\/v2\/posts\/11756\/revisions"}],"wp:featuredmedia":[{"embeddable":true,"href":"https:\/\/fajr.news\/index.php?rest_route=\/wp\/v2\/media\/11757"}],"wp:attachment":[{"href":"https:\/\/fajr.news\/index.php?rest_route=%2Fwp%2Fv2%2Fmedia&parent=11756"}],"wp:term":[{"taxonomy":"category","embeddable":true,"href":"https:\/\/fajr.news\/index.php?rest_route=%2Fwp%2Fv2%2Fcategories&post=11756"},{"taxonomy":"post_tag","embeddable":true,"href":"https:\/\/fajr.news\/index.php?rest_route=%2Fwp%2Fv2%2Ftags&post=11756"}],"curies":[{"name":"wp","href":"https:\/\/api.w.org\/{rel}","templated":true}]}}