{"id":11748,"date":"2026-04-28T16:20:50","date_gmt":"2026-04-28T12:50:50","guid":{"rendered":"https:\/\/fajr.news\/?p=11748"},"modified":"2026-04-28T16:20:50","modified_gmt":"2026-04-28T12:50:50","slug":"lubnan-israili-2023ten-bu-yana-ulkede-ekokirim-yapmakla-sucluyor","status":"publish","type":"post","link":"https:\/\/fajr.news\/?p=11748&lang=tr","title":{"rendered":"L\u00fcbnan, \u0130srail&#8217;i 2023&#8217;ten Bu Yana \u00dclkede &#8216;Ekok\u0131r\u0131m&#8217; Yapmakla Su\u00e7luyor"},"content":{"rendered":"<h2>\u0130srail&#8217;in L\u00fcbnan&#8217;daki &#8216;Ekok\u0131r\u0131m&#8217; \u0130ddialar\u0131: \u00c7evre Bakanl\u0131\u011f\u0131&#8217;ndan \u015eok Rapor<\/h2>\n<p>L\u00fcbnan \u00c7evre Bakan\u0131, \u0130srail ordusunu 2023&#8217;ten bu yana \u00fclkenin do\u011fal kaynaklar\u0131na y\u00f6nelik &#8216;ekok\u0131r\u0131m&#8217; yapmakla su\u00e7lad\u0131. Bakanl\u0131\u011f\u0131n yay\u0131mlad\u0131\u011f\u0131 yeni bir rapor, \u0130srail g\u00fc\u00e7lerinin neden oldu\u011fu iddia edilen derin ekolojik tahribat\u0131 g\u00f6zler \u00f6n\u00fcne seriyor.<\/p>\n<p>Rapora g\u00f6re, \u0130srail&#8217;in askeri sald\u0131rganl\u0131\u011f\u0131 g\u00fcney L\u00fcbnan&#8217;\u0131n hem fiziksel hem de ekolojik manzaras\u0131n\u0131 k\u00f6kten de\u011fi\u015ftirdi. Ancak bu rapor, \u0130srail&#8217;in bu bahardaki son sald\u0131r\u0131lar\u0131n\u0131n etkilerini hen\u00fcz i\u00e7ermiyor.<\/p>\n<p>K\u0131smi bir ate\u015fkes ortam\u0131nda, \u0130srail&#8217;in son i\u015fgalinden ka\u00e7an m\u00fcltecilerin harap olmu\u015f evlerine ve topluluklar\u0131na geri d\u00f6nd\u00fc\u011f\u00fc bir d\u00f6nemde yay\u0131mlanan 106 sayfal\u0131k rapor, g\u00fcney L\u00fcbnan&#8217;\u0131n nas\u0131l derin bir ekolojik y\u0131k\u0131m ya\u015fad\u0131\u011f\u0131n\u0131 ve temel ekosistem hizmetlerini kaybetti\u011fini detayland\u0131r\u0131yor.<\/p>\n<h3>Bakan Tamara el Zein: &#8216;Kas\u0131tl\u0131 Bir Ekok\u0131r\u0131m Eylemi&#8217;<\/h3>\n<p>\u00c7evre Bakan\u0131 Tamara el Zein, raporun \u00f6ns\u00f6z\u00fcnde yapt\u0131\u011f\u0131 a\u00e7\u0131klamada, &#8220;Ormanlara, tar\u0131m arazilerine, deniz ekosistemlerine, su kaynaklar\u0131na ve atmosfer kalitesine verilen zarar\u0131n boyutu ve kas\u0131tl\u0131l\u0131\u011f\u0131, acil y\u0131k\u0131m\u0131n \u00e7ok \u00f6tesine ge\u00e7en sonu\u00e7lar\u0131yla bir ekok\u0131r\u0131m eylemi olarak tan\u0131nmal\u0131d\u0131r&#8221; ifadelerini kulland\u0131. Zein, kar\u015f\u0131 kar\u015f\u0131ya kal\u0131nan \u00e7evresel zarar\u0131n sadece ekolojik olmad\u0131\u011f\u0131n\u0131, ayn\u0131 zamanda halk sa\u011fl\u0131\u011f\u0131, g\u0131da g\u00fcvenli\u011fi, ge\u00e7im kaynaklar\u0131, sosyal doku ve ulusal direni\u015f meselesi oldu\u011funu vurgulad\u0131.<\/p>\n<h3>Rapora G\u00f6re \u0130srail Sald\u0131r\u0131lar\u0131n\u0131n Y\u0131k\u0131c\u0131 Etkileri:<\/h3>\n<ul>\n<li><strong>5.000 hektar ormanl\u0131k alan tahrip edildi:<\/strong> Geni\u015f yaprakl\u0131, \u00e7am ve f\u0131st\u0131k \u00e7am\u0131 ormanlar\u0131 dahil olmak \u00fczere 5.000 hektar (12.350 d\u00f6n\u00fcm) orman \u00f6rt\u00fcs\u00fc zarar g\u00f6rd\u00fc. Bu durum, ya\u015fam alanlar\u0131n\u0131 yok etti, yerel iklimleri bozdu ve toprak erozyonuna neden oldu.<\/li>\n<li><strong>118 milyon dolarl\u0131k tar\u0131m varl\u0131\u011f\u0131 yok edildi:<\/strong> Mahsuller, hayvanc\u0131l\u0131k tesisleri, ormanc\u0131l\u0131k kaynaklar\u0131, bal\u0131k\u00e7\u0131l\u0131k ve su \u00fcr\u00fcnleri yeti\u015ftiricili\u011fi altyap\u0131s\u0131 dahil olmak \u00fczere 118 milyon dolarl\u0131k (87 milyon sterlin) fiziksel tar\u0131m varl\u0131\u011f\u0131 yok edildi.<\/li>\n<li><strong>586 milyon dolarl\u0131k tar\u0131msal \u00fcretim kayb\u0131:<\/strong> Kesintiye u\u011frayan hasatlar ve azalan verimler sonucunda 586 milyon dolarl\u0131k (433 milyon sterlin) tar\u0131msal \u00fcretim kayb\u0131 ya\u015fand\u0131.<\/li>\n<li><strong>Meyve bah\u00e7eleri ve zeytinlikler yerle bir edildi:<\/strong> 814 hektar zeytinlik ve 637 hektar narenciye plantasyonu dahil olmak \u00fczere 2.154 hektar (5.320 d\u00f6n\u00fcm) meyve bah\u00e7esi yok edildi ve muz plantasyonlar\u0131na b\u00fcy\u00fck zarar verildi.<\/li>\n<li><strong>Toprak kirlili\u011fi:<\/strong> Topraklar, milyonda 1.858 par\u00e7aya kadar fosfor konsantrasyonlar\u0131yla kirlendi; \u00f6zellikle g\u00fcney L\u00fcbnan ve do\u011fudaki Bekaa vadisinde kirlilik s\u0131cak noktalar\u0131 olu\u015ftu.<\/li>\n<li><strong>Yayg\u0131n hava kirlili\u011fi:<\/strong> Do\u011frudan sald\u0131r\u0131 b\u00f6lgelerinin \u00e7ok \u00f6tesine yay\u0131lan yayg\u0131n hava kirlili\u011fi olaylar\u0131na neden oldu ve partik\u00fcller; k\u00fck\u00fcrt ve azot oksitler; dioksinler ve polisiklik aromatik hidrokarbonlar gibi toksik bile\u015fikler sald\u0131.<\/li>\n<\/ul>\n<h3>Gazze Taktikleri L\u00fcbnan&#8217;da Tekrarlan\u0131yor \u0130ddias\u0131<\/h3>\n<p>\u0130srail&#8217;in ele\u015ftirmenleri, sivil n\u00fcfusa tahliye emirleri vererek, hastaneleri ve sa\u011fl\u0131k personelini hedef alarak, t\u00fcm k\u00f6yleri y\u0131karak, su altyap\u0131s\u0131n\u0131 yok ederek ve medya \u00e7al\u0131\u015fanlar\u0131n\u0131 \u00f6ld\u00fcrerek g\u00fcney L\u00fcbnan&#8217;da &#8216;Gazze taktiklerini&#8217; tekrarlad\u0131\u011f\u0131n\u0131 iddia ediyor. 2023&#8217;te Gazze&#8217;ye kar\u015f\u0131 sava\u015f\u0131n\u0131 ba\u015flatt\u0131ktan aylar sonra, \u0130srail g\u00fc\u00e7leri a\u011fa\u00e7 \u00f6rt\u00fcs\u00fcn\u00fcn ve tar\u0131m arazilerinin yakla\u015f\u0131k %38-48&#8217;ini yok etmi\u015f, zeytinlikler ve \u00e7iftlikler s\u0131k\u0131\u015ft\u0131r\u0131lm\u0131\u015f topra\u011fa d\u00f6n\u00fc\u015fm\u00fc\u015f, yeralt\u0131 sular\u0131 m\u00fchimmat ve toksinlerle kirlenmi\u015f, hava ise duman ve partik\u00fcl madde ile kirlenmi\u015fti.<\/p>\n<p>L\u00fcbnan Ulusal Bilimsel Ara\u015ft\u0131rma Konseyi (CNRS-L) taraf\u0131ndan haz\u0131rlanan ve Ekim 2023 ile Aral\u0131k 2024 aras\u0131ndaki d\u00f6nemi kapsayan yeni rapora g\u00f6re, g\u00fcney L\u00fcbnan da \u0130srail ordusu taraf\u0131ndan benzer \u015fekilde muamele g\u00f6rd\u00fc. Raporda, &#8220;Sava\u015f\u0131n \u00e7evresel ayak izi, \u00e7o\u011fu biyo\u00e7e\u015fitlilik s\u0131cak noktas\u0131 ve karbon yuta\u011f\u0131 olarak hizmet veren ormanlar\u0131n ve a\u011fa\u00e7l\u0131k alanlar\u0131n tahrip edilmesinde ve y\u00fcksek de\u011ferli meyve bah\u00e7eleri ile temel \u00fcr\u00fcn tarlalar\u0131 dahil tar\u0131m arazilerinin yak\u0131lmas\u0131nda a\u00e7\u0131k\u00e7a g\u00f6r\u00fclmektedir; bu durum hem ge\u00e7im kaynaklar\u0131n\u0131 hem de ulusal g\u0131da g\u00fcvenli\u011fini baltalamaktad\u0131r&#8221; deniyor.<\/p>\n<p>Toplamda, \u00fclkeye verilen parasal maliyetin tahmini 25 milyar dolar oldu\u011fu tahmin ediliyor; bu, 6,8 milyar dolarl\u0131k fiziksel hasar, 7,2 milyar dolarl\u0131k ekonomik kay\u0131p ve 11 milyar dolarl\u0131k iyile\u015fme ve yeniden yap\u0131lanma ihtiya\u00e7lar\u0131ndan olu\u015fuyor.<\/p>\n<h3>Uluslararas\u0131 Destek \u00c7a\u011fr\u0131s\u0131<\/h3>\n<p>Bakan El Zein, &#8220;L\u00fcbnan bu y\u00fck\u00fc tek ba\u015f\u0131na ta\u015f\u0131yamaz. \u00c7evresel iyile\u015fme sorumlulu\u011funu payla\u015fmak i\u00e7in uluslararas\u0131 dayan\u0131\u015fma ve destek \u00e7a\u011fr\u0131s\u0131nda bulunuyoruz. Zarar\u0131n boyutu ve restorasyon maliyetleri kolektif eylem ve uzun vadeli ortakl\u0131klar gerektirmektedir&#8221; dedi.<\/p>\n<p>Sava\u015f\u0131n \u00e7evresel etkilerini inceleyen \u00c7at\u0131\u015fma ve \u00c7evre G\u00f6zlemevi direkt\u00f6r\u00fc Doug Weir ise, raporun daha iyi yeniden in\u015fa etmeye ve ulusal \u00e7evresel izleme kapasitelerini g\u00fc\u00e7lendirmesinin, \u00e7at\u0131\u015fmadan etkilenen her devlet i\u00e7in iki kritik \u00f6nceli\u011fin memnuniyetle kar\u015f\u0131lanan bir kabul\u00fc oldu\u011funu belirtti. Weir, raporun bulgular\u0131n\u0131n baz\u0131 unsurlar\u0131n\u0131n, \u0130srail&#8217;in \u00e7al\u0131\u015fma d\u00f6neminden bu yana, \u00f6zellikle Litani Nehri&#8217;nin g\u00fcneyinde yasad\u0131\u015f\u0131 olarak i\u015fgal etti\u011fi b\u00f6lgede yol a\u00e7t\u0131\u011f\u0131 y\u0131k\u0131m nedeniyle zaten g\u00fcncelli\u011fini yitirdi\u011fini de s\u00f6zlerine ekledi.<\/p>\n<h3>\u0130srail Savunma Kuvvetleri&#8217;nden Yan\u0131t<\/h3>\n<p>\u0130srail Savunma Kuvvetleri (IDF) s\u00f6zc\u00fcs\u00fc ise, &#8220;IDF, b\u00f6lgedeki operasyonlar\u0131n\u0131n potansiyel \u00e7evresel etkilerinin fark\u0131ndad\u0131r. IDF, \u0130srail vatanda\u015flar\u0131n\u0131 korumak ve \u00e7evre b\u00f6lgelerin g\u00fcvenli\u011fini sa\u011flamak i\u00e7in faaliyet g\u00f6stermektedir. T\u00fcm IDF eylemleri, sivillere ve \u00e7evreye verilen zarar\u0131 en aza indirmek i\u00e7in al\u0131nan \u00f6nlemlerle ger\u00e7ekle\u015ftirilmektedir&#8221; a\u00e7\u0131klamas\u0131n\u0131 yapt\u0131.<\/p>\n<p>#L\u00fcbnan #\u0130srail #Ekok\u0131r\u0131m #\u00c7evreKatliam\u0131 #Sava\u015fSu\u00e7lar\u0131 #Do\u011faKatliam\u0131 #Filistin #Gazze #Ortado\u011fu #\u00c7evreRaporu<\/p>\n","protected":false},"excerpt":{"rendered":"<p>\u0130srail&#8217;in L\u00fcbnan&#8217;daki &#8216;Ekok\u0131r\u0131m&#8217; \u0130ddialar\u0131: \u00c7evre Bakanl\u0131\u011f\u0131&#8217;ndan \u015eok Rapor L\u00fcbnan \u00c7evre Bakan\u0131, \u0130srail ordusunu 2023&#8217;ten bu yana \u00fclkenin do\u011fal kaynaklar\u0131na y\u00f6nelik &#8216;ekok\u0131r\u0131m&#8217; yapmakla su\u00e7lad\u0131. Bakanl\u0131\u011f\u0131n yay\u0131mlad\u0131\u011f\u0131 yeni bir rapor, \u0130srail g\u00fc\u00e7lerinin neden oldu\u011fu iddia edilen derin ekolojik tahribat\u0131 g\u00f6zler \u00f6n\u00fcne seriyor. Rapora g\u00f6re, \u0130srail&#8217;in askeri sald\u0131rganl\u0131\u011f\u0131 g\u00fcney L\u00fcbnan&#8217;\u0131n hem fiziksel hem de ekolojik manzaras\u0131n\u0131 k\u00f6kten de\u011fi\u015ftirdi. [&hellip;]<\/p>\n","protected":false},"author":2,"featured_media":11749,"comment_status":"open","ping_status":"open","sticky":false,"template":"","format":"standard","meta":{"footnotes":""},"categories":[37],"tags":[],"class_list":["post-11748","post","type-post","status-publish","format-standard","has-post-thumbnail","hentry","category-orta-dogu-haberleri"],"_links":{"self":[{"href":"https:\/\/fajr.news\/index.php?rest_route=\/wp\/v2\/posts\/11748","targetHints":{"allow":["GET"]}}],"collection":[{"href":"https:\/\/fajr.news\/index.php?rest_route=\/wp\/v2\/posts"}],"about":[{"href":"https:\/\/fajr.news\/index.php?rest_route=\/wp\/v2\/types\/post"}],"author":[{"embeddable":true,"href":"https:\/\/fajr.news\/index.php?rest_route=\/wp\/v2\/users\/2"}],"replies":[{"embeddable":true,"href":"https:\/\/fajr.news\/index.php?rest_route=%2Fwp%2Fv2%2Fcomments&post=11748"}],"version-history":[{"count":0,"href":"https:\/\/fajr.news\/index.php?rest_route=\/wp\/v2\/posts\/11748\/revisions"}],"wp:featuredmedia":[{"embeddable":true,"href":"https:\/\/fajr.news\/index.php?rest_route=\/wp\/v2\/media\/11749"}],"wp:attachment":[{"href":"https:\/\/fajr.news\/index.php?rest_route=%2Fwp%2Fv2%2Fmedia&parent=11748"}],"wp:term":[{"taxonomy":"category","embeddable":true,"href":"https:\/\/fajr.news\/index.php?rest_route=%2Fwp%2Fv2%2Fcategories&post=11748"},{"taxonomy":"post_tag","embeddable":true,"href":"https:\/\/fajr.news\/index.php?rest_route=%2Fwp%2Fv2%2Ftags&post=11748"}],"curies":[{"name":"wp","href":"https:\/\/api.w.org\/{rel}","templated":true}]}}