{"id":11740,"date":"2026-04-28T16:11:29","date_gmt":"2026-04-28T12:41:29","guid":{"rendered":"https:\/\/fajr.news\/?p=11740"},"modified":"2026-04-28T16:11:29","modified_gmt":"2026-04-28T12:41:29","slug":"toyotanin-mart-ayi-satislari-rav4-degisimi-ve-orta-dogu-talebindeki-dusus-nedeniyle-azaldi","status":"publish","type":"post","link":"https:\/\/fajr.news\/?p=11740&lang=tr","title":{"rendered":"Toyota&#8217;n\u0131n Mart Ay\u0131 Sat\u0131\u015flar\u0131 RAV4 De\u011fi\u015fimi ve Orta Do\u011fu Talebindeki D\u00fc\u015f\u00fc\u015f Nedeniyle Azald\u0131"},"content":{"rendered":"<p>Toyota Motor, Mart 2026&#8217;da k\u00fcresel ara\u00e7 sat\u0131\u015flar\u0131nda \u00fcst \u00fcste ikinci ayl\u0131k d\u00fc\u015f\u00fc\u015f\u00fc kaydetti. Bu d\u00fc\u015f\u00fc\u015fte RAV4 model de\u011fi\u015fikli\u011fi ve Orta Do\u011fu&#8217;daki talebin zay\u0131flamas\u0131 etkili oldu. Ay boyunca k\u00fcresel sat\u0131\u015flar bir \u00f6nceki y\u0131la g\u00f6re %7,3 azalarak 897.871 araca geriledi. Yurtd\u0131\u015f\u0131 sat\u0131\u015flar %7,2 d\u00fc\u015f\u00fc\u015fle 755.646 adede inerken, Japonya&#8217;daki sat\u0131\u015flar %7,8 azalarak 142.225 oldu. Japonya&#8217;da sat\u0131\u015flar, \u00e7evre performans\u0131na dayal\u0131 ara\u00e7 vergisinin kald\u0131r\u0131lmas\u0131 plan\u0131ndan etkilendi. Yan kurulu\u015flar Daihatsu Motor ve Hino Motors dahil edildi\u011finde, d\u00fcnya genelindeki toplam sat\u0131\u015flar bir \u00f6nceki y\u0131la g\u00f6re %5,8 d\u00fc\u015f\u00fc\u015fle 983.126 adede ula\u015ft\u0131. Sat\u0131\u015flar zay\u0131flasa da, Toyota&#8217;n\u0131n genel k\u00fcresel \u00fcretimi %3,9 artarak 1,02 milyon araca y\u00fckseldi. Kuzey Amerika&#8217;da Mart ay\u0131 sat\u0131\u015flar\u0131 %7,9 d\u00fc\u015f\u00fc\u015fle 247.109 araca gerilerken, ABD pazar\u0131nda %8,5&#8217;lik bir d\u00fc\u015f\u00fc\u015f ya\u015fand\u0131. Avrupa %5,6&#8217;l\u0131k d\u00fc\u015f\u00fc\u015fle 113.875 adet kaydederken, Asya %3,5 d\u00fc\u015f\u00fc\u015fle 275.041 oldu. \u00c7in&#8217;de sat\u0131\u015flar, rekabet\u00e7i bask\u0131 nedeniyle %8,0 azald\u0131. Hindistan bir istisna olu\u015fturarak sat\u0131\u015flar\u0131n\u0131 %26,6 art\u0131rarak 36.458 araca \u00e7\u0131kard\u0131. Orta Do\u011fu&#8217;da %32,3&#8217;l\u00fck keskin bir d\u00fc\u015f\u00fc\u015f ya\u015fan\u0131rken, Afrika %1,7&#8217;lik bir art\u0131\u015f g\u00f6sterdi. Ocak-Mart 2026 d\u00f6neminde Toyota&#8217;n\u0131n k\u00fcresel sat\u0131\u015flar\u0131 2,46 milyon adede ula\u015farak bir \u00f6nceki y\u0131l\u0131n ayn\u0131 d\u00f6nemine g\u00f6re %2,4 azald\u0131. Asya, Hindistan&#8217;daki %26,4&#8217;l\u00fck art\u0131\u015f\u0131n yard\u0131m\u0131yla %0,7&#8217;lik hafif bir y\u00fckseli\u015f kaydederken, Japonya %6,4&#8217;l\u00fck bir d\u00fc\u015f\u00fc\u015f ya\u015fad\u0131. Toyota ayr\u0131ca Mart ay\u0131nda elektrikli ara\u00e7 sat\u0131\u015flar\u0131nda art\u0131\u015f bildirdi. Toplam k\u00fcresel elektrikli ara\u00e7 sat\u0131\u015flar\u0131 bir \u00f6nceki y\u0131la g\u00f6re %7,6 artarak 511.007 adede ula\u015ft\u0131. Bu rakam\u0131n 107.456 adedi Japonya&#8217;da sat\u0131larak %9,5&#8217;lik bir art\u0131\u015f g\u00f6sterirken, 403.551 adedi yurtd\u0131\u015f\u0131 pazarlarda sat\u0131larak %7,1&#8217;lik bir art\u0131\u015f kaydetti. B\u00f6lgesel olarak, Kuzey Amerika Mart ay\u0131nda Toyota&#8217;n\u0131n elektrikli ara\u00e7lar i\u00e7in en b\u00fcy\u00fck deniza\u015f\u0131r\u0131 pazar\u0131 olmaya devam etti ve sat\u0131\u015flar bir \u00f6nceki y\u0131la g\u00f6re %4,1 art\u0131\u015fla 135.894 adede ula\u015ft\u0131. Mali y\u0131l 2026 i\u00e7in Toyota, k\u00fcresel sat\u0131\u015flar\u0131n %2,0 artarak 10,48 milyon araca y\u00fckseldi\u011fini belirtti. Japonya d\u0131\u015f\u0131ndaki sat\u0131\u015flar %2,7 artarak 9 milyon adede y\u00fckselirken, yurt i\u00e7i sat\u0131\u015flar %2,0 d\u00fc\u015f\u00fc\u015fle 1,47 milyona geriledi. Kuzey Amerika, %7,2&#8217;lik art\u0131\u015fla 2,93 milyon araca ula\u015farak en g\u00fc\u00e7l\u00fc y\u0131ll\u0131k b\u00f6lgesel b\u00fcy\u00fcmeyi kaydetti.<\/p>\n<p>#Toyota #Ara\u00e7Sat\u0131\u015flar\u0131 #Mart2026 #RAV4 #OtomotivSekt\u00f6r\u00fc #K\u00fcreselPazar #ElektrikliAra\u00e7lar #OrtaDo\u011fuPazar\u0131 #JaponOtomotiv #PazarD\u00fc\u015f\u00fc\u015f\u00fc<\/p>\n","protected":false},"excerpt":{"rendered":"<p>Toyota Motor, Mart 2026&#8217;da k\u00fcresel ara\u00e7 sat\u0131\u015flar\u0131nda \u00fcst \u00fcste ikinci ayl\u0131k d\u00fc\u015f\u00fc\u015f\u00fc kaydetti. Bu d\u00fc\u015f\u00fc\u015fte RAV4 model de\u011fi\u015fikli\u011fi ve Orta Do\u011fu&#8217;daki talebin zay\u0131flamas\u0131 etkili oldu. Ay boyunca k\u00fcresel sat\u0131\u015flar bir \u00f6nceki y\u0131la g\u00f6re %7,3 azalarak 897.871 araca geriledi. Yurtd\u0131\u015f\u0131 sat\u0131\u015flar %7,2 d\u00fc\u015f\u00fc\u015fle 755.646 adede inerken, Japonya&#8217;daki sat\u0131\u015flar %7,8 azalarak 142.225 oldu. Japonya&#8217;da sat\u0131\u015flar, \u00e7evre performans\u0131na [&hellip;]<\/p>\n","protected":false},"author":2,"featured_media":11741,"comment_status":"open","ping_status":"open","sticky":false,"template":"","format":"standard","meta":{"footnotes":""},"categories":[37],"tags":[],"class_list":["post-11740","post","type-post","status-publish","format-standard","has-post-thumbnail","hentry","category-orta-dogu-haberleri"],"_links":{"self":[{"href":"https:\/\/fajr.news\/index.php?rest_route=\/wp\/v2\/posts\/11740","targetHints":{"allow":["GET"]}}],"collection":[{"href":"https:\/\/fajr.news\/index.php?rest_route=\/wp\/v2\/posts"}],"about":[{"href":"https:\/\/fajr.news\/index.php?rest_route=\/wp\/v2\/types\/post"}],"author":[{"embeddable":true,"href":"https:\/\/fajr.news\/index.php?rest_route=\/wp\/v2\/users\/2"}],"replies":[{"embeddable":true,"href":"https:\/\/fajr.news\/index.php?rest_route=%2Fwp%2Fv2%2Fcomments&post=11740"}],"version-history":[{"count":0,"href":"https:\/\/fajr.news\/index.php?rest_route=\/wp\/v2\/posts\/11740\/revisions"}],"wp:featuredmedia":[{"embeddable":true,"href":"https:\/\/fajr.news\/index.php?rest_route=\/wp\/v2\/media\/11741"}],"wp:attachment":[{"href":"https:\/\/fajr.news\/index.php?rest_route=%2Fwp%2Fv2%2Fmedia&parent=11740"}],"wp:term":[{"taxonomy":"category","embeddable":true,"href":"https:\/\/fajr.news\/index.php?rest_route=%2Fwp%2Fv2%2Fcategories&post=11740"},{"taxonomy":"post_tag","embeddable":true,"href":"https:\/\/fajr.news\/index.php?rest_route=%2Fwp%2Fv2%2Ftags&post=11740"}],"curies":[{"name":"wp","href":"https:\/\/api.w.org\/{rel}","templated":true}]}}