{"id":11730,"date":"2026-04-28T15:48:53","date_gmt":"2026-04-28T12:18:53","guid":{"rendered":"https:\/\/fajr.news\/?p=11730"},"modified":"2026-04-28T15:48:53","modified_gmt":"2026-04-28T12:18:53","slug":"irandan-abdye-orta-dogu-baris-gorusmeleri-suclamasi-putinden-destek-sozu","status":"publish","type":"post","link":"https:\/\/fajr.news\/?p=11730&lang=tr","title":{"rendered":"\u0130ran&#8217;dan ABD&#8217;ye Orta Do\u011fu Bar\u0131\u015f G\u00f6r\u00fc\u015fmeleri Su\u00e7lamas\u0131: Putin&#8217;den Destek S\u00f6z\u00fc"},"content":{"rendered":"<p>\u0130ran&#8217;\u0131n \u00fcst d\u00fczey diplomat\u0131, Rusya ziyareti s\u0131ras\u0131nda yapt\u0131\u011f\u0131 a\u00e7\u0131klamada, Orta Do\u011fu bar\u0131\u015f g\u00f6r\u00fc\u015fmelerinin ba\u015far\u0131s\u0131zl\u0131\u011f\u0131ndan Washington&#8217;\u0131 sorumlu tuttu. Ziyaret kapsam\u0131nda Rusya Devlet Ba\u015fkan\u0131 Vladimir Putin, \u0130ranl\u0131 diplomata sava\u015f\u0131n sona erdirilmesi konusunda Moskova&#8217;n\u0131n tam deste\u011fini vaat etti.<\/p>\n<p>#\u0130ran #ABD #Rusya #OrtaDo\u011fu #Bar\u0131\u015fG\u00f6r\u00fc\u015fmeleri #Diplomasi #Putin #Sava\u015f #Uluslararas\u0131\u0130li\u015fkiler #Tahran<\/p>\n","protected":false},"excerpt":{"rendered":"<p>\u0130ran&#8217;\u0131n \u00fcst d\u00fczey diplomat\u0131, Rusya ziyareti s\u0131ras\u0131nda yapt\u0131\u011f\u0131 a\u00e7\u0131klamada, Orta Do\u011fu bar\u0131\u015f g\u00f6r\u00fc\u015fmelerinin ba\u015far\u0131s\u0131zl\u0131\u011f\u0131ndan Washington&#8217;\u0131 sorumlu tuttu. Ziyaret kapsam\u0131nda Rusya Devlet Ba\u015fkan\u0131 Vladimir Putin, \u0130ranl\u0131 diplomata sava\u015f\u0131n sona erdirilmesi konusunda Moskova&#8217;n\u0131n tam deste\u011fini vaat etti. #\u0130ran #ABD #Rusya #OrtaDo\u011fu #Bar\u0131\u015fG\u00f6r\u00fc\u015fmeleri #Diplomasi #Putin #Sava\u015f #Uluslararas\u0131\u0130li\u015fkiler #Tahran<\/p>\n","protected":false},"author":2,"featured_media":0,"comment_status":"open","ping_status":"open","sticky":false,"template":"","format":"standard","meta":{"footnotes":""},"categories":[37],"tags":[],"class_list":["post-11730","post","type-post","status-publish","format-standard","hentry","category-orta-dogu-haberleri"],"_links":{"self":[{"href":"https:\/\/fajr.news\/index.php?rest_route=\/wp\/v2\/posts\/11730","targetHints":{"allow":["GET"]}}],"collection":[{"href":"https:\/\/fajr.news\/index.php?rest_route=\/wp\/v2\/posts"}],"about":[{"href":"https:\/\/fajr.news\/index.php?rest_route=\/wp\/v2\/types\/post"}],"author":[{"embeddable":true,"href":"https:\/\/fajr.news\/index.php?rest_route=\/wp\/v2\/users\/2"}],"replies":[{"embeddable":true,"href":"https:\/\/fajr.news\/index.php?rest_route=%2Fwp%2Fv2%2Fcomments&post=11730"}],"version-history":[{"count":0,"href":"https:\/\/fajr.news\/index.php?rest_route=\/wp\/v2\/posts\/11730\/revisions"}],"wp:attachment":[{"href":"https:\/\/fajr.news\/index.php?rest_route=%2Fwp%2Fv2%2Fmedia&parent=11730"}],"wp:term":[{"taxonomy":"category","embeddable":true,"href":"https:\/\/fajr.news\/index.php?rest_route=%2Fwp%2Fv2%2Fcategories&post=11730"},{"taxonomy":"post_tag","embeddable":true,"href":"https:\/\/fajr.news\/index.php?rest_route=%2Fwp%2Fv2%2Ftags&post=11730"}],"curies":[{"name":"wp","href":"https:\/\/api.w.org\/{rel}","templated":true}]}}