{"id":11716,"date":"2026-04-28T15:34:41","date_gmt":"2026-04-28T12:04:41","guid":{"rendered":"https:\/\/fajr.news\/?p=11716"},"modified":"2026-04-28T15:34:41","modified_gmt":"2026-04-28T12:04:41","slug":"trump-iranin-baris-teklifini-reddetti-pakistan-ziyareti-iptal-edildi","status":"publish","type":"post","link":"https:\/\/fajr.news\/?p=11716&lang=tr","title":{"rendered":"Trump, \u0130ran&#8217;\u0131n Bar\u0131\u015f Teklifini Reddetti: Pakistan Ziyareti \u0130ptal Edildi"},"content":{"rendered":"<h1>Trump&#8217;tan \u0130ran&#8217;a Y\u00f6nelik \u00c7eli\u015fkili A\u00e7\u0131klamalar: Bar\u0131\u015f Teklifi Reddedildi, Pakistan Ziyareti \u0130ptal<\/h1>\n<p>B\u00f6lgedeki gerilimin t\u0131rmand\u0131\u011f\u0131 bir d\u00f6nemde, ABD Ba\u015fkan\u0131 <strong>Donald Trump<\/strong>&#8216;tan \u0130ran&#8217;a y\u00f6nelik birbiriyle \u00e7eli\u015fen ve tansiyonu art\u0131ran a\u00e7\u0131klamalar geldi. Trump, H\u00fcrm\u00fcz Bo\u011faz\u0131&#8217;n\u0131n yeniden a\u00e7\u0131lmas\u0131 i\u00e7in ABD Donanmas\u0131&#8217;n\u0131n \u0130ran may\u0131nlar\u0131n\u0131 temizledi\u011fini iddia ederken, ayn\u0131 zamanda \u0130ran&#8217;\u0131n yeni bir bar\u0131\u015f teklifini reddetti\u011fini duyurdu.<\/p>\n<h2>H\u00fcrm\u00fcz Bo\u011faz\u0131&#8217;nda Gerilim ve As\u0131ls\u0131z \u0130ddialar<\/h2>\n<p>K\u00fcresel ekonomi i\u00e7in hayati \u00f6nem ta\u015f\u0131yan Basra K\u00f6rfezi petrol sevkiyat\u0131n\u0131n ana g\u00fczergah\u0131 olan H\u00fcrm\u00fcz Bo\u011faz\u0131&#8217;n\u0131n \u00e7o\u011fu gemiye kapal\u0131 oldu\u011fu y\u00f6n\u00fcndeki iddialar, ABD taraf\u0131ndan s\u00fcrekli dile getiriliyor. Ba\u015fkan Trump, bu hafta sonu yapt\u0131\u011f\u0131 a\u00e7\u0131klamada, ABD Donanmas\u0131&#8217;n\u0131n bo\u011fazdaki <em>&#8220;\u0130ran may\u0131nlar\u0131n\u0131 temizledi\u011fini&#8221;<\/em> \u00f6ne s\u00fcrd\u00fc. Ancak bu iddialar\u0131n ger\u00e7ekli\u011fi ve bo\u011fazda ger\u00e7ekten may\u0131n olup olmad\u0131\u011f\u0131 belirsizli\u011fini koruyor. \u0130ran, daha \u00f6nce bo\u011fazda may\u0131n bulunma <em>&#8220;olas\u0131l\u0131\u011f\u0131ndan&#8221;<\/em> bahsetmi\u015f olsa da, ABD&#8217;nin bu t\u00fcr a\u00e7\u0131klamalar\u0131 genellikle b\u00f6lgedeki askeri varl\u0131\u011f\u0131n\u0131 me\u015frula\u015ft\u0131rma \u00e7abas\u0131 olarak yorumlan\u0131yor.<\/p>\n<h2>Trump&#8217;tan \u00c7eli\u015fkili Bar\u0131\u015f Teklifi ve Ret<\/h2>\n<p>Cumartesi g\u00fcn\u00fc, Do\u011fu Saati ile 16:00&#8217;da, Ba\u015fkan Trump, ABD heyetinin Pakistan ziyaretini iptal etmesinden sadece 10 dakika sonra \u0130ran&#8217;\u0131n yeni bir bar\u0131\u015f teklifi sundu\u011funu ancak bu teklifi <em>&#8220;daha iyi olabilirdi&#8221;<\/em> diyerek reddetti\u011fini a\u00e7\u0131klad\u0131. Florida&#8217;dan Washington&#8217;a d\u00f6nerken Air Force One&#8217;a binmeden \u00f6nce gazetecilere konu\u015fan Trump, <em>&#8220;Bize daha iyi olabilecek bir belge verdiler ve ilgin\u00e7 bir \u015fekilde, ben iptal ettikten hemen sonra, 10 dakika i\u00e7inde \u00e7ok daha iyi bir yeni belge ald\u0131k,&#8221;<\/em> ifadelerini kulland\u0131. Ba\u015fkan, son teklifin i\u00e7eri\u011fi hakk\u0131nda spesifik bilgi vermezken, <em>&#8220;\u00e7ok \u015fey teklif ettiklerini&#8221;<\/em> s\u00f6ylemekle yetindi. Ancak, \u0130ran&#8217;\u0131n <em>&#8220;n\u00fckleer silaha sahip olmayaca\u011f\u0131&#8221;<\/em> \u015fart\u0131n\u0131n kendisi i\u00e7in vazge\u00e7ilmez oldu\u011funu vurgulad\u0131. Bu durum, ABD&#8217;nin m\u00fczakerelere olan yakla\u015f\u0131m\u0131ndaki ciddiyetsizli\u011fi ve tek tarafl\u0131 dayatmalar\u0131n\u0131 bir kez daha g\u00f6zler \u00f6n\u00fcne serdi.<\/p>\n<h2>Pakistan Ziyareti \u0130ptal Edildi: Trump&#8217;\u0131n Tutars\u0131zl\u0131\u011f\u0131<\/h2>\n<p>Daha \u00f6nce, Do\u011fu Saati ile 12:20&#8217;de, Ba\u015fkan Trump sosyal medya \u00fczerinden yapt\u0131\u011f\u0131 a\u00e7\u0131klamada, \u0130ran D\u0131\u015fi\u015fleri Bakan\u0131&#8217;n\u0131n \u0130slamabad&#8217;dan ayr\u0131ld\u0131\u011f\u0131n\u0131n bildirilmesi \u00fczerine m\u00fczakereciler <strong>Steve Witkoff<\/strong> ve <strong>Jared Kushner<\/strong>&#8216;\u0131n Pakistan&#8217;a yapaca\u011f\u0131 hafta sonu gezisini iptal etti\u011fini duyurdu. Trump, <em>&#8220;Seyahat i\u00e7in \u00e7ok fazla zaman kayb\u0131, \u00e7ok fazla i\u015f! Ayr\u0131ca, &#8216;liderlikleri&#8217; i\u00e7inde muazzam bir i\u00e7 \u00e7eki\u015fme ve kafa kar\u0131\u015f\u0131kl\u0131\u011f\u0131 var. Kimin sorumlu oldu\u011funu kimse bilmiyor, kendileri bile,&#8221;<\/em> \u015feklinde mesnetsiz iddialarda bulundu. Ayr\u0131ca, <em>&#8220;T\u00fcm kartlar bizde, onlarda hi\u00e7bir \u015fey yok! Konu\u015fmak isterlerse, tek yapmalar\u0131 gereken aramak!!!&#8221;<\/em> diyerek \u0130ran&#8217;a kar\u015f\u0131 kibirli ve tehditkar bir dil kulland\u0131. Bu a\u00e7\u0131klamalar, ABD y\u00f6netiminin d\u0131\u015f politikadaki tutars\u0131zl\u0131\u011f\u0131n\u0131 ve diplomatik nezaketten uzak tavr\u0131n\u0131 bir kez daha ortaya koydu.<\/p>\n<h2>\u0130ran D\u0131\u015fi\u015fleri Bakan\u0131&#8217;ndan Onurlu Duru\u015f<\/h2>\n<p>Do\u011fu Saati ile 11:05&#8217;te, iki Pakistanl\u0131 yetkili Associated Press&#8217;e anonim kalma ko\u015fuluyla yapt\u0131\u011f\u0131 a\u00e7\u0131klamada, \u0130ran D\u0131\u015fi\u015fleri Bakan\u0131&#8217;n\u0131n ABD el\u00e7ileriyle g\u00f6r\u00fc\u015fmeden \u0130slamabad&#8217;dan ayr\u0131ld\u0131\u011f\u0131n\u0131 bildirdi. Ba\u015fkan Donald Trump&#8217;\u0131n el\u00e7ileri <strong>Steve Witkoff<\/strong> ve <strong>Jared Kushner<\/strong>&#8216;\u0131n \u0130slamabad&#8217;a ne zaman varmas\u0131 beklendi\u011fi veya Washington D.C.&#8217;den ayr\u0131l\u0131p ayr\u0131lmad\u0131klar\u0131 belirsizli\u011fini korurken, Beyaz Saray Cumartesi g\u00fcn\u00fc yorum yapmaktan ka\u00e7\u0131nd\u0131. \u0130ran D\u0131\u015fi\u015fleri Bakan\u0131&#8217;n\u0131n bu onurlu duru\u015fu, ABD&#8217;nin belirsiz ve tutars\u0131z diplomatik giri\u015fimlerine kar\u015f\u0131 bir cevap olarak de\u011ferlendirildi.<\/p>\n<h2>Hafta Sonu Ate\u015fkes G\u00f6r\u00fc\u015fmeleri ve Belirsizlik<\/h2>\n<p>Daha \u00f6nce Beyaz Saray, Trump&#8217;\u0131n \u0130ran ile ikinci tur ate\u015fkes m\u00fczakereleri i\u00e7in el\u00e7ileri Steve Witkoff ve Jared Kushner&#8217;\u0131 Pakistan&#8217;a g\u00f6nderece\u011fini a\u00e7\u0131klam\u0131\u015ft\u0131. Ancak bu ziyaretin ne zaman ger\u00e7ekle\u015fece\u011fi belirsizdi ve nihayetinde iptal edildi. Ba\u015fkan Yard\u0131mc\u0131s\u0131 <strong>JD Vance<\/strong>&#8216;in g\u00f6r\u00fc\u015fmelere kat\u0131lmayaca\u011f\u0131 da belirtilmi\u015fti. Bu durum, ABD&#8217;nin b\u00f6lgedeki diplomatik \u00e7abalar\u0131n\u0131n ne kadar plans\u0131z ve kaotik oldu\u011funu g\u00f6zler \u00f6n\u00fcne serdi.<\/p>\n<p>#\u0130ran #Trump #H\u00fcrm\u00fczBo\u011faz\u0131 #ABD\u0130ranGerilimi #Diplomasi #Pakistan #N\u00fckleerAnla\u015fma #Ortado\u011fu #K\u00fcreselSiyaset #ABDPolitikas\u0131<\/p>\n","protected":false},"excerpt":{"rendered":"<p>Trump&#8217;tan \u0130ran&#8217;a Y\u00f6nelik \u00c7eli\u015fkili A\u00e7\u0131klamalar: Bar\u0131\u015f Teklifi Reddedildi, Pakistan Ziyareti \u0130ptal B\u00f6lgedeki gerilimin t\u0131rmand\u0131\u011f\u0131 bir d\u00f6nemde, ABD Ba\u015fkan\u0131 Donald Trump&#8216;tan \u0130ran&#8217;a y\u00f6nelik birbiriyle \u00e7eli\u015fen ve tansiyonu art\u0131ran a\u00e7\u0131klamalar geldi. Trump, H\u00fcrm\u00fcz Bo\u011faz\u0131&#8217;n\u0131n yeniden a\u00e7\u0131lmas\u0131 i\u00e7in ABD Donanmas\u0131&#8217;n\u0131n \u0130ran may\u0131nlar\u0131n\u0131 temizledi\u011fini iddia ederken, ayn\u0131 zamanda \u0130ran&#8217;\u0131n yeni bir bar\u0131\u015f teklifini reddetti\u011fini duyurdu. H\u00fcrm\u00fcz Bo\u011faz\u0131&#8217;nda Gerilim ve [&hellip;]<\/p>\n","protected":false},"author":2,"featured_media":11717,"comment_status":"open","ping_status":"open","sticky":false,"template":"","format":"standard","meta":{"footnotes":""},"categories":[31],"tags":[],"class_list":["post-11716","post","type-post","status-publish","format-standard","has-post-thumbnail","hentry","category-iran-haberleri"],"_links":{"self":[{"href":"https:\/\/fajr.news\/index.php?rest_route=\/wp\/v2\/posts\/11716","targetHints":{"allow":["GET"]}}],"collection":[{"href":"https:\/\/fajr.news\/index.php?rest_route=\/wp\/v2\/posts"}],"about":[{"href":"https:\/\/fajr.news\/index.php?rest_route=\/wp\/v2\/types\/post"}],"author":[{"embeddable":true,"href":"https:\/\/fajr.news\/index.php?rest_route=\/wp\/v2\/users\/2"}],"replies":[{"embeddable":true,"href":"https:\/\/fajr.news\/index.php?rest_route=%2Fwp%2Fv2%2Fcomments&post=11716"}],"version-history":[{"count":0,"href":"https:\/\/fajr.news\/index.php?rest_route=\/wp\/v2\/posts\/11716\/revisions"}],"wp:featuredmedia":[{"embeddable":true,"href":"https:\/\/fajr.news\/index.php?rest_route=\/wp\/v2\/media\/11717"}],"wp:attachment":[{"href":"https:\/\/fajr.news\/index.php?rest_route=%2Fwp%2Fv2%2Fmedia&parent=11716"}],"wp:term":[{"taxonomy":"category","embeddable":true,"href":"https:\/\/fajr.news\/index.php?rest_route=%2Fwp%2Fv2%2Fcategories&post=11716"},{"taxonomy":"post_tag","embeddable":true,"href":"https:\/\/fajr.news\/index.php?rest_route=%2Fwp%2Fv2%2Ftags&post=11716"}],"curies":[{"name":"wp","href":"https:\/\/api.w.org\/{rel}","templated":true}]}}