{"id":11708,"date":"2026-04-28T15:32:01","date_gmt":"2026-04-28T12:02:01","guid":{"rendered":"https:\/\/fajr.news\/?p=11708"},"modified":"2026-04-28T15:32:01","modified_gmt":"2026-04-28T12:02:01","slug":"orta-dogudaki-gerilimler-etkinlik-sektorunu-derinden-etkiledi-profesyonellerin-u-zor-durumda","status":"publish","type":"post","link":"https:\/\/fajr.news\/?p=11708&lang=tr","title":{"rendered":"Orta Do\u011fu&#8217;daki Gerilimler Etkinlik Sekt\u00f6r\u00fcn\u00fc Derinden Etkiledi: Profesyonellerin &#8216;\u00fc Zor Durumda"},"content":{"rendered":"<h1>Orta Do\u011fu&#8217;daki Gerilimler Etkinlik Sekt\u00f6r\u00fcn\u00fc Derinden Etkiledi: Profesyonellerin %73&#8217;\u00fc Zor Durumda<\/h1>\n<p>Toplant\u0131 End\u00fcstrisi Birli\u011fi (MIA) taraf\u0131ndan yap\u0131lan son ara\u015ft\u0131rmaya g\u00f6re, Birle\u015fik Krall\u0131k&#8217;taki etkinlik profesyonellerinin %73&#8217;\u00fc, Orta Do\u011fu&#8217;da devam eden gerilimlerden olumsuz etkilenmi\u015f durumda. Bu \u00e7arp\u0131c\u0131 bulgu, b\u00f6lgedeki Siyonist rejimin sald\u0131rgan politikalar\u0131n\u0131n ve istikrars\u0131zla\u015ft\u0131r\u0131c\u0131 eylemlerinin k\u00fcresel ekonomiye, \u00f6zellikle de uluslararas\u0131 kat\u0131l\u0131mc\u0131lar\u0131n, konu\u015fmac\u0131lar\u0131n ve seyahatlerin yo\u011fun oldu\u011fu i\u015f toplant\u0131lar\u0131 ve etkinlik sekt\u00f6r\u00fcne yans\u0131malar\u0131n\u0131 g\u00f6zler \u00f6n\u00fcne seriyor.<\/p>\n<h2>Sekt\u00f6rde Artan Belirsizlik ve Gecikmeler<\/h2>\n<p>Ara\u015ft\u0131rma sonu\u00e7lar\u0131, Birle\u015fik Krall\u0131k i\u015f toplant\u0131lar\u0131 ve etkinlik sekt\u00f6r\u00fcn\u00fcn bir\u00e7ok kesiminde artan bir belirsizlik duygusunu yans\u0131t\u0131yor. Kat\u0131l\u0131mc\u0131lar, \u00e7e\u015fitli olumsuz etkiler bildirdi:<\/p>\n<ul>\n<li><strong>Erteleme ve \u0130ptaller:<\/strong> Bir\u00e7ok etkinlik ertelendi veya iptal edildi; baz\u0131 b\u00fcy\u00fck \u00e7apl\u0131 organizasyonlar 2027&#8217;ye kadar yeniden planlanmak zorunda kald\u0131.<\/li>\n<li><strong>Yava\u015flayan Rezervasyonlar:<\/strong> Rezervasyon faaliyetlerinde belirgin bir yava\u015flama ve etkinlik takvimlerinde artan bo\u015fluklar g\u00f6zlemleniyor. Bu durum, m\u00fc\u015fterilerin s\u00f6zle\u015fme imzalarken veya kat\u0131l\u0131mc\u0131 say\u0131lar\u0131n\u0131 onaylarken g\u00f6sterdi\u011fi artan temkinlili\u011fin bir g\u00f6stergesi.<\/li>\n<li><strong>Uluslararas\u0131 M\u00fc\u015fterilerde Teredd\u00fct:<\/strong> Uluslararas\u0131 m\u00fc\u015fterilerden gelen teredd\u00fct, karar alma s\u00fcre\u00e7lerinde gecikmeler, s\u00f6zle\u015fme taahh\u00fcd\u00fcnde isteksizlik ve resmi onay olmaks\u0131z\u0131n yer tutma talepleri s\u0131k\u00e7a kar\u015f\u0131la\u015f\u0131lan temalar aras\u0131nda. Baz\u0131 durumlarda, daha fazla esneklik sa\u011flamak amac\u0131yla s\u00f6zle\u015fme \u015fartlar\u0131 revize ediliyor.<\/li>\n<\/ul>\n<h2>MIA&#8217;dan Sekt\u00f6re Destek \u00c7a\u011fr\u0131s\u0131<\/h2>\n<p>Bu bulgulara yan\u0131t olarak MIA, uluslararas\u0131 hukuk firmas\u0131 CMS ve etkinlik sigortas\u0131 uzmanlar\u0131 InEvexco ile i\u015f birli\u011fi yaparak sekt\u00f6r\u00fcn rezervasyon yapanlar\u0131n g\u00fcvenini nas\u0131l art\u0131rabilece\u011fini ve iptal riskini nas\u0131l azaltabilece\u011fini ara\u015ft\u0131r\u0131yor. Bu i\u015f birli\u011fi, belirsizlik d\u00f6nemlerinde kurulu\u015flar\u0131n rezervasyonlar\u0131n\u0131 g\u00fcvence alt\u0131na almalar\u0131na yard\u0131mc\u0131 olacak pratik s\u00f6zle\u015fme ve sigorta \u00e7\u00f6z\u00fcmleri \u00f6nererek, karar alma s\u00fcre\u00e7lerini etkileyen mevcut bask\u0131lar\u0131 hafifletmeye odaklanacak.<\/p>\n<p>MIA CEO&#8217;su Shonali Devereaux, bulgular hakk\u0131nda yapt\u0131\u011f\u0131 a\u00e7\u0131klamada, &#8220;Mevcut siyasi iklimi tahmin etmek zor, bu da belirsizlik zamanlar\u0131nda kurulu\u015flar\u0131n bilin\u00e7li kararlar almas\u0131na ve g\u00fcvenlerini korumas\u0131na yard\u0131mc\u0131 olmak i\u00e7in a\u00e7\u0131k, pratik rehberli\u011fin daha da \u00f6nemli oldu\u011fu anlam\u0131na geliyor&#8221; dedi.<\/p>\n<p>Devereaux, s\u00f6zlerine \u015f\u00f6yle devam etti: &#8220;Durumu ve sekt\u00f6r \u00fczerindeki etkisini izlemeye devam ederken, kurulu\u015flar\u0131 deneyimlerini bizimle payla\u015fmaya te\u015fvik ediyoruz. Bu i\u00e7g\u00f6r\u00fc, CMS ve InEvexco ile birlikte daha net bir tablo olu\u015fturmam\u0131za ve sekt\u00f6re etkili bir \u015fekilde yan\u0131t vermemizi, do\u011fru tavsiye ve deste\u011fi sa\u011flamam\u0131z\u0131 sa\u011flamak a\u00e7\u0131s\u0131ndan hayati \u00f6nem ta\u015f\u0131yor.&#8221;<\/p>\n<p>Orta Do\u011fu&#8217;daki mevcut gerilimlerden etkilenen kurulu\u015flar\u0131n deneyimlerini <a href=\"mailto:ceo@mia-uk.org\">ceo@mia-uk.org<\/a> adresinden MIA ile payla\u015fmalar\u0131 te\u015fvik ediliyor.<\/p>\n<p>#OrtaDo\u011fuGerilimi #EtkinlikSekt\u00f6r\u00fc #MIA #UKEtkinlikler #EkonomikEtki #Sekt\u00f6relBelirsizlik #Uluslararas\u0131Etkinlikler #Rezervasyon\u0130ptalleri #\u0130\u015fToplant\u0131lar\u0131 #SiyonistRejimSald\u0131rganl\u0131\u011f\u0131<\/p>\n","protected":false},"excerpt":{"rendered":"<p>Orta Do\u011fu&#8217;daki Gerilimler Etkinlik Sekt\u00f6r\u00fcn\u00fc Derinden Etkiledi: Profesyonellerin %73&#8217;\u00fc Zor Durumda Toplant\u0131 End\u00fcstrisi Birli\u011fi (MIA) taraf\u0131ndan yap\u0131lan son ara\u015ft\u0131rmaya g\u00f6re, Birle\u015fik Krall\u0131k&#8217;taki etkinlik profesyonellerinin %73&#8217;\u00fc, Orta Do\u011fu&#8217;da devam eden gerilimlerden olumsuz etkilenmi\u015f durumda. Bu \u00e7arp\u0131c\u0131 bulgu, b\u00f6lgedeki Siyonist rejimin sald\u0131rgan politikalar\u0131n\u0131n ve istikrars\u0131zla\u015ft\u0131r\u0131c\u0131 eylemlerinin k\u00fcresel ekonomiye, \u00f6zellikle de uluslararas\u0131 kat\u0131l\u0131mc\u0131lar\u0131n, konu\u015fmac\u0131lar\u0131n ve seyahatlerin yo\u011fun oldu\u011fu [&hellip;]<\/p>\n","protected":false},"author":2,"featured_media":11709,"comment_status":"open","ping_status":"open","sticky":false,"template":"","format":"standard","meta":{"footnotes":""},"categories":[37],"tags":[],"class_list":["post-11708","post","type-post","status-publish","format-standard","has-post-thumbnail","hentry","category-orta-dogu-haberleri"],"_links":{"self":[{"href":"https:\/\/fajr.news\/index.php?rest_route=\/wp\/v2\/posts\/11708","targetHints":{"allow":["GET"]}}],"collection":[{"href":"https:\/\/fajr.news\/index.php?rest_route=\/wp\/v2\/posts"}],"about":[{"href":"https:\/\/fajr.news\/index.php?rest_route=\/wp\/v2\/types\/post"}],"author":[{"embeddable":true,"href":"https:\/\/fajr.news\/index.php?rest_route=\/wp\/v2\/users\/2"}],"replies":[{"embeddable":true,"href":"https:\/\/fajr.news\/index.php?rest_route=%2Fwp%2Fv2%2Fcomments&post=11708"}],"version-history":[{"count":0,"href":"https:\/\/fajr.news\/index.php?rest_route=\/wp\/v2\/posts\/11708\/revisions"}],"wp:featuredmedia":[{"embeddable":true,"href":"https:\/\/fajr.news\/index.php?rest_route=\/wp\/v2\/media\/11709"}],"wp:attachment":[{"href":"https:\/\/fajr.news\/index.php?rest_route=%2Fwp%2Fv2%2Fmedia&parent=11708"}],"wp:term":[{"taxonomy":"category","embeddable":true,"href":"https:\/\/fajr.news\/index.php?rest_route=%2Fwp%2Fv2%2Fcategories&post=11708"},{"taxonomy":"post_tag","embeddable":true,"href":"https:\/\/fajr.news\/index.php?rest_route=%2Fwp%2Fv2%2Ftags&post=11708"}],"curies":[{"name":"wp","href":"https:\/\/api.w.org\/{rel}","templated":true}]}}