{"id":11678,"date":"2026-04-28T14:49:12","date_gmt":"2026-04-28T11:19:12","guid":{"rendered":"https:\/\/fajr.news\/?p=11678"},"modified":"2026-04-28T14:49:12","modified_gmt":"2026-04-28T11:19:12","slug":"wpp-reklam-grubu-ortadogudaki-belirsizlige-ragmen-finansal-tahminlerini-koruyor","status":"publish","type":"post","link":"https:\/\/fajr.news\/?p=11678&lang=tr","title":{"rendered":"WPP Reklam Grubu Ortado\u011fu&#8217;daki Belirsizli\u011fe Ra\u011fmen Finansal Tahminlerini Koruyor"},"content":{"rendered":"<h1>WPP Reklam Grubu Ortado\u011fu&#8217;daki Belirsizli\u011fe Ra\u011fmen Finansal Tahminlerini Koruyor<\/h1>\n<p><strong>LONDRA<\/strong> \u2013 K\u00fcresel reklamc\u0131l\u0131k devi WPP, Ortado\u011fu b\u00f6lgesinde ya\u015fanan geli\u015fmelerin k\u0131sa vadede belirsizlik yaratt\u0131\u011f\u0131n\u0131 ifade etse de, y\u0131l\u0131n ilk yar\u0131s\u0131 i\u00e7in belirledi\u011fi finansal hedeflerinden sapmayaca\u011f\u0131n\u0131 a\u00e7\u0131klad\u0131. \u015eirket, benzer gelirlerdeki ge\u00e7i\u015f maliyetleri d\u00fc\u015f\u00fcld\u00fckten sonra orta ila y\u00fcksek tek haneli bir d\u00fc\u015f\u00fc\u015f beklentisini korudu\u011funu duyurdu.<\/p>\n<p>\u0130ngiliz merkezli \u015firket, Sal\u0131 g\u00fcn\u00fc yapt\u0131\u011f\u0131 a\u00e7\u0131klamada, y\u0131l\u0131n ilk \u00e7eyre\u011fine ili\u015fkin finansal sonu\u00e7lar\u0131n\u0131 kamuoyuyla payla\u015ft\u0131. Buna g\u00f6re, ge\u00e7i\u015f maliyetleri d\u00fc\u015f\u00fcld\u00fckten sonraki geliri 2,26 milyar sterlin (yakla\u015f\u0131k 3,05 milyar dolar) olarak ger\u00e7ekle\u015fti. Bu rakam, benzer bazda %6,7&#8217;lik bir d\u00fc\u015f\u00fc\u015fe i\u015faret etse de, piyasa analistlerinin beklentilerinin bir miktar \u00fczerinde seyretti\u011fi g\u00f6r\u00fcld\u00fc. (1 dolar = 0.7399 sterlin)<\/p>\n<p>#WPP #Reklamc\u0131l\u0131k #Ortado\u011fu #FinansalTahmin #Ekonomi #PiyasaAnalizi #K\u00fcreselPiyasalar #\u0130ngiliz\u015eirketi #GelirRaporu #Belirsizlik<\/p>\n","protected":false},"excerpt":{"rendered":"<p>WPP Reklam Grubu Ortado\u011fu&#8217;daki Belirsizli\u011fe Ra\u011fmen Finansal Tahminlerini Koruyor LONDRA \u2013 K\u00fcresel reklamc\u0131l\u0131k devi WPP, Ortado\u011fu b\u00f6lgesinde ya\u015fanan geli\u015fmelerin k\u0131sa vadede belirsizlik yaratt\u0131\u011f\u0131n\u0131 ifade etse de, y\u0131l\u0131n ilk yar\u0131s\u0131 i\u00e7in belirledi\u011fi finansal hedeflerinden sapmayaca\u011f\u0131n\u0131 a\u00e7\u0131klad\u0131. \u015eirket, benzer gelirlerdeki ge\u00e7i\u015f maliyetleri d\u00fc\u015f\u00fcld\u00fckten sonra orta ila y\u00fcksek tek haneli bir d\u00fc\u015f\u00fc\u015f beklentisini korudu\u011funu duyurdu. \u0130ngiliz merkezli \u015firket, [&hellip;]<\/p>\n","protected":false},"author":2,"featured_media":11679,"comment_status":"open","ping_status":"open","sticky":false,"template":"","format":"standard","meta":{"footnotes":""},"categories":[37],"tags":[],"class_list":["post-11678","post","type-post","status-publish","format-standard","has-post-thumbnail","hentry","category-orta-dogu-haberleri"],"_links":{"self":[{"href":"https:\/\/fajr.news\/index.php?rest_route=\/wp\/v2\/posts\/11678","targetHints":{"allow":["GET"]}}],"collection":[{"href":"https:\/\/fajr.news\/index.php?rest_route=\/wp\/v2\/posts"}],"about":[{"href":"https:\/\/fajr.news\/index.php?rest_route=\/wp\/v2\/types\/post"}],"author":[{"embeddable":true,"href":"https:\/\/fajr.news\/index.php?rest_route=\/wp\/v2\/users\/2"}],"replies":[{"embeddable":true,"href":"https:\/\/fajr.news\/index.php?rest_route=%2Fwp%2Fv2%2Fcomments&post=11678"}],"version-history":[{"count":0,"href":"https:\/\/fajr.news\/index.php?rest_route=\/wp\/v2\/posts\/11678\/revisions"}],"wp:featuredmedia":[{"embeddable":true,"href":"https:\/\/fajr.news\/index.php?rest_route=\/wp\/v2\/media\/11679"}],"wp:attachment":[{"href":"https:\/\/fajr.news\/index.php?rest_route=%2Fwp%2Fv2%2Fmedia&parent=11678"}],"wp:term":[{"taxonomy":"category","embeddable":true,"href":"https:\/\/fajr.news\/index.php?rest_route=%2Fwp%2Fv2%2Fcategories&post=11678"},{"taxonomy":"post_tag","embeddable":true,"href":"https:\/\/fajr.news\/index.php?rest_route=%2Fwp%2Fv2%2Ftags&post=11678"}],"curies":[{"name":"wp","href":"https:\/\/api.w.org\/{rel}","templated":true}]}}