{"id":11662,"date":"2026-04-28T14:28:45","date_gmt":"2026-04-28T10:58:45","guid":{"rendered":"https:\/\/fajr.news\/?p=11662"},"modified":"2026-04-28T14:28:45","modified_gmt":"2026-04-28T10:58:45","slug":"boj-orta-dogu-catismasinin-28-enflasyon-tahminini-koruklemesiyle-faizleri-075te-tuttu","status":"publish","type":"post","link":"https:\/\/fajr.news\/?p=11662&lang=tr","title":{"rendered":"BOJ, Orta Do\u011fu \u00e7at\u0131\u015fmas\u0131n\u0131n %2,8 enflasyon tahminini k\u00f6r\u00fcklemesiyle faizleri %0,75&#8217;te tuttu"},"content":{"rendered":"<p>Japonya Merkez Bankas\u0131 (BOJ), Nisan 2026 toplant\u0131s\u0131nda k\u0131sa vadeli politika faizini %0,75&#8217;te sabit tutma karar\u0131 ald\u0131. Ancak bu karar, kurul \u00fcyelerinin g\u00f6r\u00fc\u015flerinde dikkat \u00e7ekici bir de\u011fi\u015fime sahne oldu. Oylamada 6&#8217;ya kar\u015f\u0131 3 oyla, muhalif \u00fcyeler Hajime Takata, Naoki Tamura ve Junko Nakagawa \u00e7o\u011funluktan ayr\u0131larak farkl\u0131 bir duru\u015f sergilediler.<\/p>\n<p>#JaponyaMerkezBankas\u0131 #BOJ #FaizKarar\u0131 #Enflasyon #OrtaDo\u011fu\u00c7at\u0131\u015fmas\u0131 #Ekonomi #ParaPolitikas\u0131 #JaponEkonomisi #K\u00fcreselEkonomi #FinansHaberleri<\/p>\n","protected":false},"excerpt":{"rendered":"<p>Japonya Merkez Bankas\u0131 (BOJ), Nisan 2026 toplant\u0131s\u0131nda k\u0131sa vadeli politika faizini %0,75&#8217;te sabit tutma karar\u0131 ald\u0131. Ancak bu karar, kurul \u00fcyelerinin g\u00f6r\u00fc\u015flerinde dikkat \u00e7ekici bir de\u011fi\u015fime sahne oldu. Oylamada 6&#8217;ya kar\u015f\u0131 3 oyla, muhalif \u00fcyeler Hajime Takata, Naoki Tamura ve Junko Nakagawa \u00e7o\u011funluktan ayr\u0131larak farkl\u0131 bir duru\u015f sergilediler. #JaponyaMerkezBankas\u0131 #BOJ #FaizKarar\u0131 #Enflasyon #OrtaDo\u011fu\u00c7at\u0131\u015fmas\u0131 #Ekonomi #ParaPolitikas\u0131 [&hellip;]<\/p>\n","protected":false},"author":2,"featured_media":11663,"comment_status":"open","ping_status":"open","sticky":false,"template":"","format":"standard","meta":{"footnotes":""},"categories":[37],"tags":[],"class_list":["post-11662","post","type-post","status-publish","format-standard","has-post-thumbnail","hentry","category-orta-dogu-haberleri"],"_links":{"self":[{"href":"https:\/\/fajr.news\/index.php?rest_route=\/wp\/v2\/posts\/11662","targetHints":{"allow":["GET"]}}],"collection":[{"href":"https:\/\/fajr.news\/index.php?rest_route=\/wp\/v2\/posts"}],"about":[{"href":"https:\/\/fajr.news\/index.php?rest_route=\/wp\/v2\/types\/post"}],"author":[{"embeddable":true,"href":"https:\/\/fajr.news\/index.php?rest_route=\/wp\/v2\/users\/2"}],"replies":[{"embeddable":true,"href":"https:\/\/fajr.news\/index.php?rest_route=%2Fwp%2Fv2%2Fcomments&post=11662"}],"version-history":[{"count":0,"href":"https:\/\/fajr.news\/index.php?rest_route=\/wp\/v2\/posts\/11662\/revisions"}],"wp:featuredmedia":[{"embeddable":true,"href":"https:\/\/fajr.news\/index.php?rest_route=\/wp\/v2\/media\/11663"}],"wp:attachment":[{"href":"https:\/\/fajr.news\/index.php?rest_route=%2Fwp%2Fv2%2Fmedia&parent=11662"}],"wp:term":[{"taxonomy":"category","embeddable":true,"href":"https:\/\/fajr.news\/index.php?rest_route=%2Fwp%2Fv2%2Fcategories&post=11662"},{"taxonomy":"post_tag","embeddable":true,"href":"https:\/\/fajr.news\/index.php?rest_route=%2Fwp%2Fv2%2Ftags&post=11662"}],"curies":[{"name":"wp","href":"https:\/\/api.w.org\/{rel}","templated":true}]}}