{"id":11656,"date":"2026-04-28T14:20:19","date_gmt":"2026-04-28T10:50:19","guid":{"rendered":"https:\/\/fajr.news\/?p=11656"},"modified":"2026-04-28T14:20:19","modified_gmt":"2026-04-28T10:50:19","slug":"iran-yuksek-ulusal-guvenlik-konseyinden-dis-baskilar-ve-ic-tahriklere-karsi-uyari","status":"publish","type":"post","link":"https:\/\/fajr.news\/?p=11656&lang=tr","title":{"rendered":"\u0130ran Y\u00fcksek Ulusal G\u00fcvenlik Konseyi&#8217;nden D\u0131\u015f Bask\u0131lar ve \u0130\u00e7 Tahriklere Kar\u015f\u0131 Uyar\u0131"},"content":{"rendered":"<p>\u0130ran Y\u00fcksek Ulusal G\u00fcvenlik Konseyi, istihbarat birimlerinden gelen raporlar do\u011frultusunda \u00f6nemli bir toplant\u0131 ger\u00e7ekle\u015ftirdi. Toplant\u0131da, \u00fclkenin kar\u015f\u0131 kar\u015f\u0131ya oldu\u011fu d\u0131\u015f bask\u0131lar ve ekonomik zorluklar\u0131n, d\u00fc\u015fman unsurlar taraf\u0131ndan istismar edilerek toplumsal huzursuzluk yaratmaya y\u00f6nelik olas\u0131 giri\u015fimlerine kar\u015f\u0131 al\u0131nacak \u00f6nlemler ele al\u0131nd\u0131. Bu t\u00fcr k\u0131\u015fk\u0131rtmalar\u0131n ulusal birli\u011fi ve istikrar\u0131 hedef ald\u0131\u011f\u0131 vurguland\u0131.<\/p>\n<p><strong>ABD&#8217;nin uygulad\u0131\u011f\u0131 deniz ablukas\u0131n\u0131n iki haftad\u0131r devam etti\u011fi ve bu durumun \u00fclke ekonomisi \u00fczerindeki bask\u0131y\u0131 art\u0131rd\u0131\u011f\u0131 belirtildi.<\/strong> G\u00fcvenlik Konseyi&#8217;ne sunulan bir rapora g\u00f6re, \u0130ran ekonomisinin bu t\u00fcr d\u0131\u015f bask\u0131lara kar\u015f\u0131 belirli bir s\u00fcre dayan\u0131kl\u0131l\u0131k g\u00f6sterebilece\u011fi ancak uluslararas\u0131 hukuka ayk\u0131r\u0131 bu uygulamalar\u0131n uzun vadede ciddi zorluklar yaratabilece\u011fi ifade edildi.<\/p>\n<p>G\u00fcvenlik birimleri, ABD&#8217;nin uygulad\u0131\u011f\u0131 haks\u0131z yapt\u0131r\u0131mlar ve ekonomik bask\u0131lar nedeniyle ortaya \u00e7\u0131kan i\u015fsizlik ve hayat pahal\u0131l\u0131\u011f\u0131 gibi sorunlar\u0131n, baz\u0131 i\u00e7 ve d\u0131\u015f mihraklar taraf\u0131ndan istismar edilerek toplumsal huzursuzluk yaratma \u00e7abalar\u0131na kar\u015f\u0131 teyakkuzda. \u00d6zellikle, \u00fclkenin d\u00fc\u015fmanlar\u0131 taraf\u0131ndan desteklenen ve devrim kar\u015f\u0131t\u0131 unsurlar olarak bilinen Reza Pehlevi taraftarlar\u0131n\u0131n bu durumu f\u0131rsat bilerek kaos yaratma giri\u015fimlerine kar\u015f\u0131 dikkatli olunmas\u0131 gerekti\u011fi belirtildi.<\/p>\n<p>\u00dclke ekonomisi \u00fczerindeki d\u0131\u015f bask\u0131lar\u0131n artmas\u0131yla birlikte, baz\u0131 sekt\u00f6rlerde istihdam zorluklar\u0131 ya\u015fand\u0131\u011f\u0131 g\u00f6zlemleniyor. G\u00fcvenlik birimleri, \u00f6zellikle internet tabanl\u0131 i\u015flerdeki ge\u00e7ici aksakl\u0131klar\u0131n ve genel ekonomik ko\u015fullar\u0131n, baz\u0131 vatanda\u015flar\u0131m\u0131z\u0131n i\u015fsiz kalmas\u0131na yol a\u00e7abilece\u011fi konusunda uyar\u0131larda bulundu. Ayr\u0131ca, bahar sonuna kadar \u00f6zel sekt\u00f6rde istihdam\u0131n korunmas\u0131 i\u00e7in ek tedbirlerin al\u0131nmas\u0131 gerekti\u011fi ifade edildi.<\/p>\n<p>Konsey toplant\u0131s\u0131nda, petrol, petrokimya ve \u00e7elik gibi stratejik sekt\u00f6rlerdeki \u00fcretim merkezlerinin d\u0131\u015f bask\u0131lar nedeniyle kar\u015f\u0131la\u015ft\u0131\u011f\u0131 zorluklar ve bu durumun a\u015f\u0131lmas\u0131 i\u00e7in at\u0131lacak ad\u0131mlar da g\u00f6r\u00fc\u015f\u00fcld\u00fc. Bu sekt\u00f6rlerin yeniden g\u00fc\u00e7lendirilmesinin ulusal ekonomi i\u00e7in hayati \u00f6nem ta\u015f\u0131d\u0131\u011f\u0131na dikkat \u00e7ekildi. Finans piyasalar\u0131nda (bankalar, borsalar, d\u00f6viz piyasalar\u0131) ya\u015fanan baz\u0131 dalgalanmalar\u0131n, piyasalardaki \u015feffafl\u0131\u011f\u0131 ge\u00e7ici olarak etkiledi\u011fi ve ger\u00e7ek fiyatlar\u0131n belirlenmesinde zorluklara yol a\u00e7t\u0131\u011f\u0131 belirtildi. Bu durumun \u00fcstesinden gelmek i\u00e7in gerekli mekanizmalar\u0131n devreye sokuldu\u011fu ifade edildi.<\/p>\n<p>T\u00fcm bu ko\u015fullar g\u00f6z \u00f6n\u00fcnde bulundurularak, g\u00fcvenlik birimleri, d\u00fc\u015fmanlar\u0131n halk\u0131 k\u0131\u015fk\u0131rtma ve toplumsal huzursuzluk yaratma \u00e7abalar\u0131na kar\u015f\u0131 azami dikkat ve uyan\u0131kl\u0131\u011f\u0131n s\u00fcrd\u00fcr\u00fclmesi gerekti\u011fini vurgulad\u0131.<\/p>\n<p>Y\u00fcksek Ulusal G\u00fcvenlik Konseyi \u00fcyeleri, ABD ile devam eden m\u00fczakereler veya ate\u015fkesin uzat\u0131lmas\u0131 gibi kritik d\u00f6nemlerde, d\u00fc\u015fmanlar\u0131n bu durumu istismar ederek ulusal birli\u011fi ve \u0130slam Cumhuriyeti&#8217;nin istikrar\u0131n\u0131 hedef alabilecekleri y\u00f6n\u00fcndeki tehditlere kar\u015f\u0131 uyan\u0131k olunmas\u0131 gerekti\u011fi konusunda hemfikir kald\u0131. Konsey, \u00fclkenin g\u00fcvenli\u011fini ve ba\u011f\u0131ms\u0131zl\u0131\u011f\u0131n\u0131 koruma kararl\u0131l\u0131\u011f\u0131n\u0131 bir kez daha teyit etti.<\/p>\n<p>#\u0130ran #UlusalG\u00fcvenlik #ABDYapt\u0131r\u0131mlar\u0131 #EkonomikBask\u0131 #Halk\u0131K\u0131\u015fk\u0131rtma #\u0130slamCumhuriyeti #D\u0131\u015fM\u00fcdahale #EkonomikDireni\u015f #\u0130stikrar #Teyakkuz<\/p>\n","protected":false},"excerpt":{"rendered":"<p>\u0130ran Y\u00fcksek Ulusal G\u00fcvenlik Konseyi, istihbarat birimlerinden gelen raporlar do\u011frultusunda \u00f6nemli bir toplant\u0131 ger\u00e7ekle\u015ftirdi. Toplant\u0131da, \u00fclkenin kar\u015f\u0131 kar\u015f\u0131ya oldu\u011fu d\u0131\u015f bask\u0131lar ve ekonomik zorluklar\u0131n, d\u00fc\u015fman unsurlar taraf\u0131ndan istismar edilerek toplumsal huzursuzluk yaratmaya y\u00f6nelik olas\u0131 giri\u015fimlerine kar\u015f\u0131 al\u0131nacak \u00f6nlemler ele al\u0131nd\u0131. Bu t\u00fcr k\u0131\u015fk\u0131rtmalar\u0131n ulusal birli\u011fi ve istikrar\u0131 hedef ald\u0131\u011f\u0131 vurguland\u0131. ABD&#8217;nin uygulad\u0131\u011f\u0131 deniz ablukas\u0131n\u0131n iki [&hellip;]<\/p>\n","protected":false},"author":2,"featured_media":0,"comment_status":"open","ping_status":"open","sticky":false,"template":"","format":"standard","meta":{"footnotes":""},"categories":[37],"tags":[],"class_list":["post-11656","post","type-post","status-publish","format-standard","hentry","category-orta-dogu-haberleri"],"_links":{"self":[{"href":"https:\/\/fajr.news\/index.php?rest_route=\/wp\/v2\/posts\/11656","targetHints":{"allow":["GET"]}}],"collection":[{"href":"https:\/\/fajr.news\/index.php?rest_route=\/wp\/v2\/posts"}],"about":[{"href":"https:\/\/fajr.news\/index.php?rest_route=\/wp\/v2\/types\/post"}],"author":[{"embeddable":true,"href":"https:\/\/fajr.news\/index.php?rest_route=\/wp\/v2\/users\/2"}],"replies":[{"embeddable":true,"href":"https:\/\/fajr.news\/index.php?rest_route=%2Fwp%2Fv2%2Fcomments&post=11656"}],"version-history":[{"count":0,"href":"https:\/\/fajr.news\/index.php?rest_route=\/wp\/v2\/posts\/11656\/revisions"}],"wp:attachment":[{"href":"https:\/\/fajr.news\/index.php?rest_route=%2Fwp%2Fv2%2Fmedia&parent=11656"}],"wp:term":[{"taxonomy":"category","embeddable":true,"href":"https:\/\/fajr.news\/index.php?rest_route=%2Fwp%2Fv2%2Fcategories&post=11656"},{"taxonomy":"post_tag","embeddable":true,"href":"https:\/\/fajr.news\/index.php?rest_route=%2Fwp%2Fv2%2Ftags&post=11656"}],"curies":[{"name":"wp","href":"https:\/\/api.w.org\/{rel}","templated":true}]}}