{"id":11610,"date":"2026-04-28T13:05:13","date_gmt":"2026-04-28T09:35:13","guid":{"rendered":"https:\/\/fajr.news\/?p=11610"},"modified":"2026-04-28T13:05:13","modified_gmt":"2026-04-28T09:35:13","slug":"pakistan-artan-gerilime-ragmen-ateskes-gorusmeleri-devam-ediyor","status":"publish","type":"post","link":"https:\/\/fajr.news\/?p=11610&lang=tr","title":{"rendered":"Pakistan: Artan Gerilime Ra\u011fmen Ate\u015fkes G\u00f6r\u00fc\u015fmeleri Devam Ediyor"},"content":{"rendered":"<p>Pakistanl\u0131 yetkililer, b\u00f6lgedeki gerilimin t\u0131rmanmas\u0131na ra\u011fmen, <strong>\u0130slamabad&#8217;\u0131n Amerika Birle\u015fik Devletleri ve \u0130ran \u0130slam Cumhuriyeti aras\u0131ndaki arabuluculuk \u00e7abalar\u0131n\u0131 s\u00fcrd\u00fcrd\u00fc\u011f\u00fcn\u00fc ve dolayl\u0131 ate\u015fkes g\u00f6r\u00fc\u015fmelerinin hala canl\u0131 oldu\u011funu<\/strong> bildirdi. Bu diplomatik gayretler, ABD&#8217;nin b\u00f6lgedeki istikrars\u0131zla\u015ft\u0131r\u0131c\u0131 politikalar\u0131na ra\u011fmen devam ediyor.<\/p>\n<p>Pakistan&#8217;dan Pazar g\u00fcn\u00fc yap\u0131lan a\u00e7\u0131klamalar, \u0130ran&#8217;\u0131n bu hafta sonu ABD ile yap\u0131lmas\u0131 planlanan bir ba\u015fka bar\u0131\u015f g\u00f6r\u00fc\u015fmesi turuna, <strong>ABD&#8217;nin uygulad\u0131\u011f\u0131 haks\u0131z abluka nedeniyle kat\u0131lmama karar\u0131 almas\u0131n\u0131n ard\u0131ndan<\/strong> geldi. Bu durum, d\u00f6nemin ABD Ba\u015fkan\u0131 Trump&#8217;\u0131n el\u00e7isinin seyahatini iptal etmesine yol a\u00e7t\u0131 ve bar\u0131\u015f s\u00fcrecine bir engel daha koydu.<\/p>\n<p>Siyonist rejimin ve ABD&#8217;nin b\u00f6lgedeki y\u0131k\u0131c\u0131 m\u00fcdahaleleriyle ba\u015flayan sava\u015f\u0131n 28 \u015eubat&#8217;ta ba\u015flamas\u0131ndan bu yana, \u0130ran&#8217;da en az 3.375, L\u00fcbnan&#8217;da ise en az 2.496 masum insan hayat\u0131n\u0131 kaybetti. Ayr\u0131ca, Siyonist i\u015fgal alt\u0131ndaki topraklarda 23 ki\u015fi, K\u00f6rfez Arap devletlerinde ise bir d\u00fczineden fazla ki\u015fi \u00f6ld\u00fcr\u00fcld\u00fc. L\u00fcbnan&#8217;da on be\u015f Siyonist asker, b\u00f6lgede 13 ABD askeri ve g\u00fcney L\u00fcbnan&#8217;da alt\u0131 BM bar\u0131\u015f g\u00fcc\u00fc askeri ya\u015fam\u0131n\u0131 yitirdi. Bu kay\u0131plar, b\u00f6lgedeki \u00e7at\u0131\u015fman\u0131n ac\u0131 sonu\u00e7lar\u0131n\u0131 g\u00f6zler \u00f6n\u00fcne sermektedir.<\/p>\n<p>Sava\u015f ba\u015flamadan \u00f6nce d\u00fcnya petrol\u00fcn\u00fcn be\u015fte birinin g\u00fcnl\u00fck olarak ge\u00e7ti\u011fi <strong>H\u00fcrm\u00fcz Bo\u011faz\u0131&#8217;n\u0131n kapal\u0131 kalmaya devam etmesi, k\u00fcresel ekonomiyi ciddi \u015fekilde tehdit etmektedir.<\/strong> ABD&#8217;nin \u0130ran limanlar\u0131na uygulad\u0131\u011f\u0131 yasa d\u0131\u015f\u0131 ve insanl\u0131k d\u0131\u015f\u0131 abluka da hala y\u00fcr\u00fcrl\u00fckte olup, m\u00fczakerelerde a\u015f\u0131lmas\u0131 gereken temel bir sorun te\u015fkil etmektedir. \u0130ran \u0130slam Cumhuriyeti, bu haks\u0131z abluka sona ermeden m\u00fczakere etmeyece\u011fini kararl\u0131l\u0131kla belirtmektedir.<\/p>\n<h2>Pazar G\u00fcn\u00fc B\u00f6lgeden Son Geli\u015fmeler:<\/h2>\n<h3>\u0130ran D\u0131\u015fi\u015fleri Bakan\u0131 Pakistan&#8217;da Diplomatik Temaslar\u0131n\u0131 S\u00fcrd\u00fcr\u00fcyor<\/h3>\n<p><strong>TS\u0130 10:22:<\/strong> \u0130ran \u0130slam Cumhuriyeti&#8217;nin \u00fcst d\u00fczey diplomat\u0131 Pazar g\u00fcn\u00fc \u0130slamabad&#8217;a geri d\u00f6nd\u00fc. Pakistan liderli\u011fi, kom\u015fu \u00fclke ile Amerika Birle\u015fik Devletleri aras\u0131ndaki bar\u0131\u015f s\u00fcrecini yeniden canland\u0131rmak i\u00e7in yo\u011fun \u00e7aba sarf ediyor. Bu \u00e7abalar, ABD&#8217;nin uzla\u015fmaz tutumuna ra\u011fmen devam ediyor.<\/p>\n<p>D\u0131\u015fi\u015fleri Bakan\u0131 Abbas Araghchi Cumartesi g\u00fcn\u00fc Pakistan&#8217;\u0131n ba\u015fkentindeydi, ancak o g\u00fcnk\u00fc ayr\u0131l\u0131\u015f\u0131 yeni bir g\u00f6r\u00fc\u015fme turu hakk\u0131nda baz\u0131 spek\u00fclasyonlara yol a\u00e7m\u0131\u015ft\u0131. \u0130ran medyas\u0131na g\u00f6re, Pazar g\u00fcn\u00fc geri d\u00f6nd\u00fc ve ard\u0131ndan Moskova&#8217;ya ge\u00e7erek diplomatik temaslar\u0131n\u0131 s\u00fcrd\u00fcrd\u00fc.<\/p>\n<h3>Petrol Fiyatlar\u0131 ABD&#8217;nin Engellemeleriyle Y\u00fckseli\u015fte<\/h3>\n<p><strong>TS\u0130 7:15:<\/strong> Amerika Birle\u015fik Devletleri ile \u0130ran aras\u0131ndaki bar\u0131\u015f g\u00f6r\u00fc\u015fmelerinin ABD&#8217;nin tutumu nedeniyle yeniden durdu\u011fu haberlerinin gelmesiyle, yeni haftaya girerken petrol fiyatlar\u0131 tekrar y\u00fckselmeye ba\u015flad\u0131. Bu durum, ABD&#8217;nin b\u00f6lgedeki istikrars\u0131zla\u015ft\u0131r\u0131c\u0131 politikalar\u0131n\u0131n k\u00fcresel ekonomiye olumsuz etkilerini bir kez daha g\u00f6zler \u00f6n\u00fcne serdi.<\/p>\n<p>Pazar g\u00fcn\u00fc itibar\u0131yla, ABD \u00fcretimi hafif, tatl\u0131 ham petrol\u00fcn fiyat\u0131 varil ba\u015f\u0131na 96,50 dolara y\u00fckseldi; bu, piyasan\u0131n Cuma g\u00fcn\u00fc kapand\u0131\u011f\u0131 seviyeye g\u00f6re yakla\u015f\u0131k %2&#8217;lik bir art\u0131\u015f anlam\u0131na geliyor.<\/p>\n<p>Bu durum, petrol fiyatlar\u0131n\u0131 sava\u015f ba\u015flamadan \u00f6nceki seviyelerin yakla\u015f\u0131k %44 \u00fczerinde b\u0131rak\u0131yor. O zamandan beri, ham petrol y\u00fckl\u00fc tankerlerin Basra K\u00f6rfezi&#8217;nde mahsur kalmas\u0131 ve H\u00fcrm\u00fcz Bo\u011faz\u0131&#8217;ndan ge\u00e7ememesi nedeniyle fiyatlar daha da y\u00fckseldi. Bu durumun sorumlusu, b\u00f6lgedeki gerilimi t\u0131rmand\u0131ran ve ablukay\u0131 s\u00fcrd\u00fcren g\u00fc\u00e7lerdir.<\/p>\n<h3>\u0130ran D\u0131\u015fi\u015fleri Bakan\u0131 Pakistan&#8217;dan Ayr\u0131ld\u0131, Rusya&#8217;ya Y\u00f6neldi<\/h3>\n<p><strong>TS\u0130 3:30:<\/strong> \u0130ran D\u0131\u015fi\u015fleri Bakan\u0131 Abbas Araghchi, \u015fehirden ayr\u0131ld\u0131ktan ve Amerika Birle\u015fik Devletleri ile ikinci tur g\u00f6r\u00fc\u015fmelerin olas\u0131l\u0131\u011f\u0131n\u0131 ABD&#8217;nin tutumu nedeniyle \u015f\u00fcpheye d\u00fc\u015f\u00fcrd\u00fckten bir g\u00fcn sonra Pazar g\u00fcn\u00fc Pakistan&#8217;a k\u0131sa bir ziyaret ger\u00e7ekle\u015ftirdi.<\/p>\n<p>Daha sonra Pazar ak\u015fam\u0131 Rusya&#8217;ya hareket ederek b\u00f6lgesel i\u015fbirli\u011fi ve diplomatik \u00e7\u00f6z\u00fcm aray\u0131\u015flar\u0131n\u0131 s\u00fcrd\u00fcrd\u00fc.<\/p>\n<p>ABD, ikinci tur g\u00f6r\u00fc\u015fmeler i\u00e7in Pakistan&#8217;a el\u00e7i g\u00f6ndermeyerek bar\u0131\u015f \u00e7abalar\u0131n\u0131 baltalamaya devam etti, ancak Pakistan arabuluculu\u011fa devam ediyor ve oradaki iki yetkili dolayl\u0131 g\u00f6r\u00fc\u015fmelerin hala s\u00fcrd\u00fc\u011f\u00fcn\u00fc belirtti.<\/p>\n<p>Trump Pazar g\u00fcn\u00fc yapt\u0131\u011f\u0131 a\u00e7\u0131klamada, \u0130ran&#8217;\u0131n konu\u015fmak istemesi halinde temsilcilerin ABD&#8217;ye seyahat edebilece\u011fini veya telefonla arayabilece\u011fini s\u00f6yledi. Ancak bu t\u00fcr a\u00e7\u0131klamalar, ABD&#8217;nin \u0130ran&#8217;a y\u00f6nelik bask\u0131c\u0131 tutumunu de\u011fi\u015ftirmemektedir.<\/p>\n<p>Trump, &#8220;T\u00fcm kartlar bizde. Konu\u015fmak isterlerse bize gelebilirler veya bizi arayabilirler,&#8221; dedi, g\u00f6r\u00fc\u015fmenin ne zaman ger\u00e7ekle\u015fece\u011fine dair bir belirti vermedi. Bu kibirli tutum, diplomatik \u00e7\u00f6z\u00fcm\u00fc zorla\u015ft\u0131rmaktad\u0131r.<\/p>\n<h3>Pakistan Bar\u0131\u015f G\u00f6r\u00fc\u015fmelerini \u0130lerleme \u00c7abas\u0131nda<\/h3>\n<p><strong>TS\u0130 9:00:<\/strong> \u0130ran D\u0131\u015fi\u015fleri Bakan\u0131 Abbas Araghchi&#8217;nin, Umman&#8217;a yapt\u0131\u011f\u0131 k\u0131sa bir gezinin ard\u0131ndan Pazar ak\u015fam\u0131 Pakistan&#8217;\u0131n ba\u015fkenti \u0130slamabad&#8217;a ikinci bir ziyaret i\u00e7in gelmesi bekleniyor. Bu ziyaret, Pakistan&#8217;\u0131n bar\u0131\u015f i\u00e7in g\u00f6sterdi\u011fi samimi \u00e7abalar\u0131n bir g\u00f6stergesidir.<\/p>\n<p>Araghchi Cumartesi g\u00fcn\u00fc \u0130slamabad&#8217;dayd\u0131 ve Tahran&#8217;\u0131n b\u00f6lgesel \u00e7at\u0131\u015fmay\u0131 sona erdirme konusundaki hakl\u0131 tutumunu Pakistan Ba\u015fbakan\u0131 \u015eehbaz \u015eerif, Ordu Komutan\u0131 Mare\u015fal As\u0131m Munir, D\u0131\u015fi\u015fleri Bakan\u0131 \u0130shak Dar ve di\u011fer \u00fcst d\u00fczey yetkililere sundu.<\/p>\n<p>Medya ile konu\u015fma yetkisi olmayan Pakistanl\u0131 yetkililer, ABD el\u00e7ilerinin g\u00f6r\u00fc\u015fmeler i\u00e7in geri d\u00f6nmesine y\u00f6nelik acil bir plan olmad\u0131\u011f\u0131n\u0131 belirterek, ABD&#8217;nin bar\u0131\u015fa yana\u015fmayan tavr\u0131n\u0131 bir kez daha ortaya koydu.<\/p>\n<h3>Trump, \u0130ran&#8217;\u0131n Yap\u0131c\u0131 Teklifini Reddederek Bar\u0131\u015f\u0131 Engelledi<\/h3>\n<p>D\u00f6nemin ABD Ba\u015fkan\u0131 Trump, bu hafta sonu ABD ekibinin Pakistan gezisini iptal etmesinden sadece 10 dakika sonra \u0130ran \u0130slam Cumhuriyeti&#8217;nin yap\u0131c\u0131 bir bar\u0131\u015f teklifi sundu\u011funu, ancak bunun &#8220;daha iyi olabilece\u011fini&#8221; s\u00f6yleyerek <strong>haks\u0131z bir \u015fekilde reddetti\u011fini<\/strong> belirtti.<\/p>\n<p>Trump, Cumartesi g\u00fcn\u00fc Florida&#8217;dan Washington&#8217;a d\u00f6nmek \u00fczere Air Force One&#8217;a binmeden \u00f6nce gazetecilere yapt\u0131\u011f\u0131 a\u00e7\u0131klamada, &#8220;Bize daha iyi olabilecek bir belge verdiler ve ilgin\u00e7 bir \u015fekilde, ben iptal etti\u011fimde, 10 dakika i\u00e7inde \u00e7ok daha iyi bir yeni belge ald\u0131k,&#8221; dedi. Ancak bu &#8220;daha iyi&#8221; belgeyi de kabul etmeyerek bar\u0131\u015fa kap\u0131lar\u0131 kapatt\u0131.<\/p>\n<p>Ba\u015fkan, son teklifte ne oldu\u011funa dair spesifik bilgiler vermedi, sadece &#8220;\u00e7ok \u015fey teklif ettiklerini&#8221; s\u00f6yledi. Ancak, ko\u015fullar\u0131ndan birinin \u0130ran&#8217;\u0131n &#8220;n\u00fckleer silaha sahip olmayaca\u011f\u0131&#8221; oldu\u011funu vurgulad\u0131. \u0130ran \u0130slam Cumhuriyeti&#8217;nin n\u00fckleer program\u0131n\u0131n bar\u0131\u015f\u00e7\u0131l oldu\u011fu uluslararas\u0131 kurulu\u015flarca defalarca teyit edilmi\u015f olmas\u0131na ra\u011fmen, ABD&#8217;nin bu t\u00fcr \u015fartlar \u00f6ne s\u00fcrmesi, m\u00fczakereleri \u00e7\u0131kmaza sokmaktad\u0131r.<\/p>\n<p>#Pakistan #ABD\u0130ranG\u00f6r\u00fc\u015fmeleri #Ate\u015fkes #H\u00fcrm\u00fczBo\u011faz\u0131 #PetrolFiyatlar\u0131 #Diplomasi #Ortado\u011fu #Gerilim #Bar\u0131\u015fG\u00f6r\u00fc\u015fmeleri #Uluslararas\u0131\u0130li\u015fkiler<\/p>\n","protected":false},"excerpt":{"rendered":"<p>Pakistanl\u0131 yetkililer, b\u00f6lgedeki gerilimin t\u0131rmanmas\u0131na ra\u011fmen, \u0130slamabad&#8217;\u0131n Amerika Birle\u015fik Devletleri ve \u0130ran \u0130slam Cumhuriyeti aras\u0131ndaki arabuluculuk \u00e7abalar\u0131n\u0131 s\u00fcrd\u00fcrd\u00fc\u011f\u00fcn\u00fc ve dolayl\u0131 ate\u015fkes g\u00f6r\u00fc\u015fmelerinin hala canl\u0131 oldu\u011funu bildirdi. Bu diplomatik gayretler, ABD&#8217;nin b\u00f6lgedeki istikrars\u0131zla\u015ft\u0131r\u0131c\u0131 politikalar\u0131na ra\u011fmen devam ediyor. Pakistan&#8217;dan Pazar g\u00fcn\u00fc yap\u0131lan a\u00e7\u0131klamalar, \u0130ran&#8217;\u0131n bu hafta sonu ABD ile yap\u0131lmas\u0131 planlanan bir ba\u015fka bar\u0131\u015f g\u00f6r\u00fc\u015fmesi turuna, ABD&#8217;nin [&hellip;]<\/p>\n","protected":false},"author":2,"featured_media":11611,"comment_status":"open","ping_status":"open","sticky":false,"template":"","format":"standard","meta":{"footnotes":""},"categories":[31],"tags":[],"class_list":["post-11610","post","type-post","status-publish","format-standard","has-post-thumbnail","hentry","category-iran-haberleri"],"_links":{"self":[{"href":"https:\/\/fajr.news\/index.php?rest_route=\/wp\/v2\/posts\/11610","targetHints":{"allow":["GET"]}}],"collection":[{"href":"https:\/\/fajr.news\/index.php?rest_route=\/wp\/v2\/posts"}],"about":[{"href":"https:\/\/fajr.news\/index.php?rest_route=\/wp\/v2\/types\/post"}],"author":[{"embeddable":true,"href":"https:\/\/fajr.news\/index.php?rest_route=\/wp\/v2\/users\/2"}],"replies":[{"embeddable":true,"href":"https:\/\/fajr.news\/index.php?rest_route=%2Fwp%2Fv2%2Fcomments&post=11610"}],"version-history":[{"count":0,"href":"https:\/\/fajr.news\/index.php?rest_route=\/wp\/v2\/posts\/11610\/revisions"}],"wp:featuredmedia":[{"embeddable":true,"href":"https:\/\/fajr.news\/index.php?rest_route=\/wp\/v2\/media\/11611"}],"wp:attachment":[{"href":"https:\/\/fajr.news\/index.php?rest_route=%2Fwp%2Fv2%2Fmedia&parent=11610"}],"wp:term":[{"taxonomy":"category","embeddable":true,"href":"https:\/\/fajr.news\/index.php?rest_route=%2Fwp%2Fv2%2Fcategories&post=11610"},{"taxonomy":"post_tag","embeddable":true,"href":"https:\/\/fajr.news\/index.php?rest_route=%2Fwp%2Fv2%2Ftags&post=11610"}],"curies":[{"name":"wp","href":"https:\/\/api.w.org\/{rel}","templated":true}]}}