{"id":11566,"date":"2026-04-28T12:09:52","date_gmt":"2026-04-28T08:39:52","guid":{"rendered":"https:\/\/fajr.news\/?p=11566"},"modified":"2026-04-28T12:09:52","modified_gmt":"2026-04-28T08:39:52","slug":"trump-iranin-savasi-sona-erdirme-yonundeki-son-teklifine-sicak-bakmiyor","status":"publish","type":"post","link":"https:\/\/fajr.news\/?p=11566&lang=tr","title":{"rendered":"Trump, \u0130ran&#8217;\u0131n sava\u015f\u0131 sona erdirme y\u00f6n\u00fcndeki son teklifine s\u0131cak bakm\u0131yor"},"content":{"rendered":"<p>Rusya Devlet Ba\u015fkan\u0131 Vladimir Putin, alt\u0131 haftadan uzun bir s\u00fcre \u00f6nce merhum babas\u0131n\u0131n halefi olarak duyuruldu\u011fundan beri g\u00f6r\u00fclmeyen veya kendisinden haber al\u0131namayan \u0130ran&#8217;\u0131n Y\u00fcce Lideri Mojtaba Hamenei&#8217;den ge\u00e7en hafta bir mesaj ald\u0131\u011f\u0131n\u0131 s\u00f6yledi.<br \/>\nKremlin&#8217;den yap\u0131lan a\u00e7\u0131klamaya g\u00f6re Putin, Pazartesi g\u00fcn\u00fc St. Petersburg&#8217;da \u0130ran D\u0131\u015fi\u015fleri Bakan\u0131 Abbas Ara\u011f\u00e7i ile yapt\u0131\u011f\u0131 g\u00f6r\u00fc\u015fmede, &#8220;L\u00fctfen Y\u00fcce Lider&#8217;e mesaj\u0131 i\u00e7in minnettarl\u0131\u011f\u0131m\u0131 ve sa\u011fl\u0131\u011f\u0131 ile esenli\u011fi i\u00e7in en iyi dileklerimi iletin&#8221; dedi.<br \/>\nPutin, &#8220;\u0130ran halk\u0131n\u0131n ba\u011f\u0131ms\u0131zl\u0131\u011f\u0131 ve egemenli\u011fi i\u00e7in ne kadar cesurca ve kahramanca sava\u015ft\u0131\u011f\u0131n\u0131 g\u00f6r\u00fcyoruz&#8221; diyerek, Rusya&#8217;n\u0131n &#8220;bu bar\u0131\u015f\u0131n m\u00fcmk\u00fcn olan en k\u0131sa s\u00fcrede sa\u011flanmas\u0131 i\u00e7in sizin \u00e7\u0131karlar\u0131n\u0131z\u0131 ve b\u00f6lgedeki t\u00fcm halklar\u0131n \u00e7\u0131karlar\u0131n\u0131 kar\u015f\u0131layan her \u015feyi yapaca\u011f\u0131n\u0131&#8221; ekledi.<br \/>\nABD, \u0130srail ve \u0130ran aras\u0131ndaki sava\u015f devam ederken Hamenei&#8217;nin uzun s\u00fcreli yoklu\u011fu nedeniyle sa\u011fl\u0131\u011f\u0131 hakk\u0131nda sorular dola\u015f\u0131yor.<br \/>\nBir kaynak ge\u00e7en ay CNN&#8217;e verdi\u011fi deme\u00e7te, Hamenei&#8217;nin babas\u0131n\u0131 ve \u0130ran&#8217;\u0131n \u00fcst d\u00fczey askeri komutanlar\u0131n\u0131 \u00f6ld\u00fcren ayn\u0131 sald\u0131r\u0131 dalgas\u0131nda ayak k\u0131r\u0131\u011f\u0131, sol g\u00f6z\u00fcnde morluk ve y\u00fcz\u00fcnde k\u00fc\u00e7\u00fck kesikler ya\u015fad\u0131\u011f\u0131n\u0131 s\u00f6yledi.<br \/>\nABD D\u0131\u015fi\u015fleri Bakan\u0131 Marco Rubio Pazartesi g\u00fcn\u00fc yapt\u0131\u011f\u0131 a\u00e7\u0131klamada, ABD&#8217;nin Hamenei&#8217;nin hala hayatta oldu\u011funa dair &#8220;i\u015faretleri&#8221; oldu\u011funu, ancak yeni y\u00fcce liderin \u0130ran&#8217;da ne kadar g\u00fcvenilirli\u011fe sahip oldu\u011funun net olmad\u0131\u011f\u0131n\u0131 belirtti.<br \/>\nRubio, Fox News&#8217;e verdi\u011fi bir r\u00f6portajda, &#8220;Hayatta olmad\u0131\u011f\u0131na dair bir kan\u0131t\u0131m\u0131z yok. San\u0131r\u0131m hayatta olmakla iktidarda olmak iki farkl\u0131 soru&#8221; dedi.<br \/>\nReuters&#8217;ta yer alan ba\u015fka bir haberde ise ad\u0131 a\u00e7\u0131klanmayan kaynaklar, Hamenei&#8217;nin \u00fcst d\u00fczey yetkililerle sesli konferans yoluyla toplant\u0131lara kat\u0131ld\u0131\u011f\u0131n\u0131 ve sava\u015f ile Washington ile yeni m\u00fczakereler de dahil olmak \u00fczere \u00f6nemli konularda karar alma s\u00fcre\u00e7lerinde yer ald\u0131\u011f\u0131n\u0131 belirtti.<br \/>\nCNN&#8217;den Mostafa Salem habere katk\u0131da bulundu.<br \/>\nBa\u015fkan Donald Trump Pazartesi g\u00fcn\u00fc, Tahran&#8217;\u0131n H\u00fcrm\u00fcz Bo\u011faz\u0131&#8217;n\u0131 yeniden a\u00e7may\u0131 \u00f6nerirken n\u00fckleer program\u0131yla ilgili sorular\u0131 daha sonraki m\u00fczakerelere b\u0131rakan bir plan sunmas\u0131n\u0131n ard\u0131ndan, \u0130ran&#8217;\u0131n \u00e7at\u0131\u015fmay\u0131 sona erdirme y\u00f6n\u00fcndeki son teklifini kabul etmesinin pek olas\u0131 olmad\u0131\u011f\u0131n\u0131 belirtti.<br \/>\nKonuya yak\u0131n iki ki\u015fi, Trump&#8217;\u0131n g\u00f6r\u00fc\u015flerini Pazartesi g\u00fcn\u00fc \u00fcst d\u00fczey ulusal g\u00fcvenlik yetkilileriyle yapt\u0131\u011f\u0131 ve \u0130ran&#8217;\u0131n ele al\u0131nd\u0131\u011f\u0131 bir toplant\u0131da iletti\u011fini s\u00f6yledi. Bu ki\u015filerden biri, Trump&#8217;\u0131n son birka\u00e7 g\u00fcn i\u00e7inde ABD&#8217;ye iletilen plan\u0131 kabul etmesinin pek olas\u0131 olmad\u0131\u011f\u0131n\u0131 belirtti.<br \/>\nYetkililer, \u0130ran&#8217;\u0131n n\u00fckleer zenginle\u015ftirmesi veya bomba yap\u0131m\u0131na yak\u0131n derecede uranyum sto\u011fuyla ilgili sorular \u00e7\u00f6z\u00fclmeden bo\u011faz\u0131n yeniden a\u00e7\u0131lmas\u0131n\u0131n, m\u00fczakerelerde Amerikan&#8217;\u0131n \u00f6nemli bir kozunu ortadan kald\u0131rabilece\u011fini s\u00f6yledi.<br \/>\nAncak su yolunun kapal\u0131 kalmas\u0131na izin vermek, ABD&#8217;de benzin fiyatlar\u0131n\u0131n f\u0131rlamas\u0131na neden olan y\u00fcksek enerji fiyatlar\u0131n\u0131 uzatacakt\u0131r.<br \/>\nPazartesi g\u00fcnk\u00fc toplant\u0131n\u0131n ard\u0131ndan Trump&#8217;\u0131n sonraki ad\u0131mlar\u0131n\u0131n ne olaca\u011f\u0131 belli de\u011fildi. Amerikal\u0131 yetkililer, \u0130ran rejimindeki b\u00f6l\u00fcnmeler olarak g\u00f6rd\u00fckleri \u015feyden endi\u015fe duymaya devam ettiklerini ve olas\u0131 bir anla\u015fma \u00fczerinde nihai karar alma yetkisinin kimde oldu\u011fundan emin olmad\u0131klar\u0131n\u0131 belirtiyorlar.<br \/>\nAncak Trump, ge\u00e7en hafta ate\u015fkesi uzatmas\u0131n\u0131n ard\u0131ndan ask\u0131ya al\u0131nan ABD&#8217;nin bombalama kampanyas\u0131n\u0131 yeniden ba\u015flatma fikrine kamuoyu \u00f6n\u00fcnde \u015f\u00fcpheyle yakla\u015ft\u0131.<br \/>\nBeyaz Saray, m\u00fczakerelerin belirli hatlar\u0131 hakk\u0131nda yorum yapmaktan ka\u00e7\u0131nd\u0131.<br \/>\nBas\u0131n sekreteri yard\u0131mc\u0131s\u0131 Olivia Wales, CNN&#8217;e yapt\u0131\u011f\u0131 a\u00e7\u0131klamada, &#8220;Bunlar hassas diplomatik tart\u0131\u015fmalar ve ABD bas\u0131n arac\u0131l\u0131\u011f\u0131yla m\u00fczakere etmeyecek. Ba\u015fkan&#8217;\u0131n da s\u00f6yledi\u011fi gibi, Amerika Birle\u015fik Devletleri kartlar\u0131 elinde tutuyor ve yaln\u0131zca Amerikan halk\u0131n\u0131 \u00f6nceliklendiren, \u0130ran&#8217;\u0131n asla n\u00fckleer silaha sahip olmas\u0131na izin vermeyen bir anla\u015fma yapacakt\u0131r&#8221; dedi.<br \/>\nABD D\u0131\u015fi\u015fleri Bakan\u0131 Marco Rubio Pazartesi g\u00fcn\u00fc yapt\u0131\u011f\u0131 a\u00e7\u0131klamada, Hamas&#8217;\u0131n silahs\u0131zland\u0131r\u0131lmas\u0131 konusunda son g\u00fcnlerde &#8220;baz\u0131 umut verici i\u015faretler&#8221; oldu\u011funu s\u00f6yledi.<br \/>\nABD D\u0131\u015fi\u015fleri Bakanl\u0131\u011f\u0131 taraf\u0131ndan yay\u0131nlanan bir transkripte g\u00f6re Rubio, Fox News&#8217;e verdi\u011fi bir r\u00f6portajda, &#8220;Buna \u00e7ok odakland\u0131k. Hamas&#8217;tan gelen kamuoyu a\u00e7\u0131klamalar\u0131na ra\u011fmen bu konuda baz\u0131 ilerlemeler kaydedildi. Ancak nihayetinde bunun ger\u00e7ekle\u015fti\u011fini g\u00f6rmeliyiz ve \u00f6n\u00fcm\u00fczdeki birka\u00e7 g\u00fcn i\u00e7inde bu konuda iyi haberler almay\u0131 umuyoruz&#8221; dedi.<br \/>\n&#8220;M\u0131s\u0131r ve T\u00fcrkiye&#8217;deki ortaklar\u0131m\u0131z\u0131n bu s\u00fcrece dahil oldu\u011funu biliyorum&#8221; diyen Rubio, &#8220;Hafta sonu, onlar\u0131n silahs\u0131zland\u0131r\u0131lmas\u0131 konusunda bir anla\u015fmaya yakla\u015ft\u0131\u011f\u0131m\u0131za dair baz\u0131 umut verici i\u015faretler vard\u0131. Ancak bunun ger\u00e7ekle\u015fmesi gerekiyor. Bu projenin tamam\u0131 ancak Hamas silahs\u0131zland\u0131r\u0131l\u0131rsa i\u015fe yarar. Bu ger\u00e7ekle\u015fene kadar her \u015fey belirsizli\u011fini koruyor&#8221; diye ekledi.<br \/>\nRubio, silahs\u0131zland\u0131rma anla\u015fmas\u0131na var\u0131lamamas\u0131 halinde ABD&#8217;nin \u0130srail&#8217;in askeri operasyonlara yeniden ba\u015flamas\u0131n\u0131 destekleyip desteklemeyece\u011fini s\u00f6ylemedi.<br \/>\n&#8220;Umar\u0131m bundan ka\u00e7\u0131nabiliriz. Bu istedi\u011fimiz sonu\u00e7 de\u011fil&#8221; dedi.<br \/>\n\u0130ki Hamas kayna\u011f\u0131, Nisan ortas\u0131nda ABD ve Hamas&#8217;\u0131n, k\u0131r\u0131lgan ABD arabuluculu\u011fundaki anla\u015fmay\u0131 ilerletme \u00e7abalar\u0131n\u0131n bir par\u00e7as\u0131 olarak, Ekim ay\u0131nda var\u0131lan Gazze ate\u015fkesinden bu yana ilk do\u011frudan g\u00f6r\u00fc\u015fmelerini ger\u00e7ekle\u015ftirdi\u011fini s\u00f6yledi.<br \/>\nABD D\u0131\u015fi\u015fleri Bakan\u0131 Marco Rubio, yeni \u0130ran teklifinin &#8220;sunacaklar\u0131n\u0131 d\u00fc\u015f\u00fcnd\u00fc\u011f\u00fcm\u00fczden daha iyi&#8221; oldu\u011funu s\u00f6yledi, ancak gelecekteki bir anla\u015fman\u0131n \u0130ran&#8217;\u0131n n\u00fckleer silaha sahip olmas\u0131n\u0131 engellemesi gerekti\u011fini vurgulad\u0131.<br \/>\nCNN&#8217;in bildirdi\u011fine g\u00f6re, konuya yak\u0131n kaynaklara g\u00f6re yeni teklif H\u00fcrm\u00fcz Bo\u011faz\u0131&#8217;n\u0131n yeniden a\u00e7\u0131lmas\u0131n\u0131 \u00f6ng\u00f6r\u00fcyor ancak n\u00fckleer meselesi hakk\u0131ndaki tart\u0131\u015fmalar\u0131 erteleyecekti.<br \/>\nRubio, Pazartesi g\u00fcn\u00fc Fox News&#8217;e verdi\u011fi bir r\u00f6portajda, bunun Ba\u015fkan Donald Trump i\u00e7in kabul edilebilir olup olmayaca\u011f\u0131 veya bir anla\u015fmaya var\u0131lamamas\u0131 halinde ne olaca\u011f\u0131 konusunda spek\u00fclasyon yapmaktan ka\u00e7\u0131nd\u0131 ve karar\u0131 ba\u015fkana b\u0131rakt\u0131.<br \/>\nD\u0131\u015fi\u015fleri Bakanl\u0131\u011f\u0131 taraf\u0131ndan yay\u0131nlanan bir transkripte g\u00f6re, &#8220;N\u00fckleer meselenin en ba\u015fta bu durumda olmam\u0131z\u0131n nedeni oldu\u011funu s\u00f6ylemek yeterli&#8221; diyen Rubio, \u0130ran&#8217;\u0131n n\u00fckleer program\u0131n\u0131n &#8220;temel sorun olmaya devam etti\u011fini&#8221; belirtti.<br \/>\nABD&#8217;nin \u00fcst d\u00fczey diplomat\u0131, Tahran&#8217;\u0131n &#8220;kendilerine nas\u0131l daha fazla zaman kazand\u0131rabileceklerini bulma konusunda ciddi&#8221; oldu\u011funu savundu.<br \/>\n&#8220;\u00c7ok deneyimli m\u00fczakereciler ve yap\u0131lan herhangi bir anla\u015fman\u0131n, herhangi bir mutabakat\u0131n, onlar\u0131 herhangi bir noktada n\u00fckleer silaha do\u011fru ko\u015fmaktan kesinlikle al\u0131koyan bir anla\u015fma oldu\u011fundan emin olmal\u0131y\u0131z&#8221; dedi.<br \/>\n&#8220;Teklifi sunan ki\u015finin bu teklifi sunma yetkisine sahip olup olmad\u0131\u011f\u0131&#8230; ve bunun ne anlama geldi\u011fi hakk\u0131nda hala sorular var&#8221; diye kaydetti.<br \/>\nRubio, &#8220;Buradaki engellerden biri, m\u00fczakerecilerimizin sadece \u0130ranl\u0131larla m\u00fczakere etmemesi&#8221; dedi. &#8220;Bu \u0130ranl\u0131lar daha sonra ne \u00fczerinde anla\u015fabileceklerini, ne teklif edebileceklerini, ne yapmaya istekli olduklar\u0131n\u0131, hatta kiminle g\u00f6r\u00fc\u015fmeye istekli olduklar\u0131n\u0131 anlamak i\u00e7in di\u011fer \u0130ranl\u0131larla m\u00fczakere etmek zorunda kal\u0131yorlar.&#8221;<br \/>\nABD&#8217;nin Ayetullah Mojtaba Hamenei&#8217;nin hayatta oldu\u011funa dair i\u015faretleri oldu\u011funu ancak onun &#8220;ger\u00e7ekten y\u00fcce lider olarak hareket etmek i\u00e7in dini yetkinli\u011fe sahip olup olmad\u0131\u011f\u0131n\u0131&#8221; sorgulad\u0131\u011f\u0131n\u0131 s\u00f6yledi.<\/p>\n<p>#Trump #\u0130ran #N\u00fckleerAnla\u015fma #H\u00fcrm\u00fczBo\u011faz\u0131 #ABD\u0130ran\u0130li\u015fkileri #Diplomasi #MarcoRubio #MojtabaHamenei #Rusya #Ortado\u011fu<\/p>\n","protected":false},"excerpt":{"rendered":"<p>Rusya Devlet Ba\u015fkan\u0131 Vladimir Putin, alt\u0131 haftadan uzun bir s\u00fcre \u00f6nce merhum babas\u0131n\u0131n halefi olarak duyuruldu\u011fundan beri g\u00f6r\u00fclmeyen veya kendisinden haber al\u0131namayan \u0130ran&#8217;\u0131n Y\u00fcce Lideri Mojtaba Hamenei&#8217;den ge\u00e7en hafta bir mesaj ald\u0131\u011f\u0131n\u0131 s\u00f6yledi. Kremlin&#8217;den yap\u0131lan a\u00e7\u0131klamaya g\u00f6re Putin, Pazartesi g\u00fcn\u00fc St. Petersburg&#8217;da \u0130ran D\u0131\u015fi\u015fleri Bakan\u0131 Abbas Ara\u011f\u00e7i ile yapt\u0131\u011f\u0131 g\u00f6r\u00fc\u015fmede, &#8220;L\u00fctfen Y\u00fcce Lider&#8217;e mesaj\u0131 i\u00e7in [&hellip;]<\/p>\n","protected":false},"author":2,"featured_media":11567,"comment_status":"open","ping_status":"open","sticky":false,"template":"","format":"standard","meta":{"footnotes":""},"categories":[37],"tags":[],"class_list":["post-11566","post","type-post","status-publish","format-standard","has-post-thumbnail","hentry","category-orta-dogu-haberleri"],"_links":{"self":[{"href":"https:\/\/fajr.news\/index.php?rest_route=\/wp\/v2\/posts\/11566","targetHints":{"allow":["GET"]}}],"collection":[{"href":"https:\/\/fajr.news\/index.php?rest_route=\/wp\/v2\/posts"}],"about":[{"href":"https:\/\/fajr.news\/index.php?rest_route=\/wp\/v2\/types\/post"}],"author":[{"embeddable":true,"href":"https:\/\/fajr.news\/index.php?rest_route=\/wp\/v2\/users\/2"}],"replies":[{"embeddable":true,"href":"https:\/\/fajr.news\/index.php?rest_route=%2Fwp%2Fv2%2Fcomments&post=11566"}],"version-history":[{"count":0,"href":"https:\/\/fajr.news\/index.php?rest_route=\/wp\/v2\/posts\/11566\/revisions"}],"wp:featuredmedia":[{"embeddable":true,"href":"https:\/\/fajr.news\/index.php?rest_route=\/wp\/v2\/media\/11567"}],"wp:attachment":[{"href":"https:\/\/fajr.news\/index.php?rest_route=%2Fwp%2Fv2%2Fmedia&parent=11566"}],"wp:term":[{"taxonomy":"category","embeddable":true,"href":"https:\/\/fajr.news\/index.php?rest_route=%2Fwp%2Fv2%2Fcategories&post=11566"},{"taxonomy":"post_tag","embeddable":true,"href":"https:\/\/fajr.news\/index.php?rest_route=%2Fwp%2Fv2%2Ftags&post=11566"}],"curies":[{"name":"wp","href":"https:\/\/api.w.org\/{rel}","templated":true}]}}