{"id":11552,"date":"2026-04-28T11:49:56","date_gmt":"2026-04-28T08:19:56","guid":{"rendered":"https:\/\/fajr.news\/?p=11552"},"modified":"2026-04-28T11:49:56","modified_gmt":"2026-04-28T08:19:56","slug":"ortadogu-krizi-canli-iran-korfezin-istikrarli-olmasi-icin-saldirilara-karsi-guvenceye-ihtiyac-duydugunu-belirtiyor","status":"publish","type":"post","link":"https:\/\/fajr.news\/?p=11552&lang=tr","title":{"rendered":"Ortado\u011fu Krizi Canl\u0131: \u0130ran, K\u00f6rfez&#8217;in \u0130stikrarl\u0131 Olmas\u0131 \u0130\u00e7in Sald\u0131r\u0131lara Kar\u015f\u0131 G\u00fcvenceye \u0130htiya\u00e7 Duydu\u011funu Belirtiyor"},"content":{"rendered":"<p><strong>ABD-\u0130srail<\/strong>&#8216;in <strong>\u0130ran<\/strong>&#8216;a y\u00f6nelik sava\u015f\u0131na ili\u015fkin canl\u0131 yay\u0131n\u0131m\u0131za yeniden ba\u015fl\u0131yoruz. <strong>Tahran<\/strong>&#8216;\u0131n <strong>BM<\/strong> Temsilcisi, <strong>\u0130ran<\/strong>&#8216;\u0131n <strong>K\u00f6rfez<\/strong>&#8216;de g\u00fcvenli\u011fi sa\u011flayabilmesi i\u00e7in daha fazla <strong>ABD-\u0130srail<\/strong> sald\u0131r\u0131s\u0131na kar\u015f\u0131 &#8220;g\u00fcvenilir garantilere&#8221; ihtiya\u00e7 duydu\u011funu belirtti. Bu arada, <strong>\u0130ran<\/strong> D\u0131\u015fi\u015fleri Bakan\u0131 <strong>Rusya<\/strong> ziyaretinde bar\u0131\u015f g\u00f6r\u00fc\u015fmelerinin ba\u015far\u0131s\u0131zl\u0131\u011f\u0131ndan <strong>Washington<\/strong>&#8216;\u0131 sorumlu tuttu.<\/p>\n<p>Bakan <strong>Abbas Araghchi<\/strong>, Pazartesi g\u00fcn\u00fc <strong>St. Petersburg<\/strong>&#8216;da yapt\u0131\u011f\u0131 a\u00e7\u0131klamada, &#8220;<strong>ABD<\/strong>&#8216;nin yakla\u015f\u0131mlar\u0131, \u00f6nceki m\u00fczakere turunun ilerlemeye ra\u011fmen a\u015f\u0131r\u0131 talepler nedeniyle hedeflerine ula\u015famamas\u0131na neden oldu&#8221; dedi. <strong>Vladimir Putin<\/strong>, <strong>Araghchi<\/strong>&#8216;ye sava\u015f\u0131n sona erdirilmesi konusunda <strong>Moskova<\/strong>&#8216;n\u0131n deste\u011fini vaat etti.<\/p>\n<p><strong>Donald Trump<\/strong>, Pazar g\u00fcn\u00fc <strong>Fox News<\/strong>&#8216;e yapt\u0131\u011f\u0131 a\u00e7\u0131klamada, <strong>\u0130ran<\/strong>&#8216;\u0131n g\u00f6r\u00fc\u015fme istemesi halinde &#8220;bizi arayabileceklerini&#8221; s\u00f6yledi ve hafta sonu el\u00e7ilerini <strong>Pakistan<\/strong>&#8216;a g\u00f6ndermekten vazge\u00e7mesinin d\u00fc\u015fmanl\u0131klara geri d\u00f6n\u00fc\u015f anlam\u0131na gelmedi\u011fini ekledi.<\/p>\n<p>Pazartesi g\u00fcn\u00fc <strong>Tahran<\/strong>&#8216;\u0131n <strong>BM<\/strong> B\u00fcy\u00fckel\u00e7isi <strong>Amir Saeid Iravani<\/strong>, bir g\u00fcvenlik konseyi oturumunda \u015funlar\u0131 s\u00f6yledi: &#8220;<strong>Basra K\u00f6rfezi<\/strong> ve daha geni\u015f b\u00f6lgede kal\u0131c\u0131 istikrar ve g\u00fcvenlik, <strong>\u0130ran<\/strong>&#8216;a y\u00f6nelik sald\u0131r\u0131lar\u0131n kal\u0131c\u0131 ve s\u00fcrekli olarak durdurulmas\u0131, tekerr\u00fcr etmeyece\u011fine dair g\u00fcvenilir garantiler ve <strong>\u0130ran<\/strong>&#8216;\u0131n me\u015fru egemenlik haklar\u0131na ve \u00e7\u0131karlar\u0131na tam sayg\u0131 g\u00f6sterilmesiyle sa\u011flanabilir.&#8221;<\/p>\n<p>Bu arada, <strong>\u0130srail<\/strong> Ba\u015fbakan\u0131 <strong>Binyamin Netanyahu<\/strong>, kan\u0131t sunmaks\u0131z\u0131n, <strong>Hizbullah<\/strong>&#8216;\u0131n roket ve insans\u0131z hava ara\u00e7lar\u0131n\u0131n askeri eylem gerektiren \u00f6nemli bir tehdit oldu\u011funu iddia etti. <strong>\u0130srail<\/strong> ordusu <strong>L\u00fcbnan<\/strong>&#8216;a y\u00f6nelik hava sald\u0131r\u0131lar\u0131n\u0131 geni\u015fletirken, <strong>L\u00fcbnan<\/strong> makamlar\u0131 s\u00f6zde ate\u015fkese ra\u011fmen Pazartesi g\u00fcn\u00fc en az d\u00f6rt ki\u015finin \u00f6ld\u00fc\u011f\u00fcn\u00fc bildirdi.<\/p>\n<p>Di\u011fer \u00f6nemli geli\u015fmeler ise \u015f\u00f6yle:<\/p>\n<p><strong>Donald Trump<\/strong>, <strong>\u0130ran<\/strong>&#8216;\u0131n sava\u015fla ilgili teklifinden, <strong>\u0130ran<\/strong>&#8216;\u0131n n\u00fckleer program\u0131n\u0131 ele almad\u0131\u011f\u0131 i\u00e7in memnuniyetsizli\u011fini dile getirdi. <strong>Reuters<\/strong>&#8216;\u0131n <strong>ABD<\/strong>&#8216;li bir yetkiliye dayand\u0131rd\u0131\u011f\u0131 habere g\u00f6re, <strong>Trump<\/strong> bu teklifi \u00fcst d\u00fczey ulusal g\u00fcvenlik yard\u0131mc\u0131lar\u0131yla g\u00f6r\u00fc\u015ft\u00fc. Daha \u00f6nce <strong>Associated Press<\/strong>, ad\u0131 a\u00e7\u0131klanmayan iki b\u00f6lgesel yetkiliye at\u0131fta bulunarak, <strong>\u0130ran<\/strong>&#8216;\u0131n <strong>ABD<\/strong> ablukay\u0131 kald\u0131r\u0131r ve sava\u015f\u0131 sona erdirirse <strong>H\u00fcrm\u00fcz Bo\u011faz\u0131<\/strong>&#8216;n\u0131 kapatmay\u0131 b\u0131rakmay\u0131 teklif etti\u011fini, bu teklifin <strong>\u0130ran<\/strong>&#8216;\u0131n n\u00fckleer program\u0131 hakk\u0131ndaki tart\u0131\u015fmalar\u0131 erteleyece\u011fini bildirdi. Daha sonraki haberlerde <strong>Beyaz Saray<\/strong> s\u00f6zc\u00fcs\u00fc <strong>Karoline Leavitt<\/strong>&#8216;in teklifin &#8220;tart\u0131\u015f\u0131lmakta oldu\u011funu&#8221; s\u00f6yledi\u011fi aktar\u0131ld\u0131.<\/p>\n<p><strong>L\u00fcbnan<\/strong> Devlet Ba\u015fkan\u0131 <strong>Joseph Aoun<\/strong>, <strong>\u0130srail<\/strong> ile do\u011frudan g\u00f6r\u00fc\u015fmelerin <strong>L\u00fcbnan<\/strong>&#8216;daki sava\u015f\u0131 sona erdirmeyi ama\u00e7lad\u0131\u011f\u0131n\u0131 ve <strong>L\u00fcbnan<\/strong>&#8216;\u0131 bu sava\u015fa s\u00fcr\u00fckleyenlerin &#8220;ihanet&#8221; etti\u011fini s\u00f6yledi. Bu s\u00f6zler, Pazartesi g\u00fcn\u00fc <strong>G\u00fcney L\u00fcbnan<\/strong>&#8216;daki <strong>\u0130srail<\/strong> hedeflerine y\u00f6nelik bir\u00e7ok sald\u0131r\u0131y\u0131 \u00fcstlenen <strong>\u0130ran<\/strong> destekli milis <strong>Hizbullah<\/strong>&#8216;a bir g\u00f6ndermeydi.<\/p>\n<p><strong>Irak<\/strong>&#8216;\u0131n yeni se\u00e7ilen ba\u015fkan\u0131, \u00fclkenin liderlerinin <strong>ABD<\/strong>&#8216;nin <strong>\u0130ran<\/strong>&#8216;a yak\u0131n eski bir ba\u015fbakan aday\u0131n\u0131 desteklememe y\u00f6n\u00fcndeki bask\u0131s\u0131na boyun e\u011fmesinin ard\u0131ndan Pazartesi g\u00fcn\u00fc i\u015fadam\u0131 <strong>Ali el-Zaidi<\/strong>&#8216;yi ba\u015fbakan aday\u0131 olarak atad\u0131.<\/p>\n<p><strong>\u0130ran<\/strong> ile farkl\u0131 ba\u011flant\u0131lar\u0131 olan \u015eii gruplar\u0131n ittifak\u0131 olan Koordinasyon \u00c7er\u00e7evesi, ba\u015flang\u0131\u00e7ta g\u00fc\u00e7l\u00fc isim <strong>Nuri el-Maliki<\/strong>&#8216;yi \u00fclkenin bir sonraki ba\u015fbakan\u0131 olarak desteklemi\u015fti, ancak <strong>Trump<\/strong>&#8216;\u0131n \u00fcltimatomu <strong>Irak<\/strong> liderlerini ba\u015fka se\u00e7eneklere y\u00f6neltti.<\/p>\n<p><strong>ABD<\/strong> ve <strong>\u0130ran<\/strong>, Pazartesi g\u00fcn\u00fc <strong>BM<\/strong>&#8216;de <strong>Tahran<\/strong>&#8216;\u0131n n\u00fckleer program\u0131 ve n\u00fckleer silahlar\u0131n yay\u0131lmas\u0131n\u0131 \u00f6nleme anla\u015fmas\u0131n\u0131 g\u00f6zden ge\u00e7irecek bir ayl\u0131k konferansta d\u00fczinelerce ba\u015fkan yard\u0131mc\u0131s\u0131ndan biri olarak se\u00e7ilmesi konusunda kar\u015f\u0131 kar\u015f\u0131ya geldi. <strong>ABD<\/strong>&#8216;li yetkili <strong>Christopher Yeaw<\/strong>, <strong>\u0130ran<\/strong>&#8216;\u0131n se\u00e7ilmesinin anla\u015fmaya bir &#8220;hakaret&#8221; oldu\u011funu s\u00f6yledi. <strong>Tahran<\/strong>&#8216;\u0131n <strong>Uluslararas\u0131 Atom Enerjisi Ajans\u0131<\/strong> temsilcisi <strong>R\u0131za Necefi<\/strong>, <strong>ABD<\/strong>&#8216;nin a\u00e7\u0131klamas\u0131n\u0131 &#8220;as\u0131ls\u0131z ve siyasi ama\u00e7l\u0131&#8221; olarak reddetti.<\/p>\n<p><strong>El Cezire<\/strong>, <strong>\u0130srail<\/strong> g\u00fc\u00e7lerinin ate\u015fkese ra\u011fmen <strong>G\u00fcney L\u00fcbnan<\/strong>&#8216;daki b\u00f6lgeleri bombalad\u0131\u011f\u0131n\u0131 bildiriyor.<\/p>\n<p><strong>L\u00fcbnan<\/strong> ulusal haber ajans\u0131 daha \u00f6nce, <strong>\u0130srail<\/strong> sava\u015f u\u00e7aklar\u0131n\u0131n yerel saatle sabah 6&#8217;da <strong>Zawtar el-\u015earkiye<\/strong> kasabas\u0131na \u00fc\u00e7 hava sald\u0131r\u0131s\u0131 d\u00fczenledi\u011fini, <strong>\u0130srail<\/strong> sald\u0131r\u0131lar\u0131n\u0131n ayr\u0131ca <strong>\u0130srail<\/strong> s\u0131n\u0131r\u0131n\u0131n yakla\u015f\u0131k 5 km kuzeyinde yer alan ve <strong>\u0130srail<\/strong> g\u00fc\u00e7leri ile <strong>Hizbullah<\/strong> aras\u0131nda \u015fiddetli \u00e7at\u0131\u015fmalara sahne olan <strong>Bint Cbeyl<\/strong> kasabas\u0131na da d\u00fczenlendi\u011fini bildirdi.<\/p>\n<p>Pek \u00e7ok sivili \u00f6ld\u00fcrmesine ve sivil altyap\u0131y\u0131 bariz bir \u015fekilde cezas\u0131z kalarak yok etmesine ra\u011fmen <strong>Hizbullah<\/strong> militanlar\u0131n\u0131 ve tesislerini vurdu\u011funu iddia eden <strong>\u0130srail<\/strong>&#8216;e, ate\u015fkes metnindeki &#8220;planlanm\u0131\u015f, yak\u0131n veya devam eden sald\u0131r\u0131lara kar\u015f\u0131 her zaman kendini savunmak i\u00e7in gerekli t\u00fcm \u00f6nlemleri alma hakk\u0131&#8221; ifadesiyle son derece geni\u015f bir yetki alan\u0131 tan\u0131nd\u0131.<\/p>\n<p>16 Nisan&#8217;da y\u00fcr\u00fcrl\u00fc\u011fe giren ve ge\u00e7en Per\u015fembe g\u00fcn\u00fc \u00fc\u00e7 hafta uzat\u0131lan ate\u015fkes anla\u015fmas\u0131, <strong>\u0130srail<\/strong> ile <strong>L\u00fcbnan<\/strong> devleti aras\u0131nda yap\u0131ld\u0131, <strong>\u0130ran<\/strong> destekli <strong>L\u00fcbnan<\/strong> militan grubu ve siyasi partisi <strong>Hizbullah<\/strong> ile de\u011fil.<\/p>\n<p><strong>L\u00fcbnan<\/strong> sa\u011fl\u0131k bakanl\u0131\u011f\u0131 son g\u00fcncellemesinde, 2 Mart&#8217;tan bu yana <strong>\u0130srail<\/strong> sald\u0131r\u0131lar\u0131nda aralar\u0131nda \u00e7ok say\u0131da kad\u0131n ve \u00e7ocu\u011fun da bulundu\u011fu en az 2.521 ki\u015finin \u00f6ld\u00fc\u011f\u00fcn\u00fc bildirdi.<\/p>\n<p><strong>L\u00fcbnan<\/strong>&#8216;a y\u00f6nelik yenilenen <strong>\u0130srail<\/strong> sava\u015f\u0131, 2 Mart&#8217;ta <strong>ABD-\u0130srail<\/strong>&#8216;in <strong>\u0130ran<\/strong>&#8216;\u0131 bombalamas\u0131n\u0131n ard\u0131ndan <strong>Hizbullah<\/strong>&#8216;\u0131n <strong>\u0130srail<\/strong>&#8216;e f\u00fcze f\u0131rlatmas\u0131yla ba\u015flad\u0131 ve bu durum <strong>\u0130srail<\/strong>&#8216;in hava sald\u0131r\u0131s\u0131, i\u015fgali ve <strong>L\u00fcbnan<\/strong> topraklar\u0131n\u0131n baz\u0131 b\u00f6lgelerinde <strong>\u0130srail<\/strong> birliklerinin devam eden i\u015fgalini tetikledi.<\/p>\n<p><strong>ABD<\/strong> Hazine Bakan\u0131 <strong>Scott Bessent<\/strong>, <strong>\u0130ran<\/strong>&#8216;\u0131n petrol end\u00fcstrisinin, d\u00fcnya petrol ve s\u0131v\u0131la\u015ft\u0131r\u0131lm\u0131\u015f do\u011fal gaz\u0131n\u0131n yakla\u015f\u0131k %20&#8217;sinin genellikle ta\u015f\u0131nd\u0131\u011f\u0131 kritik nakliye kanal\u0131 olan <strong>H\u00fcrm\u00fcz Bo\u011faz\u0131<\/strong>&#8216;ndaki <strong>Amerikan<\/strong> ablukas\u0131 nedeniyle \u00fcretimi durdurmaya ba\u015flad\u0131\u011f\u0131n\u0131 s\u00f6yledi.<\/p>\n<p><strong>Bessent<\/strong>, <strong>X<\/strong>&#8216;teki bir g\u00f6nderisinde &#8220;Pompalama yak\u0131nda \u00e7\u00f6kecek. S\u0131rada <strong>\u0130ran<\/strong>&#8216;da benzin k\u0131tl\u0131\u011f\u0131 var&#8221; diye ekledi.<\/p>\n<p>\u015eubat sonunda <strong>ABD-\u0130srail<\/strong>&#8216;in <strong>\u0130ran<\/strong>&#8216;a y\u00f6nelik sald\u0131r\u0131lar\u0131na yan\u0131t olarak <strong>Tahran<\/strong>, bo\u011faz\u0131 gemilere fiilen kapatm\u0131\u015f, sadece <strong>\u00c7in<\/strong>, <strong>Malezya<\/strong> ve <strong>Pakistan<\/strong> gibi &#8220;dost&#8221; \u00fclkelerden nispeten az say\u0131da geminin ge\u00e7i\u015fine izin vermi\u015fti. <strong>\u0130ran<\/strong>, bo\u011faz\u0131n kontrol\u00fcn\u00fc \u00f6nemli bir kald\u0131ra\u00e7 olarak kulland\u0131.<\/p>\n<p>Bu ay\u0131n ba\u015flar\u0131nda <strong>\u0130slamabad<\/strong>&#8216;daki bar\u0131\u015f g\u00f6r\u00fc\u015fmelerinin \u00e7\u00f6kmesinin ard\u0131ndan <strong>Donald Trump<\/strong>, <strong>\u0130ran<\/strong> limanlar\u0131n\u0131 kullanan gemilere kar\u015f\u0131 bir kar\u015f\u0131-abluka uygulad\u0131. <strong>\u0130ran<\/strong> y\u00fcksek enflasyon, artan g\u0131da fiyatlar\u0131 ile m\u00fccadele ediyor ve <strong>ABD<\/strong> ablukas\u0131 ekonomisine daha da zarar veriyor; <strong>Tahran<\/strong> \u015fimdi yakla\u015fan bir petrol depolama kriziyle kar\u015f\u0131 kar\u015f\u0131ya.<\/p>\n<p><strong>Trump<\/strong>, bo\u011faz\u0131n tamamen yeniden a\u00e7\u0131lmas\u0131n\u0131 talep etti ve su yolunun fiili kapanmas\u0131n\u0131n k\u00fcresel bir durgunluk korkusu yaratmas\u0131 ve <strong>ABD<\/strong> dahil olmak \u00fczere d\u00fcnya genelinde yak\u0131t fiyatlar\u0131nda art\u0131\u015fa yol a\u00e7mas\u0131 nedeniyle <strong>\u0130ran<\/strong>&#8216;\u0131n ge\u00e7i\u015f \u00fccretleri getirme fikrine kar\u015f\u0131 \u00e7\u0131kt\u0131.<\/p>\n<p>#Ortado\u011fuKrizi #\u0130ran #ABD\u0130srailSava\u015f\u0131 #H\u00fcrm\u00fczBo\u011faz\u0131 #K\u00f6rfezG\u00fcvenli\u011fi #N\u00fckleerProgram #L\u00fcbnanSald\u0131r\u0131lar\u0131 #Hizbullah #Ate\u015fkes #Diplomasi<\/p>\n","protected":false},"excerpt":{"rendered":"<p>ABD-\u0130srail&#8216;in \u0130ran&#8216;a y\u00f6nelik sava\u015f\u0131na ili\u015fkin canl\u0131 yay\u0131n\u0131m\u0131za yeniden ba\u015fl\u0131yoruz. Tahran&#8216;\u0131n BM Temsilcisi, \u0130ran&#8216;\u0131n K\u00f6rfez&#8216;de g\u00fcvenli\u011fi sa\u011flayabilmesi i\u00e7in daha fazla ABD-\u0130srail sald\u0131r\u0131s\u0131na kar\u015f\u0131 &#8220;g\u00fcvenilir garantilere&#8221; ihtiya\u00e7 duydu\u011funu belirtti. Bu arada, \u0130ran D\u0131\u015fi\u015fleri Bakan\u0131 Rusya ziyaretinde bar\u0131\u015f g\u00f6r\u00fc\u015fmelerinin ba\u015far\u0131s\u0131zl\u0131\u011f\u0131ndan Washington&#8216;\u0131 sorumlu tuttu. Bakan Abbas Araghchi, Pazartesi g\u00fcn\u00fc St. Petersburg&#8216;da yapt\u0131\u011f\u0131 a\u00e7\u0131klamada, &#8220;ABD&#8216;nin yakla\u015f\u0131mlar\u0131, \u00f6nceki m\u00fczakere turunun ilerlemeye [&hellip;]<\/p>\n","protected":false},"author":2,"featured_media":0,"comment_status":"open","ping_status":"open","sticky":false,"template":"","format":"standard","meta":{"footnotes":""},"categories":[37],"tags":[],"class_list":["post-11552","post","type-post","status-publish","format-standard","hentry","category-orta-dogu-haberleri"],"_links":{"self":[{"href":"https:\/\/fajr.news\/index.php?rest_route=\/wp\/v2\/posts\/11552","targetHints":{"allow":["GET"]}}],"collection":[{"href":"https:\/\/fajr.news\/index.php?rest_route=\/wp\/v2\/posts"}],"about":[{"href":"https:\/\/fajr.news\/index.php?rest_route=\/wp\/v2\/types\/post"}],"author":[{"embeddable":true,"href":"https:\/\/fajr.news\/index.php?rest_route=\/wp\/v2\/users\/2"}],"replies":[{"embeddable":true,"href":"https:\/\/fajr.news\/index.php?rest_route=%2Fwp%2Fv2%2Fcomments&post=11552"}],"version-history":[{"count":0,"href":"https:\/\/fajr.news\/index.php?rest_route=\/wp\/v2\/posts\/11552\/revisions"}],"wp:attachment":[{"href":"https:\/\/fajr.news\/index.php?rest_route=%2Fwp%2Fv2%2Fmedia&parent=11552"}],"wp:term":[{"taxonomy":"category","embeddable":true,"href":"https:\/\/fajr.news\/index.php?rest_route=%2Fwp%2Fv2%2Fcategories&post=11552"},{"taxonomy":"post_tag","embeddable":true,"href":"https:\/\/fajr.news\/index.php?rest_route=%2Fwp%2Fv2%2Ftags&post=11552"}],"curies":[{"name":"wp","href":"https:\/\/api.w.org\/{rel}","templated":true}]}}