{"id":11546,"date":"2026-04-28T11:29:42","date_gmt":"2026-04-28T07:59:42","guid":{"rendered":"https:\/\/fajr.news\/?p=11546"},"modified":"2026-04-28T11:29:42","modified_gmt":"2026-04-28T07:59:42","slug":"iran-abdnin-tankerlere-el-koymasini-korsanlik-ve-silahli-soygun-olarak-kinadi","status":"publish","type":"post","link":"https:\/\/fajr.news\/?p=11546&lang=tr","title":{"rendered":"\u0130ran, ABD&#8217;nin Tankerlere El Koymas\u0131n\u0131 &#8216;Korsanl\u0131k ve Silahl\u0131 Soygun&#8217; Olarak K\u0131nad\u0131"},"content":{"rendered":"<h1>\u0130ran&#8217;dan ABD&#8217;ye Sert Tepki: Tankerlere El Koyma &#8220;Korsanl\u0131k ve Silahl\u0131 Soygun&#8221;<\/h1>\n<p>\u0130ran D\u0131\u015fi\u015fleri Bakanl\u0131\u011f\u0131, Amerika Birle\u015fik Devletleri&#8217;nin \u0130ran&#8217;la ba\u011flant\u0131l\u0131 tankerlere el koymas\u0131n\u0131 &#8220;a\u00e7\u0131k\u00e7a korsanl\u0131k ve uluslararas\u0131 sularda silahl\u0131 soygunun yasalla\u015ft\u0131r\u0131lmas\u0131&#8221; olarak nitelendirerek \u015fiddetle k\u0131nad\u0131. \u0130ran D\u0131\u015fi\u015fleri Bakanl\u0131\u011f\u0131 S\u00f6zc\u00fcs\u00fc \u0130smail Ba\u011fayi, X platformunda yapt\u0131\u011f\u0131 payla\u015f\u0131mda, &#8220;Amerika Birle\u015fik Devletleri, uluslararas\u0131 hukukun ve uluslararas\u0131 serbest ticaretin kalbine darbe vuran ve deniz g\u00fcvenli\u011finin temel ilkelerini tehdit eden bu k\u00fcstah\u00e7a hukuksuz davran\u0131\u015ftan tamamen sorumlu tutulmal\u0131d\u0131r&#8221; ifadelerini kulland\u0131.<\/p>\n<h2>H\u00fcrm\u00fcz Bo\u011faz\u0131 ve \u0130ran&#8217;\u0131n Stratejik Konumu<\/h2>\n<p>B\u00f6lgesel yetkililerin a\u00e7\u0131klamalar\u0131na g\u00f6re, \u0130ran, n\u00fckleer program\u0131n\u0131 daha sonraki bir tarihte ele almay\u0131 teklif ederek H\u00fcrm\u00fcz Bo\u011faz\u0131 \u00fczerindeki ablukas\u0131n\u0131 sona erdirmeyi \u00f6neriyor. Bu teklif, \u0130ran D\u0131\u015fi\u015fleri Bakan\u0131&#8217;n\u0131n Rusya ziyaretinde Moskova ile \u0130srail ve Amerika Birle\u015fik Devletleri&#8217;ne kar\u015f\u0131 y\u00fcr\u00fct\u00fclen sava\u015f hakk\u0131nda isti\u015farede bulunma f\u0131rsat\u0131 buldu\u011fu bir d\u00f6nemde geldi.<\/p>\n<p>\u0130ran parlamentosu ulusal g\u00fcvenlik komisyonu ba\u015fkan\u0131 \u0130brahim Azizi, \u00fclkenin su yolunu y\u00f6netmeye y\u00f6nelik \u00f6nerilen yasas\u0131 uyar\u0131nca H\u00fcrm\u00fcz Bo\u011faz\u0131&#8217;ndan sorumlu makam\u0131n \u0130ran silahl\u0131 kuvvetleri olaca\u011f\u0131n\u0131 belirtti. Azizi, silahl\u0131 kuvvetlerin bo\u011faz\u0131n kontrol\u00fcn\u00fc zaten elinde tuttu\u011funu ve &#8220;d\u00fc\u015fman gemilerinin&#8221; ge\u00e7i\u015fini yasaklamay\u0131 ama\u00e7lad\u0131\u011f\u0131n\u0131 vurgulad\u0131. \u0130ran, bo\u011fazdan ge\u00e7en gemilerden belirli hizmetler kar\u015f\u0131l\u0131\u011f\u0131nda \u00fccret talep etmeyi planl\u0131yor; bu, uluslararas\u0131 hukuka uygun bir \u015fekilde gelir elde etme \u00e7abas\u0131 olarak g\u00f6r\u00fcl\u00fcyor.<\/p>\n<h2>ABD&#8217;nin \u00c7ifte Standard\u0131 ve Bar\u0131\u015f G\u00f6r\u00fc\u015fmeleri<\/h2>\n<p>ABD Ba\u015fkan\u0131 Donald Trump, \u0130ran&#8217;\u0131n sava\u015f\u0131 sona erdirmek i\u00e7in m\u00fczakere etmek istemesi halinde telefon edebilece\u011fini ve n\u00fckleer silaha sahip olmamay\u0131 kabul etmesi gerekti\u011fini belirtirken, Pakistan liderleri Washington ile Tahran aras\u0131ndaki durmu\u015f bar\u0131\u015f g\u00f6r\u00fc\u015fmelerini yeniden canland\u0131rmaya \u00e7al\u0131\u015ft\u0131. Ancak Trump&#8217;\u0131n, \u0130ran&#8217;\u0131n n\u00fckleer program\u0131n\u0131 tamamen sona erdirme y\u00f6n\u00fcndeki &#8220;k\u0131rm\u0131z\u0131 \u00e7izgileri&#8221; m\u00fczakereleri \u00e7\u0131kmaza soktu.<\/p>\n<p>Almanya \u015eans\u00f6lyesi Friedrich Merz, ABD&#8217;nin \u0130ran ile olan sava\u015f\u0131nda bir \u00e7\u0131k\u0131\u015f stratejisi g\u00f6remedi\u011fini ifade ederek, &#8220;b\u00fct\u00fcn bir ulusun \u0130ran liderli\u011fi, \u00f6zellikle de s\u00f6zde Devrim Muhaf\u0131zlar\u0131 taraf\u0131ndan a\u015fa\u011f\u0131land\u0131\u011f\u0131&#8221; uyar\u0131s\u0131nda bulundu. Bu yorumlar, Bat\u0131&#8217;da dahi ABD&#8217;nin politikalar\u0131na y\u00f6nelik ele\u015ftirilerin y\u00fckseldi\u011fini g\u00f6steriyor.<\/p>\n<h2>B\u00f6lgesel Geli\u015fmeler ve Direni\u015f Cephesi<\/h2>\n<ul>\n<li><strong>L\u00fcbnan&#8217;daki \u0130srail Sald\u0131r\u0131lar\u0131:<\/strong> AFP&#8217;nin bildirdi\u011fine g\u00f6re, \u0130srail&#8217;in L\u00fcbnan&#8217;\u0131n g\u00fcneyine d\u00fczenledi\u011fi sald\u0131r\u0131larda bir kad\u0131n da dahil olmak \u00fczere d\u00f6rt ki\u015fi hayat\u0131n\u0131 kaybetti ve 51 ki\u015fi yaraland\u0131. K\u0131r\u0131lgan ate\u015fkesin 17 Nisan&#8217;da ba\u015flamas\u0131ndan bu yana \u0130srail sald\u0131r\u0131lar\u0131nda en az 40 ki\u015fi \u00f6ld\u00fcr\u00fcld\u00fc. L\u00fcbnan Cumhurba\u015fkan\u0131 Joseph Aoun, \u0130srail ile do\u011frudan m\u00fczakerelerin Hizbullah ile \u00e7at\u0131\u015fmay\u0131 sona erdirmeyi ama\u00e7lad\u0131\u011f\u0131n\u0131 belirtirken, \u00fclkeyi sava\u015fa s\u00fcr\u00fckleyenleri &#8220;vatana ihanetle&#8221; su\u00e7lad\u0131.<\/li>\n<li><strong>Hizbullah&#8217;\u0131n Kararl\u0131 Duru\u015fu:<\/strong> Hizbullah lideri Naim Kas\u0131m, L\u00fcbnan&#8217;\u0131n \u0130srail ile do\u011frudan m\u00fczakere planlar\u0131n\u0131 &#8220;b\u00fcy\u00fck bir g\u00fcnah&#8221; olarak reddederek, bunun L\u00fcbnan&#8217;\u0131 istikrars\u0131zla\u015ft\u0131raca\u011f\u0131n\u0131 s\u00f6yledi. Kas\u0131m, &#8220;D\u00fc\u015fman ne kadar tehdit ederse etsin, geri ad\u0131m atmayaca\u011f\u0131z, boyun e\u011fmeyece\u011fiz ve yenilmeyece\u011fiz&#8221; dedi.<\/li>\n<li><strong>Rusya-\u0130ran Stratejik Ortakl\u0131\u011f\u0131:<\/strong> Rusya Devlet Ba\u015fkan\u0131 Vladimir Putin, \u0130ran D\u0131\u015fi\u015fleri Bakan\u0131 Abbas Ara\u011f\u00e7i&#8217;ye Moskova&#8217;n\u0131n Ortado\u011fu&#8217;da bar\u0131\u015f\u0131 sa\u011flamak i\u00e7in elinden geleni yapaca\u011f\u0131n\u0131 s\u00f6yledi. Putin, &#8220;Bizim taraf\u0131m\u0131zdan, sizin \u00e7\u0131karlar\u0131n\u0131za, b\u00f6lgedeki t\u00fcm halklar\u0131n \u00e7\u0131karlar\u0131na hizmet eden her \u015feyi yapaca\u011f\u0131z ki bar\u0131\u015f en k\u0131sa s\u00fcrede sa\u011flans\u0131n&#8221; dedi. Ara\u011f\u00e7i ise \u0130ran&#8217;\u0131n &#8220;istikrarl\u0131, sa\u011flam ve g\u00fc\u00e7l\u00fc bir sistem&#8221; oldu\u011funu vurgulayarak, Rusya&#8217;n\u0131n \u0130ran&#8217;\u0131n yan\u0131nda durdu\u011funu ve stratejik ortakl\u0131\u011f\u0131n devam edece\u011fini belirtti.<\/li>\n<\/ul>\n<p>Bu geli\u015fmeler, ABD ve \u0130srail&#8217;in b\u00f6lgedeki sald\u0131rgan politikalar\u0131na kar\u015f\u0131 \u0130ran liderli\u011findeki direni\u015f cephesinin kararl\u0131l\u0131\u011f\u0131n\u0131 ve uluslararas\u0131 arenadaki diplomatik \u00e7abalar\u0131n\u0131 g\u00f6zler \u00f6n\u00fcne sermektedir. \u0130ran, uluslararas\u0131 hukukun ihlallerine kar\u015f\u0131 duru\u015funu s\u00fcrd\u00fcr\u00fcrken, b\u00f6lgesel g\u00fcvenli\u011fi ve kendi egemenli\u011fini koruma konusundaki kararl\u0131l\u0131\u011f\u0131n\u0131 da g\u00f6stermektedir.<\/p>\n<p>#\u0130ran #ABD #TankerlereElKoyma #Korsanl\u0131k #H\u00fcrm\u00fczBo\u011faz\u0131 #Uluslararas\u0131Hukuk #Rusya #Hizbullah #Ortado\u011fu #Diplomasi<\/p>\n","protected":false},"excerpt":{"rendered":"<p>\u0130ran&#8217;dan ABD&#8217;ye Sert Tepki: Tankerlere El Koyma &#8220;Korsanl\u0131k ve Silahl\u0131 Soygun&#8221; \u0130ran D\u0131\u015fi\u015fleri Bakanl\u0131\u011f\u0131, Amerika Birle\u015fik Devletleri&#8217;nin \u0130ran&#8217;la ba\u011flant\u0131l\u0131 tankerlere el koymas\u0131n\u0131 &#8220;a\u00e7\u0131k\u00e7a korsanl\u0131k ve uluslararas\u0131 sularda silahl\u0131 soygunun yasalla\u015ft\u0131r\u0131lmas\u0131&#8221; olarak nitelendirerek \u015fiddetle k\u0131nad\u0131. \u0130ran D\u0131\u015fi\u015fleri Bakanl\u0131\u011f\u0131 S\u00f6zc\u00fcs\u00fc \u0130smail Ba\u011fayi, X platformunda yapt\u0131\u011f\u0131 payla\u015f\u0131mda, &#8220;Amerika Birle\u015fik Devletleri, uluslararas\u0131 hukukun ve uluslararas\u0131 serbest ticaretin kalbine darbe [&hellip;]<\/p>\n","protected":false},"author":2,"featured_media":11547,"comment_status":"open","ping_status":"open","sticky":false,"template":"","format":"standard","meta":{"footnotes":""},"categories":[37],"tags":[],"class_list":["post-11546","post","type-post","status-publish","format-standard","has-post-thumbnail","hentry","category-orta-dogu-haberleri"],"_links":{"self":[{"href":"https:\/\/fajr.news\/index.php?rest_route=\/wp\/v2\/posts\/11546","targetHints":{"allow":["GET"]}}],"collection":[{"href":"https:\/\/fajr.news\/index.php?rest_route=\/wp\/v2\/posts"}],"about":[{"href":"https:\/\/fajr.news\/index.php?rest_route=\/wp\/v2\/types\/post"}],"author":[{"embeddable":true,"href":"https:\/\/fajr.news\/index.php?rest_route=\/wp\/v2\/users\/2"}],"replies":[{"embeddable":true,"href":"https:\/\/fajr.news\/index.php?rest_route=%2Fwp%2Fv2%2Fcomments&post=11546"}],"version-history":[{"count":0,"href":"https:\/\/fajr.news\/index.php?rest_route=\/wp\/v2\/posts\/11546\/revisions"}],"wp:featuredmedia":[{"embeddable":true,"href":"https:\/\/fajr.news\/index.php?rest_route=\/wp\/v2\/media\/11547"}],"wp:attachment":[{"href":"https:\/\/fajr.news\/index.php?rest_route=%2Fwp%2Fv2%2Fmedia&parent=11546"}],"wp:term":[{"taxonomy":"category","embeddable":true,"href":"https:\/\/fajr.news\/index.php?rest_route=%2Fwp%2Fv2%2Fcategories&post=11546"},{"taxonomy":"post_tag","embeddable":true,"href":"https:\/\/fajr.news\/index.php?rest_route=%2Fwp%2Fv2%2Ftags&post=11546"}],"curies":[{"name":"wp","href":"https:\/\/api.w.org\/{rel}","templated":true}]}}