{"id":11535,"date":"2026-04-28T11:11:46","date_gmt":"2026-04-28T07:41:46","guid":{"rendered":"https:\/\/fajr.news\/?p=11535"},"modified":"2026-04-28T11:11:46","modified_gmt":"2026-04-28T07:41:46","slug":"al-urumah-sezonu-17-milyondan-fazla-ziyaretciyle-eko-turizm-lideri-oldu","status":"publish","type":"post","link":"https:\/\/fajr.news\/?p=11535&lang=tr","title":{"rendered":"Al-Urumah Sezonu, 1,7 Milyondan Fazla Ziyaret\u00e7iyle Eko-Turizm Lideri Oldu"},"content":{"rendered":"<h2>Al-Urumah Sezonu: Suudi Arabistan&#8217;\u0131n Eko-Turizmdeki Y\u00fckselen Y\u0131ld\u0131z\u0131<\/h2>\n<p>Suudi Bas\u0131n Ajans\u0131&#8217;n\u0131n (SPA) bildirdi\u011fine g\u00f6re, <strong>Al-Urumah Sezonu<\/strong>, 1,7 milyondan fazla ziyaret\u00e7iyi a\u011f\u0131rlayarak b\u00f6lgedeki eko-turizm hareketinin lideri konumuna y\u00fckseldi. Bu dikkat \u00e7ekici ba\u015far\u0131, \u00e7evre dostu turizme olan artan k\u00fcresel talebi ve Suudi Arabistan&#8217;\u0131n bu alandaki geli\u015ftirme \u00e7abalar\u0131n\u0131n ne denli ba\u015far\u0131l\u0131 oldu\u011funu a\u00e7\u0131k\u00e7a ortaya koymaktad\u0131r.<\/p>\n<h3>Do\u011fa, Macera ve Miras\u0131n E\u015fsiz Bulu\u015fmas\u0131<\/h3>\n<p>\u0130mam Abdulaziz bin Muhammed Kraliyet Rezervi ve Kral Halid Kraliyet Rezervi s\u0131n\u0131rlar\u0131 i\u00e7inde ger\u00e7ekle\u015ftirilen sezonun be\u015finci edisyonu, ziyaret\u00e7ilere do\u011fa, macera ve zengin k\u00fclt\u00fcrel miras\u0131 harmanlayan benzersiz deneyimler sundu. B\u00f6lgenin e\u015fsiz biyo\u00e7e\u015fitlili\u011fini \u00f6n plana \u00e7\u0131karan bu etkinlikler, kat\u0131l\u0131mc\u0131lardan b\u00fcy\u00fck ilgi g\u00f6rerek Al-Urumah Sezonu&#8217;nun cazibesini bir kez daha kan\u0131tlad\u0131.<\/p>\n<h3>Entegre Bir Eko-Turizm Sistemiyle S\u00fcrd\u00fcr\u00fclebilir Ba\u015far\u0131<\/h3>\n<p>Son be\u015f y\u0131l i\u00e7inde, ilgili yetkili makamlar, geni\u015fletilmi\u015f hizmet sa\u011flay\u0131c\u0131lar\u0131, kapsaml\u0131 altyap\u0131 geli\u015ftirme \u00e7al\u0131\u015fmalar\u0131 ve yerel topluluklar\u0131n g\u00fc\u00e7lendirilmesiyle desteklenen <strong>entegre bir eko-turizm sistemi<\/strong> kurdu. Bu stratejik yakla\u015f\u0131m, Al-Urumah Sezonu&#8217;nun s\u00fcrd\u00fcr\u00fclebilir ba\u015far\u0131s\u0131n\u0131n ve b\u00f6lgenin turizm potansiyelinin art\u0131r\u0131lmas\u0131n\u0131n temelini olu\u015fturmaktad\u0131r.<\/p>\n<h3>Gelecek Vizyonu: Alt\u0131nc\u0131 Edisyon Yolda<\/h3>\n<p>Al-Urumah Sezonu&#8217;nun alt\u0131nc\u0131 edisyonunun \u00f6n\u00fcm\u00fczdeki Kas\u0131m ay\u0131nda ba\u015flamas\u0131 bekleniyor. Bu yeni d\u00f6nemde, s\u00fcrd\u00fcr\u00fclebilirli\u011fi daha da art\u0131ran, topluluk kat\u0131l\u0131m\u0131n\u0131 geni\u015fleten ve her iki kraliyet rezervinin k\u00fclt\u00fcrel miras\u0131n\u0131 vurgulayan <strong>yenilik\u00e7i programlar<\/strong> sunulacak. Bu ad\u0131mlar, Suudi Arabistan&#8217;\u0131n eko-turizmdeki liderli\u011fini peki\u015ftirerek b\u00f6lgenin do\u011fal ve k\u00fclt\u00fcrel zenginliklerini d\u00fcnyaya tan\u0131tmaya devam edecek.<\/p>\n<p>#AlUrumahSezonu #EkoTurizm #SuudiArabistan #Do\u011faTurizmi #KraliyetRezervleri #S\u00fcrd\u00fcr\u00fclebilirTurizm #MaceraTurizmi #K\u00fclt\u00fcrelMiras #TurizmGeli\u015fimi #\u00c7evreDostu<\/p>\n","protected":false},"excerpt":{"rendered":"<p>Al-Urumah Sezonu: Suudi Arabistan&#8217;\u0131n Eko-Turizmdeki Y\u00fckselen Y\u0131ld\u0131z\u0131 Suudi Bas\u0131n Ajans\u0131&#8217;n\u0131n (SPA) bildirdi\u011fine g\u00f6re, Al-Urumah Sezonu, 1,7 milyondan fazla ziyaret\u00e7iyi a\u011f\u0131rlayarak b\u00f6lgedeki eko-turizm hareketinin lideri konumuna y\u00fckseldi. Bu dikkat \u00e7ekici ba\u015far\u0131, \u00e7evre dostu turizme olan artan k\u00fcresel talebi ve Suudi Arabistan&#8217;\u0131n bu alandaki geli\u015ftirme \u00e7abalar\u0131n\u0131n ne denli ba\u015far\u0131l\u0131 oldu\u011funu a\u00e7\u0131k\u00e7a ortaya koymaktad\u0131r. Do\u011fa, Macera ve Miras\u0131n [&hellip;]<\/p>\n","protected":false},"author":2,"featured_media":11536,"comment_status":"open","ping_status":"open","sticky":false,"template":"","format":"standard","meta":{"footnotes":""},"categories":[37],"tags":[],"class_list":["post-11535","post","type-post","status-publish","format-standard","has-post-thumbnail","hentry","category-orta-dogu-haberleri"],"_links":{"self":[{"href":"https:\/\/fajr.news\/index.php?rest_route=\/wp\/v2\/posts\/11535","targetHints":{"allow":["GET"]}}],"collection":[{"href":"https:\/\/fajr.news\/index.php?rest_route=\/wp\/v2\/posts"}],"about":[{"href":"https:\/\/fajr.news\/index.php?rest_route=\/wp\/v2\/types\/post"}],"author":[{"embeddable":true,"href":"https:\/\/fajr.news\/index.php?rest_route=\/wp\/v2\/users\/2"}],"replies":[{"embeddable":true,"href":"https:\/\/fajr.news\/index.php?rest_route=%2Fwp%2Fv2%2Fcomments&post=11535"}],"version-history":[{"count":0,"href":"https:\/\/fajr.news\/index.php?rest_route=\/wp\/v2\/posts\/11535\/revisions"}],"wp:featuredmedia":[{"embeddable":true,"href":"https:\/\/fajr.news\/index.php?rest_route=\/wp\/v2\/media\/11536"}],"wp:attachment":[{"href":"https:\/\/fajr.news\/index.php?rest_route=%2Fwp%2Fv2%2Fmedia&parent=11535"}],"wp:term":[{"taxonomy":"category","embeddable":true,"href":"https:\/\/fajr.news\/index.php?rest_route=%2Fwp%2Fv2%2Fcategories&post=11535"},{"taxonomy":"post_tag","embeddable":true,"href":"https:\/\/fajr.news\/index.php?rest_route=%2Fwp%2Fv2%2Ftags&post=11535"}],"curies":[{"name":"wp","href":"https:\/\/api.w.org\/{rel}","templated":true}]}}