{"id":11511,"date":"2026-04-28T10:51:12","date_gmt":"2026-04-28T07:21:12","guid":{"rendered":"https:\/\/fajr.news\/?p=11511"},"modified":"2026-04-28T10:51:12","modified_gmt":"2026-04-28T07:21:12","slug":"ab-korfez-hava-sahasi-kisitlamalarini-uzatti-dublin-orta-dogu-kurumsal-hattinda-aksakliklar-yasaniyor","status":"publish","type":"post","link":"https:\/\/fajr.news\/?p=11511&lang=tr","title":{"rendered":"AB, K\u00f6rfez Hava Sahas\u0131 K\u0131s\u0131tlamalar\u0131n\u0131 Uzatt\u0131: Dublin-Orta Do\u011fu Kurumsal Hatt\u0131nda Aksakl\u0131klar Ya\u015fan\u0131yor"},"content":{"rendered":"<h1>AB, K\u00f6rfez Hava Sahas\u0131 K\u0131s\u0131tlamalar\u0131n\u0131 Uzatt\u0131: Dublin-Orta Do\u011fu Kurumsal Hatt\u0131nda Aksakl\u0131klar Ya\u015fan\u0131yor<\/h1>\n<p>Avrupa Birli\u011fi Havac\u0131l\u0131k Emniyeti Ajans\u0131 (EASA), Avrupa tescilli havayolu \u015firketlerinin K\u00f6rfez hava sahas\u0131n\u0131n \u00f6nemli b\u00f6l\u00fcmlerini kullanma yasa\u011f\u0131n\u0131 en az 1 May\u0131s&#8217;a kadar uzatt\u0131. Bu karar, Dublin ile Orta Do\u011fu aras\u0131ndaki uzun menzilli u\u00e7u\u015f rotalar\u0131n\u0131 belirsizli\u011fe s\u00fcr\u00fcklemeye devam ediyor.<\/p>\n<p>Seyahat sekt\u00f6r\u00fc yay\u0131n organ\u0131 Travel Extra&#8217;n\u0131n 27 Nisan&#8217;da bildirdi\u011fine g\u00f6re, sadece Emirates, Pazar g\u00fcn\u00fc 407 u\u00e7u\u015f ger\u00e7ekle\u015ftirdi \u2013 bu, \u015eubat ay\u0131ndaki b\u00f6lgesel gerilimlerden bu yana \u00fc\u00e7\u00fcnc\u00fc en y\u00fcksek toplam. Ancak t\u00fcm bu u\u00e7u\u015flar, \u0130ran ve Kuveyt u\u00e7u\u015f bilgi b\u00f6lgelerini pas ge\u00e7mek zorunda kald\u0131, bu da tipik bat\u0131ya do\u011fru yolculuklara 45 dakikaya kadar ek s\u00fcre ekledi.<\/p>\n<h2>Seyahat Y\u00f6netiminde Yeni \u00c7\u00f6z\u00fcmler<\/h2>\n<p>Bu belirsizli\u011fin ortas\u0131nda, VisaHQ idari y\u00fck\u00fcn bir k\u0131sm\u0131n\u0131 \u00fcstlenmek i\u00e7in devreye girebiliyor. \u015eirketin \u0130rlanda portal\u0131 (<a href=\"https:\/\/www.visahq.com\/ireland\/\">https:\/\/www.visahq.com\/ireland\/<\/a>), Orta Do\u011fu ve Asya-Pasifik genelindeki destinasyonlar i\u00e7in ger\u00e7ek zamanl\u0131 vize ve giri\u015f kural\u0131 g\u00fcncellemeleri sunarak, seyahat y\u00f6neticilerinin ve bireysel yolcular\u0131n rota de\u011fi\u015fikliklerine h\u0131zl\u0131ca tepki vermesini, do\u011fru belgeleri temin etmesini ve son dakika aksakl\u0131klar\u0131n\u0131 \u00f6nlemesini sa\u011fl\u0131yor.<\/p>\n<h2>K\u0131s\u0131tlamalar\u0131n Kapsam\u0131 ve Gerek\u00e7eleri<\/h2>\n<p>Dan\u0131\u015fma, Bahreyn, Tahran, Ba\u011fdat, Tel Aviv, Amman, Doha ve Emirlikler dahil olmak \u00fczere on U\u00e7u\u015f Bilgi B\u00f6lgesini (FIR) kaps\u0131yor. EASA, 8 Nisan&#8217;daki ate\u015fkesin ard\u0131ndan Bahreyn, \u0130srail ve Irak&#8217;\u0131n baz\u0131 b\u00f6lgeleri yeniden a\u00e7\u0131lm\u0131\u015f olsa da, kalan askeri faaliyetler, insans\u0131z hava arac\u0131 ihlalleri ve radar kesintileriyle ba\u011flant\u0131l\u0131 risklerin, Avrupal\u0131 ta\u015f\u0131y\u0131c\u0131lar\u0131n etkilenen koridorlardan ka\u00e7\u0131nmaya devam etmesi gerekti\u011fi anlam\u0131na geldi\u011fini belirtiyor.<\/p>\n<h2>Havayollar\u0131 ve Kurumsal Sekt\u00f6r \u00dczerindeki Etkiler<\/h2>\n<p>Bu sapmalar, Lufthansa, Air France-KLM ve Aer Lingus (Dubai seferinde ortak u\u00e7u\u015f yapan) gibi havayollar\u0131n\u0131 M\u0131s\u0131r veya Orta Asya \u00fczerinden rotalar\u0131n\u0131 de\u011fi\u015ftirmeye zorluyor, bu da yak\u0131t t\u00fcketimini, m\u00fcrettebat s\u00fcresini ve nihayetinde bilet fiyatlar\u0131n\u0131 art\u0131r\u0131yor. \u0130rlandal\u0131 \u015firketler i\u00e7in bu zamanlama olduk\u00e7a hassas. Pandemi sonras\u0131 toparlanma, Orta Do\u011fu merkezlerinin Asya-Pasifik proje sahalar\u0131na ge\u00e7i\u015f noktas\u0131 olarak yeniden \u00f6nem kazanmas\u0131na neden oldu; Dublin merkezli ila\u00e7, in\u015faat ve finans teknolojisi firmalar\u0131, Hindistan, Singapur ve Avustralya&#8217;ya ula\u015fmak i\u00e7in Dubai, Doha veya Abu Dabi \u00fczerinden tek durakl\u0131 g\u00fczergahlara g\u00fcveniyor.<\/p>\n<p>Seyahat y\u00f6neticileri, yaz d\u00f6nemi g\u00f6rev planlamas\u0131n\u0131n zirveye ula\u015ft\u0131\u011f\u0131 bir d\u00f6nemde, \u015fimdi program belirsizli\u011fi ve potansiyel MICE (Toplant\u0131, Te\u015fvik, Kongre, Sergi) b\u00fct\u00e7e a\u015f\u0131mlar\u0131yla kar\u015f\u0131 kar\u015f\u0131ya. Politika ekipleri ayr\u0131ca hava kargo kapasitesi \u00fczerindeki zincirleme etkiyi de takip etmelidir. Leixlip&#8217;teki yar\u0131 iletken fabrikalar\u0131 ve Cork \u00e7evresindeki ila\u00e7 ihracat\u00e7\u0131lar\u0131, y\u00fcksek de\u011ferli \u00fcr\u00fcnlerini K\u00f6rfez serbest b\u00f6lgelerine ula\u015ft\u0131rmak i\u00e7in yolcu geni\u015f g\u00f6vdeli u\u00e7aklar\u0131n kargo alan\u0131na ba\u011f\u0131ml\u0131d\u0131r. Daha uzun rotalar kullan\u0131labilir y\u00fck kapasitesini azalt\u0131yor ve analistler, k\u0131s\u0131tlamalar hafifleyene kadar s\u0131cakl\u0131k kontroll\u00fc g\u00f6nderiler i\u00e7in %3-5 oran\u0131nda bir art\u0131\u015f bekliyor.<\/p>\n<h2>Gelecek ve Tavsiyeler<\/h2>\n<p>EASA, g\u00fcvenlik durumunu \u00f6n\u00fcm\u00fczdeki hafta tekrar g\u00f6zden ge\u00e7irecek; bu arada, i\u015fverenlere, kurtarma se\u00e7eneklerinin mevcut oldu\u011fu sabah erken saatlerdeki rotasyonlarda \u00e7al\u0131\u015fanlar\u0131 i\u00e7in rezervasyon yapmalar\u0131, zaman a\u00e7\u0131s\u0131ndan kritik yeniden y\u00f6nlendirmeleri i\u00e7eren daha y\u00fcksek \u00fccret s\u0131n\u0131flar\u0131na \u00f6nceden yetki vermeleri ve personellerine son dakika u\u00e7u\u015f yolu de\u011fi\u015fiklikleri i\u00e7in havayollar\u0131n\u0131n uygulamas\u0131n\u0131 indirmelerini hat\u0131rlatmalar\u0131 tavsiye ediliyor.<\/p>\n<p>#K\u00f6rfezHavaSahas\u0131 #EASA #U\u00e7u\u015fK\u0131s\u0131tlamalar\u0131 #DublinOrtaDo\u011fu #Havac\u0131l\u0131k #SeyahatG\u00fcncellemeleri #KurumsalSeyahat #Lojistik #Kargo #B\u00f6lgeselGerilimler<\/p>\n","protected":false},"excerpt":{"rendered":"<p>AB, K\u00f6rfez Hava Sahas\u0131 K\u0131s\u0131tlamalar\u0131n\u0131 Uzatt\u0131: Dublin-Orta Do\u011fu Kurumsal Hatt\u0131nda Aksakl\u0131klar Ya\u015fan\u0131yor Avrupa Birli\u011fi Havac\u0131l\u0131k Emniyeti Ajans\u0131 (EASA), Avrupa tescilli havayolu \u015firketlerinin K\u00f6rfez hava sahas\u0131n\u0131n \u00f6nemli b\u00f6l\u00fcmlerini kullanma yasa\u011f\u0131n\u0131 en az 1 May\u0131s&#8217;a kadar uzatt\u0131. Bu karar, Dublin ile Orta Do\u011fu aras\u0131ndaki uzun menzilli u\u00e7u\u015f rotalar\u0131n\u0131 belirsizli\u011fe s\u00fcr\u00fcklemeye devam ediyor. Seyahat sekt\u00f6r\u00fc yay\u0131n organ\u0131 Travel [&hellip;]<\/p>\n","protected":false},"author":2,"featured_media":11512,"comment_status":"open","ping_status":"open","sticky":false,"template":"","format":"standard","meta":{"footnotes":""},"categories":[37],"tags":[],"class_list":["post-11511","post","type-post","status-publish","format-standard","has-post-thumbnail","hentry","category-orta-dogu-haberleri"],"_links":{"self":[{"href":"https:\/\/fajr.news\/index.php?rest_route=\/wp\/v2\/posts\/11511","targetHints":{"allow":["GET"]}}],"collection":[{"href":"https:\/\/fajr.news\/index.php?rest_route=\/wp\/v2\/posts"}],"about":[{"href":"https:\/\/fajr.news\/index.php?rest_route=\/wp\/v2\/types\/post"}],"author":[{"embeddable":true,"href":"https:\/\/fajr.news\/index.php?rest_route=\/wp\/v2\/users\/2"}],"replies":[{"embeddable":true,"href":"https:\/\/fajr.news\/index.php?rest_route=%2Fwp%2Fv2%2Fcomments&post=11511"}],"version-history":[{"count":0,"href":"https:\/\/fajr.news\/index.php?rest_route=\/wp\/v2\/posts\/11511\/revisions"}],"wp:featuredmedia":[{"embeddable":true,"href":"https:\/\/fajr.news\/index.php?rest_route=\/wp\/v2\/media\/11512"}],"wp:attachment":[{"href":"https:\/\/fajr.news\/index.php?rest_route=%2Fwp%2Fv2%2Fmedia&parent=11511"}],"wp:term":[{"taxonomy":"category","embeddable":true,"href":"https:\/\/fajr.news\/index.php?rest_route=%2Fwp%2Fv2%2Fcategories&post=11511"},{"taxonomy":"post_tag","embeddable":true,"href":"https:\/\/fajr.news\/index.php?rest_route=%2Fwp%2Fv2%2Ftags&post=11511"}],"curies":[{"name":"wp","href":"https:\/\/api.w.org\/{rel}","templated":true}]}}