{"id":11495,"date":"2026-04-28T10:19:24","date_gmt":"2026-04-28T06:49:24","guid":{"rendered":"https:\/\/fajr.news\/?p=11495"},"modified":"2026-04-28T10:19:24","modified_gmt":"2026-04-28T06:49:24","slug":"libya-ve-yunanistan-deniz-sinirlari-ve-duzensiz-goc-konusunu-ele-aldi","status":"publish","type":"post","link":"https:\/\/fajr.news\/?p=11495&lang=tr","title":{"rendered":"Libya ve Yunanistan Deniz S\u0131n\u0131rlar\u0131 ve D\u00fczensiz G\u00f6\u00e7 Konusunu Ele Ald\u0131"},"content":{"rendered":"<p><strong>Trablus merkezli Libya h\u00fck\u00fcmetinin D\u0131\u015fi\u015fleri Bakan\u0131 Taher Al-Baour, Yunanistan D\u0131\u015fi\u015fleri Bakan\u0131 Giorgos Gerapetritis ile bir araya gelerek deniz s\u0131n\u0131rlar\u0131n\u0131n belirlenmesi ve ikili ili\u015fkiler ba\u015fta olmak \u00fczere \u00f6nemli konular\u0131 masaya yat\u0131rd\u0131.<\/strong> Anadolu Ajans\u0131&#8217;n\u0131n bildirdi\u011fine g\u00f6re, g\u00f6r\u00fc\u015fmelerde iki \u00fclke aras\u0131ndaki i\u015f birli\u011finin g\u00fc\u00e7lendirilmesi ve b\u00f6lgesel istikrar\u0131n sa\u011flanmas\u0131 hedeflendi.<\/p>\n<p>Libya&#8217;n\u0131n D\u0131\u015fi\u015fleri Bakanl\u0131\u011f\u0131&#8217;ndan yap\u0131lan a\u00e7\u0131klamaya g\u00f6re, Libya&#8217;n\u0131n ba\u015fkentindeki g\u00f6r\u00fc\u015fmelerde enerji, altyap\u0131 ve deniz ta\u015f\u0131mac\u0131l\u0131\u011f\u0131 gibi stratejik sekt\u00f6rlerde i\u015f birli\u011fini geni\u015fletme yollar\u0131 \u00fczerinde duruldu. Bu alanlardaki ortak \u00e7al\u0131\u015fmalar\u0131n, her iki \u00fclkenin kalk\u0131nmas\u0131na katk\u0131 sa\u011flayaca\u011f\u0131 vurguland\u0131.<\/p>\n<p>\u0130ki diplomat ayr\u0131ca d\u00fczensiz g\u00f6\u00e7 konusunu da ele ald\u0131. A\u00e7\u0131klamada, y\u00fck payla\u015f\u0131m\u0131, art\u0131r\u0131lm\u0131\u015f g\u00fcvenlik, teknik i\u015f birli\u011fi ve e\u011fitim programlar\u0131n\u0131n art\u0131r\u0131lmas\u0131na dayal\u0131 kapsaml\u0131 bir yakla\u015f\u0131ma duyulan ihtiya\u00e7 vurguland\u0131. Bu konudaki i\u015f birli\u011finin, insani de\u011ferlere uygun ve uluslararas\u0131 hukuka sayg\u0131l\u0131 bir \u00e7er\u00e7evede y\u00fcr\u00fct\u00fclmesi gerekti\u011fi belirtildi.<\/p>\n<p>Taraflar aras\u0131ndaki g\u00f6r\u00fc\u015fmelerde, deniz s\u0131n\u0131rlar\u0131n\u0131n belirlenmesine y\u00f6nelik ortak Libya-Yunanistan teknik komitesinin \u00e7al\u0131\u015fmalar\u0131 da g\u00fcndeme geldi. \u0130ki taraf, uluslararas\u0131 hukuka uygun olarak yap\u0131c\u0131 diyalo\u011fu s\u00fcrd\u00fcrme taahh\u00fctlerini yineledi. Bu komitenin, deniz yetki alanlar\u0131n\u0131n adil ve kar\u015f\u0131l\u0131kl\u0131 r\u0131zaya dayal\u0131 bir \u015fekilde belirlenmesi i\u00e7in \u00f6nemli bir platform oldu\u011fu ifade edildi.<\/p>\n<p>\u0130ki \u00fclke aras\u0131ndaki gerilimler, Girit adas\u0131 yak\u0131nlar\u0131ndaki enerji zengini b\u00f6lgeler \u00fczerindeki deniz s\u0131n\u0131r\u0131 m\u00fczakerelerinin 2004 y\u0131l\u0131nda durmas\u0131yla ba\u015flam\u0131\u015ft\u0131. Temmuz 2020&#8217;de ise taraflar ortak bir teknik komite olu\u015fturma konusunda anla\u015fm\u0131\u015f ve bu komite Eyl\u00fcl 2025&#8217;te (muhtemelen 2020 veya 2021) Atina&#8217;da yap\u0131lan g\u00f6r\u00fc\u015fmelerle \u00e7al\u0131\u015fmalar\u0131na ba\u015flam\u0131\u015ft\u0131.<\/p>\n<p>Ancak, Yunanistan&#8217;\u0131n 2025 y\u0131l\u0131nda (muhtemelen 2021 veya sonras\u0131) Girit&#8217;in g\u00fcneyinde, Libya ile ihtilafl\u0131 b\u00f6lgeleri de i\u00e7eren petrol ve gaz arama ihalesi ba\u015flatmas\u0131yla gerilimler yeniden t\u0131rmanm\u0131\u015ft\u0131. Libya makamlar\u0131 bu duruma g\u00fc\u00e7l\u00fc itirazlarda bulunmu\u015ftu. Mevcut g\u00f6r\u00fc\u015fmelerin, bu t\u00fcr gerilimleri azaltarak kar\u015f\u0131l\u0131kl\u0131 anlay\u0131\u015f\u0131 art\u0131rma potansiyeli ta\u015f\u0131d\u0131\u011f\u0131 belirtildi.<\/p>\n<p>#Libya #Yunanistan #DenizS\u0131n\u0131rlar\u0131 #D\u00fczensizG\u00f6\u00e7 #Diplomasi #Uluslararas\u0131Hukuk #Enerji\u0130\u015fbirli\u011fi #Akdeniz #\u0130kili\u0130li\u015fkiler #OrtakKomite<\/p>\n","protected":false},"excerpt":{"rendered":"<p>Trablus merkezli Libya h\u00fck\u00fcmetinin D\u0131\u015fi\u015fleri Bakan\u0131 Taher Al-Baour, Yunanistan D\u0131\u015fi\u015fleri Bakan\u0131 Giorgos Gerapetritis ile bir araya gelerek deniz s\u0131n\u0131rlar\u0131n\u0131n belirlenmesi ve ikili ili\u015fkiler ba\u015fta olmak \u00fczere \u00f6nemli konular\u0131 masaya yat\u0131rd\u0131. Anadolu Ajans\u0131&#8217;n\u0131n bildirdi\u011fine g\u00f6re, g\u00f6r\u00fc\u015fmelerde iki \u00fclke aras\u0131ndaki i\u015f birli\u011finin g\u00fc\u00e7lendirilmesi ve b\u00f6lgesel istikrar\u0131n sa\u011flanmas\u0131 hedeflendi. Libya&#8217;n\u0131n D\u0131\u015fi\u015fleri Bakanl\u0131\u011f\u0131&#8217;ndan yap\u0131lan a\u00e7\u0131klamaya g\u00f6re, Libya&#8217;n\u0131n ba\u015fkentindeki g\u00f6r\u00fc\u015fmelerde [&hellip;]<\/p>\n","protected":false},"author":2,"featured_media":11496,"comment_status":"open","ping_status":"open","sticky":false,"template":"","format":"standard","meta":{"footnotes":""},"categories":[37],"tags":[],"class_list":["post-11495","post","type-post","status-publish","format-standard","has-post-thumbnail","hentry","category-orta-dogu-haberleri"],"_links":{"self":[{"href":"https:\/\/fajr.news\/index.php?rest_route=\/wp\/v2\/posts\/11495","targetHints":{"allow":["GET"]}}],"collection":[{"href":"https:\/\/fajr.news\/index.php?rest_route=\/wp\/v2\/posts"}],"about":[{"href":"https:\/\/fajr.news\/index.php?rest_route=\/wp\/v2\/types\/post"}],"author":[{"embeddable":true,"href":"https:\/\/fajr.news\/index.php?rest_route=\/wp\/v2\/users\/2"}],"replies":[{"embeddable":true,"href":"https:\/\/fajr.news\/index.php?rest_route=%2Fwp%2Fv2%2Fcomments&post=11495"}],"version-history":[{"count":0,"href":"https:\/\/fajr.news\/index.php?rest_route=\/wp\/v2\/posts\/11495\/revisions"}],"wp:featuredmedia":[{"embeddable":true,"href":"https:\/\/fajr.news\/index.php?rest_route=\/wp\/v2\/media\/11496"}],"wp:attachment":[{"href":"https:\/\/fajr.news\/index.php?rest_route=%2Fwp%2Fv2%2Fmedia&parent=11495"}],"wp:term":[{"taxonomy":"category","embeddable":true,"href":"https:\/\/fajr.news\/index.php?rest_route=%2Fwp%2Fv2%2Fcategories&post=11495"},{"taxonomy":"post_tag","embeddable":true,"href":"https:\/\/fajr.news\/index.php?rest_route=%2Fwp%2Fv2%2Ftags&post=11495"}],"curies":[{"name":"wp","href":"https:\/\/api.w.org\/{rel}","templated":true}]}}