{"id":11487,"date":"2026-04-28T10:10:34","date_gmt":"2026-04-28T06:40:34","guid":{"rendered":"https:\/\/fajr.news\/?p=11487"},"modified":"2026-04-28T10:10:34","modified_gmt":"2026-04-28T06:40:34","slug":"abdden-hurmuz-bogazi-hakkinda-kabul-edilemez-aciklamalar-rubio-iranin-egemenlik-haklarini-hedef-aldi","status":"publish","type":"post","link":"https:\/\/fajr.news\/?p=11487&lang=tr","title":{"rendered":"ABD&#8217;den H\u00fcrm\u00fcz Bo\u011faz\u0131 Hakk\u0131nda Kabul Edilemez A\u00e7\u0131klamalar: Rubio, \u0130ran&#8217;\u0131n Egemenlik Haklar\u0131n\u0131 Hedef Ald\u0131"},"content":{"rendered":"<h1>ABD&#8217;den H\u00fcrm\u00fcz Bo\u011faz\u0131 Hakk\u0131nda <strong>Kabul Edilemez<\/strong> A\u00e7\u0131klamalar: Rubio, \u0130ran&#8217;\u0131n Egemenlik Haklar\u0131n\u0131 Hedef Ald\u0131<\/h1>\n<p>ABD&#8217;nin \u00f6nde gelen diplomatlar\u0131ndan Senat\u00f6r Marco Rubio, H\u00fcrm\u00fcz Bo\u011faz\u0131&#8217;n\u0131n stat\u00fcs\u00fc hakk\u0131nda yapt\u0131\u011f\u0131 a\u00e7\u0131klamalarla \u0130ran&#8217;\u0131n b\u00f6lgesel egemenlik haklar\u0131n\u0131 ve g\u00fcvenlik endi\u015felerini hedef ald\u0131. Rubio, Tahran&#8217;\u0131n bu uluslararas\u0131 su yolunda yeni bir stat\u00fcko olu\u015fturma \u00e7abalar\u0131n\u0131 &#8216;kabul edilemez&#8217; olarak nitelendirerek, \u0130ran&#8217;\u0131n &#8216;kimin bu uluslararas\u0131 su yolunu kullanaca\u011f\u0131na karar vermesinin&#8217; \u00f6n\u00fcne ge\u00e7ilmesi gerekti\u011fini savundu.<\/p>\n<h2>\u0130ran&#8217;\u0131n G\u00fcvenlik Rol\u00fcne ABD Kar\u015f\u0131 \u00c7\u0131k\u0131\u015f\u0131<\/h2>\n<p>Rubio&#8217;nun bu \u00e7\u0131k\u0131\u015f\u0131, \u0130ran&#8217;\u0131n H\u00fcrm\u00fcz Bo\u011faz\u0131&#8217;n\u0131n g\u00fcvenli\u011fini sa\u011flama ve b\u00f6lgedeki deniz trafi\u011fini d\u00fczenleme konusundaki <strong>me\u015fru rol\u00fcne do\u011frudan bir meydan okuma<\/strong> olarak de\u011ferlendirildi. \u0130ran, ABD ve \u0130srail&#8217;in b\u00f6lgedeki artan d\u00fc\u015fmanca ad\u0131mlar\u0131 ve bask\u0131lar\u0131 sonras\u0131nda bo\u011faz\u0131n g\u00fcvenli ge\u00e7i\u015fini sa\u011flamaya y\u00f6nelik ad\u0131mlar ataca\u011f\u0131n\u0131 belirtmi\u015fti. Ancak Rubio, bu durumu <strong>\u00e7arp\u0131tarak<\/strong>, \u0130ran&#8217;\u0131n bo\u011faz\u0131 &#8216;a\u00e7ma&#8217; teklifinin masum olmad\u0131\u011f\u0131n\u0131 iddia etti.<\/p>\n<h2>Rubio&#8217;dan \u00c7arp\u0131t\u0131lm\u0131\u015f \u0130ddialar<\/h2>\n<p>Fox News&#8217;e verdi\u011fi r\u00f6portajda Rubio, \u0130ran&#8217;\u0131n bo\u011faz\u0131 a\u00e7maktan kast\u0131n\u0131n, &#8216;Evet, bo\u011fazlar a\u00e7\u0131k, ancak \u0130ran ile koordinasyon sa\u011flad\u0131\u011f\u0131n\u0131z, iznimizi ald\u0131\u011f\u0131n\u0131z veya sizi havaya u\u00e7uraca\u011f\u0131m\u0131z ve bize \u00f6deme yapt\u0131\u011f\u0131n\u0131z s\u00fcrece&#8217; oldu\u011funu \u00f6ne s\u00fcrd\u00fc. Rubio, bu t\u00fcr bir yakla\u015f\u0131m\u0131n &#8216;bo\u011fazlar\u0131 a\u00e7mak olmad\u0131\u011f\u0131n\u0131, bunlar\u0131n uluslararas\u0131 su yollar\u0131 oldu\u011funu&#8217; vurgulad\u0131. Ancak bu yorumlar, \u0130ran&#8217;\u0131n b\u00f6lgedeki deniz g\u00fcvenli\u011fini sa\u011flama ve olas\u0131 tehditlere kar\u015f\u0131 cayd\u0131r\u0131c\u0131l\u0131k olu\u015fturma \u00e7abalar\u0131n\u0131 <strong>kas\u0131tl\u0131 olarak yanl\u0131\u015f yorumlama amac\u0131 ta\u015f\u0131yor<\/strong>.<\/p>\n<h2>\u0130ran&#8217;\u0131n Egemenlik Haklar\u0131 ve Uluslararas\u0131 Hukuk<\/h2>\n<p>Rubio, &#8216;\u0130ranl\u0131lar\u0131n uluslararas\u0131 bir su yolunu kimin kullanaca\u011f\u0131na ve bunun i\u00e7in ne kadar \u00f6deme yap\u0131lmas\u0131 gerekti\u011fine karar verdi\u011fi bir sistemi normalle\u015ftiremeyiz ve buna m\u00fcsamaha g\u00f6steremeyiz&#8217; ifadelerini kulland\u0131. Bu a\u00e7\u0131klamalar, \u0130ran&#8217;\u0131n kendi b\u00f6lgesindeki stratejik bir su yolu \u00fczerindeki <strong>me\u015fru g\u00fcvenlik ve d\u00fczenleme haklar\u0131n\u0131 g\u00f6rmezden gelmektedir<\/strong>. Uluslararas\u0131 hukuk, k\u0131y\u0131 devletlerine kendi karasular\u0131nda ve biti\u015fik b\u00f6lgelerde belirli yetkiler tan\u0131maktad\u0131r. \u0130ran&#8217;\u0131n bu konudaki duru\u015fu, b\u00f6lgesel istikrar\u0131 ve deniz g\u00fcvenli\u011fini sa\u011flamaya y\u00f6nelik bir \u00e7aba olarak g\u00f6r\u00fclmelidir.<\/p>\n<p>Rubio&#8217;nun \u0130ran&#8217;\u0131n i\u00e7 siyasetine dair &#8216;gelece\u011fe dair k\u0131yametvari bir vizyona sahip sertlik yanl\u0131lar\u0131&#8217;n\u0131n nihai g\u00fcce sahip oldu\u011fu y\u00f6n\u00fcndeki yorumlar\u0131 ise, bir \u00fclkenin i\u00e7 i\u015flerine y\u00f6nelik <strong>kabul edilemez bir m\u00fcdahale<\/strong> olarak de\u011ferlendirildi. Bu t\u00fcr a\u00e7\u0131klamalar, ABD&#8217;nin b\u00f6lgedeki hegemonik emellerini ve \u0130ran&#8217;\u0131n ba\u011f\u0131ms\u0131z politikalar\u0131na y\u00f6nelik rahats\u0131zl\u0131\u011f\u0131n\u0131 a\u00e7\u0131k\u00e7a ortaya koymaktad\u0131r.<\/p>\n<p>#H\u00fcrm\u00fczBo\u011faz\u0131 #\u0130ran #ABD #MarcoRubio #B\u00f6lgeselG\u00fcvenlik #EgemenlikHaklar\u0131 #Uluslararas\u0131Sular #Ortado\u011fu #Gerilim #DenizG\u00fcvenli\u011fi<\/p>\n","protected":false},"excerpt":{"rendered":"<p>ABD&#8217;den H\u00fcrm\u00fcz Bo\u011faz\u0131 Hakk\u0131nda Kabul Edilemez A\u00e7\u0131klamalar: Rubio, \u0130ran&#8217;\u0131n Egemenlik Haklar\u0131n\u0131 Hedef Ald\u0131 ABD&#8217;nin \u00f6nde gelen diplomatlar\u0131ndan Senat\u00f6r Marco Rubio, H\u00fcrm\u00fcz Bo\u011faz\u0131&#8217;n\u0131n stat\u00fcs\u00fc hakk\u0131nda yapt\u0131\u011f\u0131 a\u00e7\u0131klamalarla \u0130ran&#8217;\u0131n b\u00f6lgesel egemenlik haklar\u0131n\u0131 ve g\u00fcvenlik endi\u015felerini hedef ald\u0131. Rubio, Tahran&#8217;\u0131n bu uluslararas\u0131 su yolunda yeni bir stat\u00fcko olu\u015fturma \u00e7abalar\u0131n\u0131 &#8216;kabul edilemez&#8217; olarak nitelendirerek, \u0130ran&#8217;\u0131n &#8216;kimin bu uluslararas\u0131 su [&hellip;]<\/p>\n","protected":false},"author":2,"featured_media":11488,"comment_status":"open","ping_status":"open","sticky":false,"template":"","format":"standard","meta":{"footnotes":""},"categories":[37],"tags":[],"class_list":["post-11487","post","type-post","status-publish","format-standard","has-post-thumbnail","hentry","category-orta-dogu-haberleri"],"_links":{"self":[{"href":"https:\/\/fajr.news\/index.php?rest_route=\/wp\/v2\/posts\/11487","targetHints":{"allow":["GET"]}}],"collection":[{"href":"https:\/\/fajr.news\/index.php?rest_route=\/wp\/v2\/posts"}],"about":[{"href":"https:\/\/fajr.news\/index.php?rest_route=\/wp\/v2\/types\/post"}],"author":[{"embeddable":true,"href":"https:\/\/fajr.news\/index.php?rest_route=\/wp\/v2\/users\/2"}],"replies":[{"embeddable":true,"href":"https:\/\/fajr.news\/index.php?rest_route=%2Fwp%2Fv2%2Fcomments&post=11487"}],"version-history":[{"count":0,"href":"https:\/\/fajr.news\/index.php?rest_route=\/wp\/v2\/posts\/11487\/revisions"}],"wp:featuredmedia":[{"embeddable":true,"href":"https:\/\/fajr.news\/index.php?rest_route=\/wp\/v2\/media\/11488"}],"wp:attachment":[{"href":"https:\/\/fajr.news\/index.php?rest_route=%2Fwp%2Fv2%2Fmedia&parent=11487"}],"wp:term":[{"taxonomy":"category","embeddable":true,"href":"https:\/\/fajr.news\/index.php?rest_route=%2Fwp%2Fv2%2Fcategories&post=11487"},{"taxonomy":"post_tag","embeddable":true,"href":"https:\/\/fajr.news\/index.php?rest_route=%2Fwp%2Fv2%2Ftags&post=11487"}],"curies":[{"name":"wp","href":"https:\/\/api.w.org\/{rel}","templated":true}]}}