{"id":11481,"date":"2026-04-28T10:04:17","date_gmt":"2026-04-28T06:34:17","guid":{"rendered":"https:\/\/fajr.news\/?p=11481"},"modified":"2026-04-28T10:04:17","modified_gmt":"2026-04-28T06:34:17","slug":"iranin-yogun-diplomasi-trafigi-rusyada-devam-ederken-trump-iranin-son-teklifini-degerlendiriyor","status":"publish","type":"post","link":"https:\/\/fajr.news\/?p=11481&lang=tr","title":{"rendered":"\u0130ran&#8217;\u0131n yo\u011fun diplomasi trafi\u011fi Rusya&#8217;da devam ederken, Trump \u0130ran&#8217;\u0131n son teklifini de\u011ferlendiriyor"},"content":{"rendered":"<p>G\u00fcncelleme: 27 Nisan 2026, 16:00 CDT<br \/>\n\u0130ran D\u0131\u015fi\u015fleri Bakan\u0131 Pazartesi g\u00fcn\u00fc Rusya&#8217;ya geldi. Burada Ba\u015fkan Vladimir Putin, \u0130ran&#8217;a ABD ve \u0130srail ile olan sava\u015f\u0131nda g\u00fc\u00e7l\u00fc destek verdi.<br \/>\nBu ziyaret, Birle\u015fmi\u015f Milletler&#8217;de toplanan \u00fclkelerin H\u00fcrm\u00fcz Bo\u011faz\u0131&#8217;n\u0131n yeniden a\u00e7\u0131lmas\u0131 \u00e7a\u011fr\u0131s\u0131n\u0131 yinelemesi ve Trump y\u00f6netiminin \u0130ran&#8217;\u0131n bo\u011faz\u0131 kapatmas\u0131n\u0131 ve ABD&#8217;nin \u0130ran limanlar\u0131na uygulad\u0131\u011f\u0131 deniz ablukas\u0131n\u0131 sona erdirmeye y\u00f6nelik son \u0130ran teklifini tart\u0131\u015fmas\u0131yla e\u015f zamanl\u0131 ger\u00e7ekle\u015fti.<br \/>\nRusya&#8217;n\u0131n St. Petersburg kentinde \u0130ran D\u0131\u015fi\u015fleri Bakan\u0131 Abbas Ara\u011f\u00e7i ile g\u00f6r\u00fc\u015fen Putin, ge\u00e7en hafta \u0130ran&#8217;\u0131n ruhani lideri M\u00fccteba Hamenei&#8217;den bir mesaj ald\u0131\u011f\u0131n\u0131 s\u00f6yledi. Rusya&#8217;n\u0131n devlet haber ajans\u0131 Tass ve \u0130ran&#8217;\u0131n yar\u0131 resmi haber ajans\u0131 Fars&#8217;a g\u00f6re, mesaj\u0131n i\u00e7eri\u011fi hakk\u0131nda detay verilmedi.<br \/>\nTass&#8217;\u0131n bildirdi\u011fine g\u00f6re Putin, Ara\u011f\u00e7i&#8217;ye &#8220;bu mesaj i\u00e7in \u015f\u00fckranlar\u0131n\u0131 ve sa\u011fl\u0131\u011f\u0131 ile esenli\u011fi i\u00e7in en iyi dileklerini&#8221; iletmesini s\u00f6yledi.<br \/>\nTrump y\u00f6netimi, Hamenei&#8217;nin 28 \u015eubat&#8217;ta ABD ve \u0130srail taraf\u0131ndan ba\u015flat\u0131lan ortak askeri harekat\u0131n ba\u015flar\u0131nda yaraland\u0131\u011f\u0131n\u0131 belirtiyor.<br \/>\nTass, Putin&#8217;in \u0130ran halk\u0131n\u0131n egemenlikleri i\u00e7in &#8220;cesurca ve kahramanca&#8221; sava\u015ft\u0131\u011f\u0131n\u0131 s\u00f6yledi\u011fini aktard\u0131.<br \/>\nBu ziyaret, \u0130ran&#8217;\u0131n ABD ile g\u00f6r\u00fc\u015fmelerin ask\u0131da kalmas\u0131 nedeniyle siyasi n\u00fcfuz ve d\u0131\u015f destek aray\u0131\u015f\u0131nda oldu\u011fu yo\u011fun bir diplomasi hafta sonunun ard\u0131ndan geldi.<br \/>\nAncak bu diplomatik yo\u011funlukta Washington ile Tahran aras\u0131nda bir g\u00f6r\u00fc\u015fme belirtisi bulunmuyor.<br \/>\nGe\u00e7en hafta \u0130ran D\u0131\u015fi\u015fleri Bakan\u0131 \u0130slamabad&#8217;\u0131 ziyaret etmi\u015f ve Ba\u015fkan Trump oraya g\u00f6r\u00fc\u015fmeler i\u00e7in bir ekip g\u00f6nderece\u011fini s\u00f6ylemi\u015fti. Ancak Ara\u011f\u00e7i Cumartesi g\u00fcn\u00fc Pakistan&#8217;dan ayr\u0131ld\u0131 ve Trump ABD heyetinin gezisini iptal etti.<br \/>\nAra\u011f\u00e7i daha sonra H\u00fcrm\u00fcz Bo\u011faz\u0131&#8217;n\u0131n hemen kar\u015f\u0131s\u0131nda yer alan Umman&#8217;a gitti ve Sultan Heysem bin Tar\u0131k el Said ile Umman D\u0131\u015fi\u015fleri Bakan\u0131 ile bir araya geldi.<br \/>\nH\u00fcrm\u00fcz Bo\u011faz\u0131, sava\u015f \u00f6ncesinde d\u00fcnya petrol ve do\u011falgaz\u0131n\u0131n yakla\u015f\u0131k be\u015fte birinin yan\u0131 s\u0131ra di\u011fer mallar\u0131n da ge\u00e7ti\u011fi \u00f6nemli bir nakliye ge\u00e7ididir. Ancak \u0130ran&#8217;\u0131n bo\u011faz \u00fczerinde kontrol sa\u011flamaya \u00e7al\u0131\u015fmas\u0131 ve ABD&#8217;nin \u0130ran limanlar\u0131na deniz ablukas\u0131 uygulamas\u0131 nedeniyle trafik b\u00fcy\u00fck \u00f6l\u00e7\u00fcde durma noktas\u0131nda, bu da k\u00fcresel enerji krizini derinle\u015ftiriyor.<br \/>\nH\u00fcrm\u00fcz Bo\u011faz\u0131 k\u0131y\u0131s\u0131nda yer alan tek \u00fclkeler olarak, Umman&#8217;daki g\u00f6r\u00fc\u015fmeleri hakk\u0131nda sosyal medyada konu\u015fan Ara\u011f\u00e7i, &#8220;odak noktam\u0131z, t\u00fcm sevgili kom\u015fular\u0131m\u0131z\u0131n ve d\u00fcnyan\u0131n yarar\u0131na olacak g\u00fcvenli ge\u00e7i\u015fi sa\u011flaman\u0131n yollar\u0131n\u0131 i\u00e7eriyordu&#8221; dedi. &#8220;Kom\u015fular\u0131m\u0131z \u00f6nceli\u011fimizdir.&#8221;<br \/>\nUmman D\u0131\u015fi\u015fleri Bakan\u0131 Bedir el-Busaidi, Ara\u011f\u00e7i ile H\u00fcrm\u00fcz Bo\u011faz\u0131 hakk\u0131nda iyi bir g\u00f6r\u00fc\u015fme yapt\u0131klar\u0131n\u0131 s\u00f6yledi. K\u0131y\u0131 devletleri olarak, &#8220;uluslararas\u0131 topluma kar\u015f\u0131 ortak sorumlulu\u011fumuzu ve \u00e7ok uzun s\u00fcredir tutulan denizcilerin serbest b\u0131rak\u0131lmas\u0131na y\u00f6nelik acil insani ihtiyac\u0131 kabul ediyoruz&#8221; diye yazd\u0131. &#8220;Kal\u0131c\u0131 seyir serbestli\u011fini sa\u011flamak i\u00e7in \u00e7ok fazla diplomasi ve pratik \u00e7\u00f6z\u00fcmler gerekiyor.&#8221;<br \/>\nAra\u011f\u00e7i ayr\u0131ca Suudi Arabistan, Katar ve M\u0131s\u0131r d\u0131\u015fi\u015fleri bakanlar\u0131yla telefonla g\u00f6r\u00fc\u015ft\u00fc.<br \/>\nUmman&#8217;dan Pazar g\u00fcn\u00fc Pakistan&#8217;a geri d\u00f6nd\u00fc ve ard\u0131ndan Pazartesi g\u00fcn\u00fc Rusya&#8217;ya ula\u015ft\u0131.<br \/>\n\u0130\u015fte Ortado\u011fu&#8217;daki \u00e7at\u0131\u015fmalardaki di\u011fer geli\u015fmeler:<br \/>\n&#8220;Kartlar&#8221; kimde?<br \/>\nBeyaz Saray Bas\u0131n Sekreteri Karoline Leavitt gazetecilere verdi\u011fi deme\u00e7te, Ba\u015fkan Trump&#8217;\u0131n Pazartesi g\u00fcn\u00fc ulusal g\u00fcvenlik ekibiyle bir araya geldi\u011fini ve \u0130ran&#8217;\u0131n son teklifini tart\u0131\u015ft\u0131\u011f\u0131n\u0131 s\u00f6yledi.<br \/>\n\u0130ran ve ABD teklifin \u015fartlar\u0131n\u0131 kamuoyuna a\u00e7\u0131klamad\u0131. Associated Press&#8217;e g\u00f6re, \u0130ran H\u00fcrm\u00fcz Bo\u011faz\u0131&#8217;n\u0131 yeniden a\u00e7may\u0131 teklif ediyor kar\u015f\u0131l\u0131\u011f\u0131nda ABD&#8217;nin deniz ablukas\u0131n\u0131 sona erdirmesini istiyor, ancak n\u00fckleer m\u00fczakereleri daha sonraki bir a\u015famaya ertelemek istiyor. NPR teklifin detaylar\u0131n\u0131 do\u011frulamad\u0131.<br \/>\nBir muhabirin Trump&#8217;\u0131n bu t\u00fcr a\u015famal\u0131 bir m\u00fczakereye kat\u0131l\u0131p kat\u0131lmayaca\u011f\u0131n\u0131 sormas\u0131 \u00fczerine Leavitt, &#8220;Sadece rapor edildi\u011fi i\u00e7in, ba\u015fkan\u0131n bu sabah ulusal g\u00fcvenlik ekibiyle bir araya geldi\u011fini do\u011frulayaca\u011f\u0131m&#8221; dedi ve &#8220;teklifin tart\u0131\u015f\u0131ld\u0131\u011f\u0131n\u0131&#8221; belirtti.<br \/>\nLeavitt, &#8220;De\u011ferlendiriyorlar demem, sadece bu sabah bir tart\u0131\u015fma oldu\u011funu s\u00f6yleyebilirim&#8221; diye ekledi. Trump&#8217;\u0131n &#8220;k\u0131rm\u0131z\u0131 \u00e7izgilerinin&#8221; \u00e7ok net oldu\u011funu s\u00f6yledi. Trump, \u0130ran&#8217;\u0131n atom program\u0131n\u0131n tamamen ortadan kald\u0131r\u0131lmas\u0131n\u0131n ABD&#8217;nin temel talebi oldu\u011funu defalarca dile getirdi.<br \/>\nHafta sonu Trump \u015funlar\u0131 s\u00f6yledi: &#8220;T\u00fcm kartlar bizde. Konu\u015fmak isterlerse bize gelebilirler veya bizi arayabilirler.&#8221;<br \/>\n\u0130ran parlamento ba\u015fkan\u0131, bu ay\u0131n ba\u015flar\u0131nda \u0130slamabad&#8217;da ABD ile yap\u0131lan g\u00f6r\u00fc\u015fmelerde \u0130ran heyetine liderlik etmi\u015fti, Trump&#8217;\u0131n yorumlar\u0131na sosyal medyadan meydan okudu.<br \/>\nMuhammed Bak\u0131r Galibaf sosyal medyada, &#8220;Kartlarla \u00f6v\u00fcn\u00fcyorlar. G\u00f6relim bakal\u0131m&#8221; dedi. Ard\u0131ndan, ABD&#8217;nin kar\u015f\u0131la\u015ft\u0131\u011f\u0131 ekonomik zorluklar\u0131 g\u00f6stermeyi ama\u00e7layan karma\u015f\u0131k bir arz ve talep denklemi sundu.<br \/>\nAncak \u0130ran da limanlar\u0131na uygulanan ABD deniz ablukas\u0131yla kar\u015f\u0131 kar\u015f\u0131ya. Trump Pazar g\u00fcn\u00fc Fox News&#8217;e verdi\u011fi deme\u00e7te, \u0130ran&#8217;\u0131n petrol boru hatlar\u0131n\u0131n bas\u0131n\u00e7tan patlamas\u0131na \u00fc\u00e7 g\u00fcn kald\u0131\u011f\u0131n\u0131, \u00e7\u00fcnk\u00fc petrol\u00fc depolayacak gemilerinin t\u00fckendi\u011fini s\u00f6yledi.<br \/>\nBu zaman \u00e7izelgesi hakk\u0131nda soruldu\u011funda, ara\u015ft\u0131rma firmas\u0131 Kpler&#8217;in Orta Do\u011fu enerji ba\u015fkan\u0131 Amena Bakr, NPR&#8217;ye \u0130ran&#8217;\u0131n depolama alan\u0131n\u0131n t\u00fckenmekte oldu\u011funu, ancak mevcut \u00fcretim seviyelerinde bunun 20 g\u00fcne yak\u0131n oldu\u011funu s\u00f6yledi.<br \/>\nBakr ayr\u0131ca, \u0130ran&#8217;\u0131n H\u00fcrm\u00fcz Bo\u011faz\u0131 d\u0131\u015f\u0131nda, gemilerini oraya ula\u015ft\u0131rabilir ve ABD ablukas\u0131n\u0131 a\u015fabilirse petrol\u00fc yeniden y\u00f6nlendirmek i\u00e7in kullan\u0131labilecek bir g\u00fcney terminali oldu\u011funu da belirtti.<br \/>\nBM toplant\u0131s\u0131 H\u00fcrm\u00fcz Bo\u011faz\u0131&#8217;ndan &#8220;gemilerin ge\u00e7mesine izin verilmesi&#8221; \u00e7a\u011fr\u0131s\u0131nda bulundu<br \/>\nBahreyn, Birle\u015fmi\u015f Milletler&#8217;de deniz g\u00fcvenli\u011fi konulu y\u00fcksek d\u00fczeyli bir toplant\u0131ya ba\u015fkanl\u0131k etti ve bu etkinli\u011fi \u0130ran&#8217;a H\u00fcrm\u00fcz Bo\u011faz\u0131&#8217;n\u0131 yeniden a\u00e7ma \u00e7a\u011fr\u0131s\u0131 yapmak i\u00e7in kulland\u0131.<br \/>\nBahreyn D\u0131\u015fi\u015fleri Bakan\u0131 Abdullatif bin Ra\u015fid el-Zayani, &#8220;\u0130ran&#8217;\u0131n uluslararas\u0131 deniz ta\u015f\u0131mac\u0131l\u0131\u011f\u0131n\u0131 engelleyen, maliyetleri art\u0131ran ve enerji piyasalar\u0131nda \u015fok dalgalar\u0131 yaratan eylemlerinden kaynaklanan k\u00fcresel sonu\u00e7lar\u0131 \u015fimdiden g\u00f6r\u00fcyoruz&#8221; dedi.<br \/>\n\u0130ran&#8217;a kar\u015f\u0131 birle\u015fik bir cephe g\u00f6stermek i\u00e7in aralar\u0131nda ABD&#8217;nin BM B\u00fcy\u00fckel\u00e7isi Mike Waltz&#8217;\u0131n da bulundu\u011fu d\u00fczinelerce b\u00fcy\u00fckel\u00e7i taraf\u0131ndan \u00e7evriliydi.<br \/>\nZayani&#8217;nin a\u00e7\u0131klamas\u0131nda ABD&#8217;nin \u0130ran limanlar\u0131n\u0131 ablukaya almadaki rol\u00fcnden bahsedilmedi.<br \/>\nWaltz, H\u00fcrm\u00fcz Bo\u011faz\u0131&#8217;n\u0131n k\u00fcresel ekonomi i\u00e7in \u00e7ok \u00f6nemli oldu\u011funu ve &#8220;iki paral\u0131k korsanlar&#8221; taraf\u0131ndan bo\u011fulmas\u0131na veya sald\u0131r\u0131ya u\u011framas\u0131na izin verilemeyece\u011fini s\u00f6yledi.<br \/>\nWaltz, &#8220;Bu bo\u011faz, \u0130ran&#8217;\u0131n kendi hendek ve asma k\u00f6pr\u00fcs\u00fc gibi kullanaca\u011f\u0131 bir yer de\u011fildir&#8221; dedi. &#8220;\u0130ran&#8217;\u0131n rehinesi de\u011fildir. \u0130ran&#8217;\u0131n pazarl\u0131k kozu de\u011fildir. \u0130ran&#8217;\u0131n ge\u00e7i\u015f \u00fccreti yolu de\u011fildir.&#8221;<br \/>\nRusya&#8217;n\u0131n b\u00fcy\u00fckel\u00e7isi, deniz g\u00fcvenli\u011fini tehdit edenlerin korsanlar de\u011fil, Bat\u0131l\u0131 \u00fclkeler oldu\u011funu, onlar\u0131n &#8220;kanunsuz&#8221; eylemleri, yapt\u0131r\u0131mlar ve gemilere el koymalarla bunu yapt\u0131klar\u0131n\u0131 s\u00f6yledi.<br \/>\n\u00c7in&#8217;in b\u00fcy\u00fckel\u00e7isi, H\u00fcrm\u00fcz Bo\u011faz\u0131&#8217;n\u0131n engellenmesinin temel nedeninin ABD ve \u0130srail&#8217;in \u0130ran&#8217;a kar\u015f\u0131 yasa d\u0131\u015f\u0131 askeri eylemleri oldu\u011funu s\u00f6yledi.<br \/>\nBM Genel Sekreteri Ant\u00f3nio Guterres, ofisinin sava\u015fan taraflar\u0131n bo\u011faz\u0131 yeniden a\u00e7mak i\u00e7in bir anla\u015fmaya varmalar\u0131na yard\u0131mc\u0131 olmaya haz\u0131r oldu\u011funu s\u00f6yledi.<br \/>\n&#8220;Gemilerin ge\u00e7mesine izin verin. Ge\u00e7i\u015f \u00fccreti yok. Ayr\u0131mc\u0131l\u0131k yok&#8221; dedi. &#8220;Ticaretin yeniden ba\u015flamas\u0131na izin verin. K\u00fcresel ekonominin nefes almas\u0131na izin verin.&#8221;<br \/>\n\u0130srail ve Hizbullah L\u00fcbnan&#8217;daki sald\u0131r\u0131lar\u0131n\u0131 s\u00fcrd\u00fcr\u00fcyor<br \/>\n\u0130srail ordusu Pazartesi g\u00fcn\u00fc L\u00fcbnan&#8217;da sald\u0131r\u0131lar d\u00fczenlemeye devam etti, bu da bir\u00e7ok L\u00fcbnanl\u0131&#8217;n\u0131n \u0130srail ile \u0130ran destekli militan grup Hizbullah aras\u0131nda bir ate\u015fkes olup olmad\u0131\u011f\u0131n\u0131 sorgulamas\u0131na neden oldu.<br \/>\n\u0130srail ordusu, Pazartesi g\u00fcn\u00fc do\u011fu L\u00fcbnan&#8217;\u0131n Bekaa Vadisi&#8217;nde Hizbullah mevzilerini hedef ald\u0131\u011f\u0131n\u0131 s\u00f6yleyerek birden fazla hava sald\u0131r\u0131s\u0131 d\u00fczenledi\u011fini belirtti.<br \/>\nBu, Hizbullah&#8217;\u0131n \u0130srail g\u00fc\u00e7lerine insans\u0131z hava ara\u00e7lar\u0131yla sald\u0131rmas\u0131 ve \u0130srail&#8217;in g\u00fcney L\u00fcbnan&#8217;da sald\u0131r\u0131lar ba\u015flatmas\u0131n\u0131n ard\u0131ndan geldi.<br \/>\n\u0130srail ayr\u0131ca, \u0130srail i\u015fgali alt\u0131ndaki b\u00f6lgenin d\u0131\u015f\u0131ndaki L\u00fcbnanl\u0131 sakinler i\u00e7in yeni tahliye uyar\u0131lar\u0131 yay\u0131nlad\u0131 ve bir\u00e7ok ki\u015finin evlerini yeniden bo\u015faltmas\u0131na neden oldu.<br \/>\nYeniden tahliye edilen 35 ya\u015f\u0131ndaki Abad Ammar, NPR&#8217;ye g\u00f6nderdi\u011fi sesli notta, &#8220;Buna nas\u0131l ate\u015fkes diyebilirsiniz?&#8221; dedi. &#8220;E\u011fer ate\u015fkes olsayd\u0131 evimizde olabilirdik.&#8221;<br \/>\nHizbullah, \u0130srail i\u015fgali alt\u0131ndaki g\u00fcney L\u00fcbnan&#8217;da d\u00fczenlenen bir insans\u0131z hava arac\u0131 sald\u0131r\u0131s\u0131nda en az bir \u0130srail askerini \u00f6ld\u00fcrd\u00fc ve birka\u00e7\u0131n\u0131 yaralad\u0131.<br \/>\nHem \u0130srail hem de Hizbullah birbirlerini ate\u015fkes ihlaliyle su\u00e7lad\u0131 ve sald\u0131r\u0131lar\u0131n\u0131 art\u0131r\u0131yor gibi g\u00f6r\u00fcn\u00fcyor.<br \/>\nBu rapora Dubai, Birle\u015fik Arap Emirlikleri&#8217;nden Aya Batrawy, Johannesburg&#8217;dan Kate Bartlett, New York&#8217;tan Michele Kelemen ve Washington&#8217;dan Alex Leff katk\u0131da bulundu.<br \/>\nTelif Hakk\u0131 2026 NPR<br \/>\n#\u0130ranDiplomasisi #Rusya\u0130ran #H\u00fcrm\u00fczBo\u011faz\u0131 #ABD\u0130ran #Trump #Putin #Ortado\u011fu #DenizAblukas\u0131 #BM #\u0130srailL\u00fcbnan<\/p>\n","protected":false},"excerpt":{"rendered":"<p>G\u00fcncelleme: 27 Nisan 2026, 16:00 CDT \u0130ran D\u0131\u015fi\u015fleri Bakan\u0131 Pazartesi g\u00fcn\u00fc Rusya&#8217;ya geldi. Burada Ba\u015fkan Vladimir Putin, \u0130ran&#8217;a ABD ve \u0130srail ile olan sava\u015f\u0131nda g\u00fc\u00e7l\u00fc destek verdi. Bu ziyaret, Birle\u015fmi\u015f Milletler&#8217;de toplanan \u00fclkelerin H\u00fcrm\u00fcz Bo\u011faz\u0131&#8217;n\u0131n yeniden a\u00e7\u0131lmas\u0131 \u00e7a\u011fr\u0131s\u0131n\u0131 yinelemesi ve Trump y\u00f6netiminin \u0130ran&#8217;\u0131n bo\u011faz\u0131 kapatmas\u0131n\u0131 ve ABD&#8217;nin \u0130ran limanlar\u0131na uygulad\u0131\u011f\u0131 deniz ablukas\u0131n\u0131 sona erdirmeye y\u00f6nelik [&hellip;]<\/p>\n","protected":false},"author":2,"featured_media":0,"comment_status":"open","ping_status":"open","sticky":false,"template":"","format":"standard","meta":{"footnotes":""},"categories":[31],"tags":[],"class_list":["post-11481","post","type-post","status-publish","format-standard","hentry","category-iran-haberleri"],"_links":{"self":[{"href":"https:\/\/fajr.news\/index.php?rest_route=\/wp\/v2\/posts\/11481","targetHints":{"allow":["GET"]}}],"collection":[{"href":"https:\/\/fajr.news\/index.php?rest_route=\/wp\/v2\/posts"}],"about":[{"href":"https:\/\/fajr.news\/index.php?rest_route=\/wp\/v2\/types\/post"}],"author":[{"embeddable":true,"href":"https:\/\/fajr.news\/index.php?rest_route=\/wp\/v2\/users\/2"}],"replies":[{"embeddable":true,"href":"https:\/\/fajr.news\/index.php?rest_route=%2Fwp%2Fv2%2Fcomments&post=11481"}],"version-history":[{"count":0,"href":"https:\/\/fajr.news\/index.php?rest_route=\/wp\/v2\/posts\/11481\/revisions"}],"wp:attachment":[{"href":"https:\/\/fajr.news\/index.php?rest_route=%2Fwp%2Fv2%2Fmedia&parent=11481"}],"wp:term":[{"taxonomy":"category","embeddable":true,"href":"https:\/\/fajr.news\/index.php?rest_route=%2Fwp%2Fv2%2Fcategories&post=11481"},{"taxonomy":"post_tag","embeddable":true,"href":"https:\/\/fajr.news\/index.php?rest_route=%2Fwp%2Fv2%2Ftags&post=11481"}],"curies":[{"name":"wp","href":"https:\/\/api.w.org\/{rel}","templated":true}]}}