{"id":11475,"date":"2026-04-28T09:59:15","date_gmt":"2026-04-28T06:29:15","guid":{"rendered":"https:\/\/fajr.news\/?p=11475"},"modified":"2026-04-28T09:59:15","modified_gmt":"2026-04-28T06:29:15","slug":"ortadogu-icin-londrada-ayin-duzenlenecek-piskoposlar-baris-cagrisi-yapti","status":"publish","type":"post","link":"https:\/\/fajr.news\/?p=11475&lang=tr","title":{"rendered":"Ortado\u011fu \u0130\u00e7in Londra&#8217;da Ayin D\u00fczenlenecek: Piskoposlar Bar\u0131\u015f \u00c7a\u011fr\u0131s\u0131 Yapt\u0131"},"content":{"rendered":"<p>Ortado\u011fu&#8217;da bar\u0131\u015f i\u00e7in ek\u00fcmenik bir ak\u015fam dua ayini, 30 Nisan Per\u015fembe g\u00fcn\u00fc saat 19.00&#8217;da Kensington&#8217;daki Our Lady of Victories Kilisesi&#8217;nde ger\u00e7ekle\u015ftirilecek. \u0130ngiltere ve Galler Katolik Piskoposlar\u0131, Papa Leo XIV&#8217;e \u201cBar\u0131\u015f \u0130ncili&#8217;ne olan s\u00fcrekli tan\u0131kl\u0131\u011f\u0131 ve sars\u0131lmaz ba\u011fl\u0131l\u0131\u011f\u0131\u201d nedeniyle dayan\u0131\u015fmalar\u0131n\u0131 ifade ettiler. Piskoposlar, 18-23 Nisan tarihleri aras\u0131nda Roma d\u0131\u015f\u0131ndaki \u0130ngiliz Koleji&#8217;nin Convento Palazzola&#8217;s\u0131nda bir g\u00fcnl\u00fck genel kurul ve bir haftal\u0131k e\u011fitim i\u00e7in bir araya gelmi\u015flerdi. Piskoposlar, \u201cK\u00f6pr\u00fc kurucu ve bar\u0131\u015f yap\u0131c\u0131 olarak hareket etme sorumlulu\u011fumuzu benimsiyoruz\u201d diyerek, t\u00fcm inananlar\u0131 \u201cbar\u0131\u015f ve adalet i\u00e7in dualar\u0131m\u0131z\u0131 ve savunuculu\u011fumuzu iki kat\u0131na \u00e7\u0131karmaya\u201d \u00e7a\u011f\u0131rd\u0131lar. Papa Leo&#8217;nun Ekvator Ginesi&#8217;ndeki son s\u00f6zlerine at\u0131fta bulundular: \u201cUmutla dolu, yeni bir adalet duygusu yaratabilecek ve bar\u0131\u015f ve karde\u015flik meyveleri verebilecek bir gelecek i\u00e7in a\u00e7l\u0131k var. Bu, pasif\u00e7e beklememiz gereken bilinmeyen bir gelecek de\u011fil, Tanr\u0131&#8217;n\u0131n l\u00fctfuyla kendimizin in\u015fa etmeye \u00e7a\u011fr\u0131ld\u0131\u011f\u0131m\u0131z bir gelecektir.\u201d Piskoposlar s\u00f6zlerine \u015f\u00f6yle devam etti: \u201cUmut, Hristiyan inanc\u0131m\u0131z\u0131n merkezindedir. Paskalya d\u00f6neminde, Dirilmi\u015f Mesih taraf\u0131ndan s\u00fcrd\u00fcr\u00fclen bir gelecek in\u015fa etmeye \u00e7a\u011fr\u0131ld\u0131\u011f\u0131m\u0131z hat\u0131rlat\u0131l\u0131r. Sava\u015fan t\u00fcm halklar\u0131n liderlerinin, silahs\u0131zland\u0131ran ve kal\u0131c\u0131 bir bar\u0131\u015fa ula\u015fmak i\u00e7in gerekli olan diyalog ve kar\u015f\u0131la\u015fmaya zihinlerini ve kalplerini a\u00e7malar\u0131 i\u00e7in dua ediyoruz.\u201d \u0130nananlar\u0131, Aziz XXIII. Ioannes&#8217;in bar\u0131\u015f duas\u0131n\u0131 etmeye davet ettiler: \u201cBar\u0131\u015f Prensi olarak adland\u0131r\u0131lan, kendisi bizim bar\u0131\u015f\u0131m\u0131z ve uzla\u015fmam\u0131z olan, defalarca &#8216;Size bar\u0131\u015f olsun&#8217; diyen Rab \u0130sa Mesih, bize bar\u0131\u015f ver. T\u00fcm erkekleri ve kad\u0131nlar\u0131 hakikatin, adaletin ve karde\u015f sevgisinin tan\u0131klar\u0131 yap. Kalplerinden bar\u0131\u015f\u0131 tehlikeye atabilecek her \u015feyi kov. Y\u00f6neticilerimizi, bar\u0131\u015f\u0131n b\u00fcy\u00fck arma\u011fan\u0131n\u0131 garanti alt\u0131na al\u0131p savunmalar\u0131 i\u00e7in ayd\u0131nlat. Yery\u00fcz\u00fcndeki t\u00fcm halklar karde\u015fler ve k\u0131z karde\u015fler gibi olsun. \u00d6zlenen bar\u0131\u015f \u00e7i\u00e7ek a\u00e7s\u0131n ve her zaman hepimizin \u00fczerinde h\u00fck\u00fcm s\u00fcrs\u00fcn.\u201d Ortado\u011fu&#8217;da bar\u0131\u015f i\u00e7in ek\u00fcmenik ak\u015fam dua ayini, 30 Nisan Per\u015fembe g\u00fcn\u00fc saat 19.00&#8217;da Kensington&#8217;daki Our Lady of Victories Kilisesi&#8217;nde tekrar ger\u00e7ekle\u015ftirilecek. Westminster Yard\u0131mc\u0131 Piskoposu ve Kutsal Topraklar Ba\u015fpiskoposu James Curry ile \u0130ngiltere&#8217;deki Kiliseler Birlikte Sekreteri Piskopos Mike Royal dualara liderlik edecek. Uluslararas\u0131 hukuk\u00e7u ve Beyrut&#8217;taki Ortado\u011fu Kiliseler Konseyi eski genel sekreter yard\u0131mc\u0131s\u0131 Dr. Harry Hagopian bir konu\u015fma yapacak. \u0130ngiltere ve \u0130rlanda Ermeni Apostolik Kilisesi Primate&#8217;\u0131 ve \u0130ngiltere&#8217;deki Kiliseler Birlikte Ortodoks Kiliseleri Ba\u015fkan\u0131 Piskopos Hovakim Manukyan son kutsamay\u0131 yapacak.<\/p>\n<p>#Ortado\u011fuBar\u0131\u015f\u0131 #Ek\u00fcmenikDua #LondraAyini #KatolikPiskoposlar #Bar\u0131\u015f\u0130\u00e7inDua #Hristiyanl\u0131k #PapaLeoXIV #AdaletVeBar\u0131\u015f #KiliselerBirli\u011fi #Kensington<\/p>\n","protected":false},"excerpt":{"rendered":"<p>Ortado\u011fu&#8217;da bar\u0131\u015f i\u00e7in ek\u00fcmenik bir ak\u015fam dua ayini, 30 Nisan Per\u015fembe g\u00fcn\u00fc saat 19.00&#8217;da Kensington&#8217;daki Our Lady of Victories Kilisesi&#8217;nde ger\u00e7ekle\u015ftirilecek. \u0130ngiltere ve Galler Katolik Piskoposlar\u0131, Papa Leo XIV&#8217;e \u201cBar\u0131\u015f \u0130ncili&#8217;ne olan s\u00fcrekli tan\u0131kl\u0131\u011f\u0131 ve sars\u0131lmaz ba\u011fl\u0131l\u0131\u011f\u0131\u201d nedeniyle dayan\u0131\u015fmalar\u0131n\u0131 ifade ettiler. Piskoposlar, 18-23 Nisan tarihleri aras\u0131nda Roma d\u0131\u015f\u0131ndaki \u0130ngiliz Koleji&#8217;nin Convento Palazzola&#8217;s\u0131nda bir g\u00fcnl\u00fck genel [&hellip;]<\/p>\n","protected":false},"author":2,"featured_media":11476,"comment_status":"open","ping_status":"open","sticky":false,"template":"","format":"standard","meta":{"footnotes":""},"categories":[37],"tags":[],"class_list":["post-11475","post","type-post","status-publish","format-standard","has-post-thumbnail","hentry","category-orta-dogu-haberleri"],"_links":{"self":[{"href":"https:\/\/fajr.news\/index.php?rest_route=\/wp\/v2\/posts\/11475","targetHints":{"allow":["GET"]}}],"collection":[{"href":"https:\/\/fajr.news\/index.php?rest_route=\/wp\/v2\/posts"}],"about":[{"href":"https:\/\/fajr.news\/index.php?rest_route=\/wp\/v2\/types\/post"}],"author":[{"embeddable":true,"href":"https:\/\/fajr.news\/index.php?rest_route=\/wp\/v2\/users\/2"}],"replies":[{"embeddable":true,"href":"https:\/\/fajr.news\/index.php?rest_route=%2Fwp%2Fv2%2Fcomments&post=11475"}],"version-history":[{"count":0,"href":"https:\/\/fajr.news\/index.php?rest_route=\/wp\/v2\/posts\/11475\/revisions"}],"wp:featuredmedia":[{"embeddable":true,"href":"https:\/\/fajr.news\/index.php?rest_route=\/wp\/v2\/media\/11476"}],"wp:attachment":[{"href":"https:\/\/fajr.news\/index.php?rest_route=%2Fwp%2Fv2%2Fmedia&parent=11475"}],"wp:term":[{"taxonomy":"category","embeddable":true,"href":"https:\/\/fajr.news\/index.php?rest_route=%2Fwp%2Fv2%2Fcategories&post=11475"},{"taxonomy":"post_tag","embeddable":true,"href":"https:\/\/fajr.news\/index.php?rest_route=%2Fwp%2Fv2%2Ftags&post=11475"}],"curies":[{"name":"wp","href":"https:\/\/api.w.org\/{rel}","templated":true}]}}