{"id":11445,"date":"2026-04-28T09:29:15","date_gmt":"2026-04-28T05:59:15","guid":{"rendered":"https:\/\/fajr.news\/?p=11445"},"modified":"2026-04-28T09:29:15","modified_gmt":"2026-04-28T05:59:15","slug":"almanya-elbit-baskiniyla-suclanan-ulm-beslisi-protestocularinin-davasi-ertelendi","status":"publish","type":"post","link":"https:\/\/fajr.news\/?p=11445&lang=tr","title":{"rendered":"Almanya: Elbit bask\u0131n\u0131yla su\u00e7lanan &#8216;Ulm Be\u015flisi&#8217; protestocular\u0131n\u0131n davas\u0131 ertelendi"},"content":{"rendered":"<p>Almanya&#8217;n\u0131n Ulm kentinde, \u0130srail&#8217;in en b\u00fcy\u00fck silah \u00fcreticisi Elbit Systems&#8217;e ait bir tesise girmekle su\u00e7lanan be\u015f aktivistin davas\u0131, san\u0131klar\u0131n avukatlar\u0131yla temas\u0131 engelleyen cam bir bariyerin arkas\u0131na yerle\u015ftirilmesi \u00fczerine ertelendi.<\/p>\n<p>&#8220;Ulm Be\u015flisi&#8221; ad\u0131yla bilinen aktivistlerin, 8 Eyl\u00fcl 2025 tarihinde bir cam cepheyi k\u0131rarak fabrikaya girdikleri ve ard\u0131ndan bilgisayarlar, ekranlar ve telefonlar da dahil olmak \u00fczere ofis ekipmanlar\u0131n\u0131 tahrip ettikleri iddia ediliyor.<\/p>\n<p>K\u0131sa bir s\u00fcre sonra be\u015f ki\u015fi tutukland\u0131 ve o zamandan beri g\u00fcney Almanya&#8217;daki farkl\u0131 cezaevlerinde yarg\u0131lama \u00f6ncesi g\u00f6zalt\u0131nda tutuluyorlar.<\/p>\n<p>Dava bu sabah ba\u015flayacakt\u0131 ancak avukatlar\u0131n m\u00fcvekkillerine eri\u015fim eksikli\u011finden \u015fikayet etmesi \u00fczerine ertelendi. Grubun resmi sosyal medya hesab\u0131ndan yay\u0131mlanan raporlara ve foto\u011fraflara g\u00f6re, savunma avukatlar\u0131 mahkeme salonuna girdiklerinde m\u00fcvekkillerini mahkeme salonunun i\u00e7inde cam bariyerlerin arkas\u0131na yerle\u015ftirilmi\u015f buldular ve bu durum temas\u0131 engelledi.<\/p>\n<p>Avukatlar\u0131n ba\u015flang\u0131\u00e7ta karar\u0131 protesto etti\u011fi ancak daha sonra duru\u015fmaya devam etmeyi kabul etti\u011fi bildirildi. Sosyal medyadaki raporlara g\u00f6re, san\u0131klar\u0131n yerle\u015ftirilmesi konusunda bir anla\u015fmaya var\u0131lamay\u0131nca, yarg\u0131\u00e7 duru\u015fmay\u0131 ertelemeye karar verdi.<\/p>\n<p>\u00c7evrimi\u00e7i yay\u0131mlanan bir a\u00e7\u0131klamada, &#8220;Yarg\u0131\u00e7 ve avukatlar aras\u0131nda Be\u015flinin cam kutulardan \u00e7\u0131kmas\u0131 konusunda bir anla\u015fmaya var\u0131lamad\u0131&#8221; denildi. A\u00e7\u0131klamada ayr\u0131ca, &#8220;Avukatlar m\u00fcvekkillerinin yan\u0131nda kalmak i\u00e7in cam kutulardan ayr\u0131lmay\u0131 reddettiler. Yarg\u0131\u00e7 da duru\u015fmay\u0131 ertelemeye karar verdi&#8221; ifadeleri yer ald\u0131. A\u00e7\u0131klamaya g\u00f6re, ilk duru\u015fman\u0131n \u00f6n\u00fcm\u00fczdeki Pazartesi g\u00fcn\u00fc devam etmesi planlan\u0131yor.<\/p>\n<p>Dava, 1970&#8217;lerde 30&#8217;dan fazla cinayetten sorumlu tutulan, &#8220;ter\u00f6rist grup&#8221; olarak tan\u0131mlanan Alman a\u015f\u0131r\u0131 sol &#8220;K\u0131z\u0131l Ordu Fraksiyonu&#8221; (RAF) \u00fcyelerinin yarg\u0131lanmas\u0131na ev sahipli\u011fi yapmas\u0131yla k\u00f6t\u00fc \u015f\u00f6hretli Stuttgart Cezaevi veya Stammheim Hapishanesi&#8217;nde g\u00f6r\u00fcl\u00fcyor.<\/p>\n<p>Gruba, m\u00fclke tecav\u00fcz ve mala zarar verme su\u00e7lamalar\u0131na ek olarak, Alman ceza kanununun 129. maddesi uyar\u0131nca &#8220;su\u00e7 \u00f6rg\u00fct\u00fc \u00fcyeli\u011fi&#8221; \u2013 yani Filistin Eylemi Almanya \u2013 su\u00e7lamas\u0131 y\u00f6neltiliyor. Bu yasal madde genellikle &#8220;ter\u00f6rizm&#8221; ve organize su\u00e7 davalar\u0131nda uygulan\u0131r ve be\u015f y\u0131la kadar hapis cezas\u0131na yol a\u00e7abilir.<\/p>\n<p>Filistin yanl\u0131s\u0131 aktivizme y\u00f6nelik bu bask\u0131 ortam\u0131nda, Cage International&#8217;\u0131n verilerine g\u00f6re, Elbit, \u0130srail ordusunun Gazze&#8217;de kulland\u0131\u011f\u0131 silah ve g\u00f6zetleme teknolojisinin y\u00fczde 86&#8217;s\u0131n\u0131 sa\u011fl\u0131yor.<\/p>\n<p>Aktivistlerin resmi web sitesinde yay\u0131mlanan bir a\u00e7\u0131klamada, &#8220;S\u00f6m\u00fcrgecili\u011fi ve i\u015fgali \u2013 ve bunlar\u0131n neden oldu\u011fu hayal edilemez ac\u0131lar\u0131 \u2013 me\u015frula\u015ft\u0131rmak i\u00e7in her t\u00fcrl\u00fc arac\u0131n kullan\u0131ld\u0131\u011f\u0131 bir sisteme ortak olmayaca\u011f\u0131z veya kendimizi teslim etmeyece\u011fiz&#8221; denildi. A\u00e7\u0131klama \u015f\u00f6yle devam ediyor: &#8220;Ger\u00e7ek ortaya \u00e7\u0131kana ve adalet yerini bulana kadar buna dur demek ve bunu bozmak bizim g\u00f6revimizdir.&#8221;<\/p>\n<p>\u0130rlanda&#8217;dan Daniel Tatlow-Devally, \u0130ngiltere&#8217;den Zo Hailu ve Crow Tricks, Almanya&#8217;dan Vi Kovarbasic ve \u0130spanyol-Arjantinli Leandra Rollo&#8217;dan olu\u015fan grup, yasal olarak izin verilen alt\u0131 ayl\u0131k s\u00fcrenin \u00f6tesinde yarg\u0131lama \u00f6ncesi g\u00f6zalt\u0131nda tutuluyor ve a\u011f\u0131r hapishane ko\u015fullar\u0131yla kar\u015f\u0131 kar\u015f\u0131ya. Grubun ceza savunma avukat\u0131 Nina Oner, bir r\u00f6portajda, &#8220;M\u00fcvekkiller yedi aydan uzun s\u00fcredir g\u00f6zalt\u0131nda tutuluyor, bu da nihai bir mahkumiyet olmaks\u0131z\u0131n cezaland\u0131rmaya e\u015fde\u011ferdir&#8221; dedi.<\/p>\n<p>Middle East Eye daha \u00f6nce, san\u0131klar\u0131n a\u015f\u0131r\u0131 tecritle kar\u015f\u0131 kar\u015f\u0131ya kald\u0131\u011f\u0131n\u0131 ve arkada\u015flar\u0131 ve aile \u00fcyeleriyle konu\u015fma f\u0131rsatlar\u0131n\u0131n \u00e7ok az oldu\u011fu s\u0131k\u0131 bir \u015fekilde izlendi\u011fini bildirmi\u015fti. Mektuplar san\u0131klara ula\u015fmadan \u00f6nce okunuyor, konu\u015fmalar ise hukuki temsilcileriyle yap\u0131lan g\u00f6r\u00fc\u015fmeler d\u0131\u015f\u0131nda polis temsilcileri taraf\u0131ndan denetleniyor ve kaydediliyor.<\/p>\n<p>#UlmBe\u015flisi #ElbitSystems #Almanya #FilistinEylemi #Protesto #\u0130nsanHaklar\u0131 #Yarg\u0131Erteleme #Silah\u00dcreticisi #Aktivizm #StammheimHapishanesi<\/p>\n","protected":false},"excerpt":{"rendered":"<p>Almanya&#8217;n\u0131n Ulm kentinde, \u0130srail&#8217;in en b\u00fcy\u00fck silah \u00fcreticisi Elbit Systems&#8217;e ait bir tesise girmekle su\u00e7lanan be\u015f aktivistin davas\u0131, san\u0131klar\u0131n avukatlar\u0131yla temas\u0131 engelleyen cam bir bariyerin arkas\u0131na yerle\u015ftirilmesi \u00fczerine ertelendi. &#8220;Ulm Be\u015flisi&#8221; ad\u0131yla bilinen aktivistlerin, 8 Eyl\u00fcl 2025 tarihinde bir cam cepheyi k\u0131rarak fabrikaya girdikleri ve ard\u0131ndan bilgisayarlar, ekranlar ve telefonlar da dahil olmak \u00fczere ofis [&hellip;]<\/p>\n","protected":false},"author":2,"featured_media":11446,"comment_status":"open","ping_status":"open","sticky":false,"template":"","format":"standard","meta":{"footnotes":""},"categories":[37],"tags":[],"class_list":["post-11445","post","type-post","status-publish","format-standard","has-post-thumbnail","hentry","category-orta-dogu-haberleri"],"_links":{"self":[{"href":"https:\/\/fajr.news\/index.php?rest_route=\/wp\/v2\/posts\/11445","targetHints":{"allow":["GET"]}}],"collection":[{"href":"https:\/\/fajr.news\/index.php?rest_route=\/wp\/v2\/posts"}],"about":[{"href":"https:\/\/fajr.news\/index.php?rest_route=\/wp\/v2\/types\/post"}],"author":[{"embeddable":true,"href":"https:\/\/fajr.news\/index.php?rest_route=\/wp\/v2\/users\/2"}],"replies":[{"embeddable":true,"href":"https:\/\/fajr.news\/index.php?rest_route=%2Fwp%2Fv2%2Fcomments&post=11445"}],"version-history":[{"count":0,"href":"https:\/\/fajr.news\/index.php?rest_route=\/wp\/v2\/posts\/11445\/revisions"}],"wp:featuredmedia":[{"embeddable":true,"href":"https:\/\/fajr.news\/index.php?rest_route=\/wp\/v2\/media\/11446"}],"wp:attachment":[{"href":"https:\/\/fajr.news\/index.php?rest_route=%2Fwp%2Fv2%2Fmedia&parent=11445"}],"wp:term":[{"taxonomy":"category","embeddable":true,"href":"https:\/\/fajr.news\/index.php?rest_route=%2Fwp%2Fv2%2Fcategories&post=11445"},{"taxonomy":"post_tag","embeddable":true,"href":"https:\/\/fajr.news\/index.php?rest_route=%2Fwp%2Fv2%2Ftags&post=11445"}],"curies":[{"name":"wp","href":"https:\/\/api.w.org\/{rel}","templated":true}]}}