{"id":11437,"date":"2026-04-28T09:19:05","date_gmt":"2026-04-28T05:49:05","guid":{"rendered":"https:\/\/fajr.news\/?p=11437"},"modified":"2026-04-28T09:19:05","modified_gmt":"2026-04-28T05:49:05","slug":"supermarket-tedarikcisi-orta-dogu-baskisina-ragmen-temkinli-iyimser","status":"publish","type":"post","link":"https:\/\/fajr.news\/?p=11437&lang=tr","title":{"rendered":"S\u00fcpermarket tedarik\u00e7isi, Orta Do\u011fu bask\u0131s\u0131na ra\u011fmen &#8216;temkinli iyimser&#8217;"},"content":{"rendered":"<p>2 Sisters Food Group ve Bernard Matthews&#8217;\u0131n ana \u015firketi Boparan Holdings, ge\u00e7en y\u0131l &#8220;g\u00fc\u00e7l\u00fc ilerleme&#8221; kaydetti\u011fini belirtti.<\/p>\n<p>Birle\u015fik Krall\u0131k&#8217;\u0131n en b\u00fcy\u00fck k\u00fcmes hayvan\u0131 tedarik\u00e7isi, \u0130ran sava\u015f\u0131 ve h\u00fck\u00fcmet d\u00fczenlemelerinden kaynaklanan bask\u0131ya ra\u011fmen gelecek konusunda &#8220;temkinli iyimser&#8221; oldu\u011funu a\u00e7\u0131klad\u0131.<\/p>\n<p>2 Sisters Food Group ve Bernard Matthews&#8217;\u0131n ana \u015firketi Boparan Holdings, \u015firketin bor\u00e7lar\u0131n\u0131 azaltmas\u0131 ve ge\u00e7en y\u0131l daha g\u00fc\u00e7l\u00fc karlar elde etmesiyle &#8220;g\u00fc\u00e7l\u00fc ilerleme&#8221; kaydetti\u011fini bildirdi.<\/p>\n<p>Bu geli\u015fmelerle birlikte \u015firket, g\u0131da g\u00fcvenli\u011fini art\u0131rmay\u0131 ve net s\u0131f\u0131r hedeflerini desteklemeyi ama\u00e7layan yat\u0131r\u0131mlar da duyurdu.<\/p>\n<p>&#8220;Tavuk Kral\u0131&#8221; olarak bilinen Ranjit Singh Boparan taraf\u0131ndan y\u00f6netilen s\u00fcpermarket tedarik\u00e7isi, vergi \u00f6ncesi k\u00e2r\u0131n\u0131n bir \u00f6nceki y\u0131la g\u00f6re 35.5 milyon sterlinden, Temmuz 2025&#8217;e kadar olan y\u0131lda 108.3 milyon sterline s\u0131\u00e7rad\u0131\u011f\u0131n\u0131 belirtti.<\/p>\n<p>Aralar\u0131nda M&amp;S ve Co-op&#8217;un da bulundu\u011fu \u015firketlere tavuk tedarik eden firma, 2 Sisters&#8217;\u0131n Avrupa k\u00fcmes hayvan\u0131 i\u015finin 2024 y\u0131l\u0131nda Boparan&#8217;\u0131n \u00f6zel aile ofisine sat\u0131lmas\u0131yla desteklendi.<\/p>\n<p>Bu arada, Boparan Holdings, s\u00fcrekli cirosunun y\u0131l i\u00e7inde %8.5 artarak 2.38 milyar sterline ula\u015ft\u0131\u011f\u0131n\u0131 bildirdi.<\/p>\n<p>Bay Singh Boparan \u015funlar\u0131 s\u00f6yledi: &#8220;Bu sonu\u00e7lar, i\u015fimizi d\u00f6n\u00fc\u015ft\u00fcr\u00fcrken yeni nesil stratejimizin son 12 ayda nas\u0131l ivme kazanmaya devam etti\u011fini g\u00f6steriyor. Fabrikalar\u0131m\u0131za yat\u0131r\u0131m yapmaya ve ileri teknolojileri kullanmaya devam ederek, s\u00fcrd\u00fcr\u00fclebilirlik hedeflerimizi desteklerken ana i\u015fimizi b\u00fcy\u00fctmeye yard\u0131mc\u0131 olmaya kararl\u0131y\u0131z.&#8221;<\/p>\n<p>Bu finansal sonu\u00e7lar, g\u0131da tedarik sekt\u00f6r\u00fc i\u00e7in zorlu bir ortamda, Orta Do\u011fu&#8217;daki \u00e7at\u0131\u015fman\u0131n enerji fiyatlar\u0131n\u0131 daha da y\u00fckseltme tehdidiyle birlikte geldi.<\/p>\n<p>H\u00fck\u00fcmet ayr\u0131ca, en k\u00f6t\u00fc senaryoda sekt\u00f6r taraf\u0131ndan kullan\u0131lan karbondioksit tedarikinde k\u0131tl\u0131k ya\u015fanmas\u0131 durumunda g\u0131da k\u0131tl\u0131\u011f\u0131n\u0131 \u00f6nlemek i\u00e7in planlar haz\u0131rlad\u0131.<\/p>\n<p>\u015eirket \u015funlar\u0131 belirtti: &#8220;\u0130leriye d\u00f6n\u00fck olarak, grup, Orta Do\u011fu ve Ukrayna&#8217;daki \u00e7at\u0131\u015fma gibi devam eden jeopolitik gerilimler ile h\u00fck\u00fcmet politikas\u0131 ve d\u00fczenlemelerindeki de\u011fi\u015fiklikler dahil olmak \u00fczere kontrol edilemeyen d\u0131\u015f ortamdaki s\u00fcrekli belirsizli\u011fi kabul ederken temkinli iyimserli\u011fini koruyor. Birle\u015fik Krall\u0131k&#8217;taki s\u0131n\u0131rl\u0131 tar\u0131m alan\u0131 ve g\u0131da g\u00fcvenli\u011fi sorunlar\u0131, planlama konular\u0131n\u0131 ele almak i\u00e7in h\u00fck\u00fcmet ve yerel makamlarla yak\u0131n i\u015fbirli\u011fine duyulan ihtiyac\u0131 vurguluyor. Ya\u015fam maliyeti bask\u0131lar\u0131 bir\u00e7ok hane i\u00e7in \u00f6nemli bir fakt\u00f6r olmaya devam edecek ve evde haz\u0131rlanan yemeklere olan tercihin artmas\u0131na neden olacakt\u0131r.&#8221;<\/p>\n<p>Grup ayr\u0131ca bir dizi s\u00fcrd\u00fcr\u00fclebilirlik giri\u015fimine yat\u0131r\u0131m yapaca\u011f\u0131n\u0131 duyurdu. Boparan, bunun, ithal soya k\u00fcspesinin yakla\u015f\u0131k d\u00f6rtte birini \u0130ngiltere&#8217;de yeti\u015ftirilen kolza tohumu ve fasulye ile de\u011fi\u015ftirmek i\u00e7in tavuk yemini yeniden geli\u015ftirmeyi i\u00e7erdi\u011fini belirtti. Bu yat\u0131r\u0131m\u0131n \u0130ngiliz tar\u0131m\u0131na yakla\u015f\u0131k 50 milyon sterlin enjekte edece\u011fini ve yerel g\u0131da g\u00fcvenli\u011fini art\u0131raca\u011f\u0131n\u0131 s\u00f6yledi.<\/p>\n<p>#BoparanHoldings #S\u00fcpermarketTedarik\u00e7isi #G\u0131daG\u00fcvenli\u011fi #K\u00fcmesHayvanc\u0131l\u0131\u011f\u0131 #OrtaDo\u011fu\u00c7at\u0131\u015fmas\u0131 #EkonomikGeli\u015fmeler #S\u00fcrd\u00fcr\u00fclebilirlik #\u0130ngilizTar\u0131m\u0131 #NetS\u0131f\u0131rHedefleri #K\u00e2rArt\u0131\u015f\u0131<\/p>\n","protected":false},"excerpt":{"rendered":"<p>2 Sisters Food Group ve Bernard Matthews&#8217;\u0131n ana \u015firketi Boparan Holdings, ge\u00e7en y\u0131l &#8220;g\u00fc\u00e7l\u00fc ilerleme&#8221; kaydetti\u011fini belirtti. Birle\u015fik Krall\u0131k&#8217;\u0131n en b\u00fcy\u00fck k\u00fcmes hayvan\u0131 tedarik\u00e7isi, \u0130ran sava\u015f\u0131 ve h\u00fck\u00fcmet d\u00fczenlemelerinden kaynaklanan bask\u0131ya ra\u011fmen gelecek konusunda &#8220;temkinli iyimser&#8221; oldu\u011funu a\u00e7\u0131klad\u0131. 2 Sisters Food Group ve Bernard Matthews&#8217;\u0131n ana \u015firketi Boparan Holdings, \u015firketin bor\u00e7lar\u0131n\u0131 azaltmas\u0131 ve ge\u00e7en y\u0131l [&hellip;]<\/p>\n","protected":false},"author":2,"featured_media":11438,"comment_status":"open","ping_status":"open","sticky":false,"template":"","format":"standard","meta":{"footnotes":""},"categories":[37],"tags":[],"class_list":["post-11437","post","type-post","status-publish","format-standard","has-post-thumbnail","hentry","category-orta-dogu-haberleri"],"_links":{"self":[{"href":"https:\/\/fajr.news\/index.php?rest_route=\/wp\/v2\/posts\/11437","targetHints":{"allow":["GET"]}}],"collection":[{"href":"https:\/\/fajr.news\/index.php?rest_route=\/wp\/v2\/posts"}],"about":[{"href":"https:\/\/fajr.news\/index.php?rest_route=\/wp\/v2\/types\/post"}],"author":[{"embeddable":true,"href":"https:\/\/fajr.news\/index.php?rest_route=\/wp\/v2\/users\/2"}],"replies":[{"embeddable":true,"href":"https:\/\/fajr.news\/index.php?rest_route=%2Fwp%2Fv2%2Fcomments&post=11437"}],"version-history":[{"count":0,"href":"https:\/\/fajr.news\/index.php?rest_route=\/wp\/v2\/posts\/11437\/revisions"}],"wp:featuredmedia":[{"embeddable":true,"href":"https:\/\/fajr.news\/index.php?rest_route=\/wp\/v2\/media\/11438"}],"wp:attachment":[{"href":"https:\/\/fajr.news\/index.php?rest_route=%2Fwp%2Fv2%2Fmedia&parent=11437"}],"wp:term":[{"taxonomy":"category","embeddable":true,"href":"https:\/\/fajr.news\/index.php?rest_route=%2Fwp%2Fv2%2Fcategories&post=11437"},{"taxonomy":"post_tag","embeddable":true,"href":"https:\/\/fajr.news\/index.php?rest_route=%2Fwp%2Fv2%2Ftags&post=11437"}],"curies":[{"name":"wp","href":"https:\/\/api.w.org\/{rel}","templated":true}]}}