{"id":11405,"date":"2026-04-28T08:28:42","date_gmt":"2026-04-28T04:58:42","guid":{"rendered":"https:\/\/fajr.news\/?p=11405"},"modified":"2026-04-28T08:28:42","modified_gmt":"2026-04-28T04:58:42","slug":"honeywell-hon-orta-dogudaki-catisma-nedeniyle-2-ceyrek-gelir-beklentisini-dusurdu","status":"publish","type":"post","link":"https:\/\/fajr.news\/?p=11405&lang=tr","title":{"rendered":"Honeywell (HON), Orta Do\u011fu&#8217;daki \u00c7at\u0131\u015fma Nedeniyle 2. \u00c7eyrek Gelir Beklentisini D\u00fc\u015f\u00fcrd\u00fc"},"content":{"rendered":"<p>Honeywell (HON) \u015firketi, Orta Do\u011fu&#8217;daki devam eden \u00e7at\u0131\u015fmalar\u0131n etkisiyle ikinci \u00e7eyrek gelir beklentilerini a\u015fa\u011f\u0131 y\u00f6nl\u00fc revize etti\u011fini duyurdu. K\u00fcresel bir konglomerat olan Honeywell&#8217;in bu karar\u0131, b\u00f6lgedeki jeopolitik gerilimlerin ve belirsizliklerin ticari faaliyetler \u00fczerindeki olumsuz etkilerini g\u00f6zler \u00f6n\u00fcne seriyor. \u015eirket, \u00f6zellikle b\u00f6lgedeki operasyonlar\u0131nda ya\u015fanan aksakl\u0131klar ve azalan talep nedeniyle gelir hedeflerini d\u00fc\u015f\u00fcrmek zorunda kald\u0131\u011f\u0131n\u0131 belirtti. Bu geli\u015fme, yat\u0131r\u0131mc\u0131lar aras\u0131nda endi\u015fe yarat\u0131rken, HON hisselerinin piyasadaki performans\u0131n\u0131 da etkilemesi bekleniyor.<br \/>\n#Honeywell #HON #GelirBeklentisi #OrtaDo\u011fu #\u00c7at\u0131\u015fma #Ekonomi #Piyasa #Yat\u0131r\u0131mc\u0131 #HisseSenedi #K\u00fcreselEkonomi<\/p>\n","protected":false},"excerpt":{"rendered":"<p>Honeywell (HON) \u015firketi, Orta Do\u011fu&#8217;daki devam eden \u00e7at\u0131\u015fmalar\u0131n etkisiyle ikinci \u00e7eyrek gelir beklentilerini a\u015fa\u011f\u0131 y\u00f6nl\u00fc revize etti\u011fini duyurdu. K\u00fcresel bir konglomerat olan Honeywell&#8217;in bu karar\u0131, b\u00f6lgedeki jeopolitik gerilimlerin ve belirsizliklerin ticari faaliyetler \u00fczerindeki olumsuz etkilerini g\u00f6zler \u00f6n\u00fcne seriyor. \u015eirket, \u00f6zellikle b\u00f6lgedeki operasyonlar\u0131nda ya\u015fanan aksakl\u0131klar ve azalan talep nedeniyle gelir hedeflerini d\u00fc\u015f\u00fcrmek zorunda kald\u0131\u011f\u0131n\u0131 belirtti. Bu [&hellip;]<\/p>\n","protected":false},"author":2,"featured_media":11406,"comment_status":"open","ping_status":"open","sticky":false,"template":"","format":"standard","meta":{"footnotes":""},"categories":[37],"tags":[],"class_list":["post-11405","post","type-post","status-publish","format-standard","has-post-thumbnail","hentry","category-orta-dogu-haberleri"],"_links":{"self":[{"href":"https:\/\/fajr.news\/index.php?rest_route=\/wp\/v2\/posts\/11405","targetHints":{"allow":["GET"]}}],"collection":[{"href":"https:\/\/fajr.news\/index.php?rest_route=\/wp\/v2\/posts"}],"about":[{"href":"https:\/\/fajr.news\/index.php?rest_route=\/wp\/v2\/types\/post"}],"author":[{"embeddable":true,"href":"https:\/\/fajr.news\/index.php?rest_route=\/wp\/v2\/users\/2"}],"replies":[{"embeddable":true,"href":"https:\/\/fajr.news\/index.php?rest_route=%2Fwp%2Fv2%2Fcomments&post=11405"}],"version-history":[{"count":0,"href":"https:\/\/fajr.news\/index.php?rest_route=\/wp\/v2\/posts\/11405\/revisions"}],"wp:featuredmedia":[{"embeddable":true,"href":"https:\/\/fajr.news\/index.php?rest_route=\/wp\/v2\/media\/11406"}],"wp:attachment":[{"href":"https:\/\/fajr.news\/index.php?rest_route=%2Fwp%2Fv2%2Fmedia&parent=11405"}],"wp:term":[{"taxonomy":"category","embeddable":true,"href":"https:\/\/fajr.news\/index.php?rest_route=%2Fwp%2Fv2%2Fcategories&post=11405"},{"taxonomy":"post_tag","embeddable":true,"href":"https:\/\/fajr.news\/index.php?rest_route=%2Fwp%2Fv2%2Ftags&post=11405"}],"curies":[{"name":"wp","href":"https:\/\/api.w.org\/{rel}","templated":true}]}}