{"id":11361,"date":"2026-04-28T07:35:17","date_gmt":"2026-04-28T04:05:17","guid":{"rendered":"https:\/\/fajr.news\/?p=11361"},"modified":"2026-04-28T07:35:17","modified_gmt":"2026-04-28T04:05:17","slug":"angus-taylorin-iranin-kotu-bir-ulke-oldugu-iddiasi-rejime-her-seye-ragmen-direnenlerin-cesaretini-yok-sayiyor","status":"publish","type":"post","link":"https:\/\/fajr.news\/?p=11361&lang=tr","title":{"rendered":"Angus Taylor&#8217;\u0131n \u0130ran&#8217;\u0131n &#8216;k\u00f6t\u00fc bir \u00fclke&#8217; oldu\u011fu iddias\u0131, rejime her \u015feye ra\u011fmen direnenlerin cesaretini yok say\u0131yor"},"content":{"rendered":"<p>Avustralya muhalefet liderinin yorumlar\u0131, otoriter rejimler ile bu rejimlerin alt\u0131nda ya\u015famaya zorlanan insanlar aras\u0131ndaki fark\u0131 ay\u0131rt edemedi\u011fini g\u00f6steriyor. Muhalefet lideri Angus Taylor&#8217;\u0131n son a\u00e7\u0131klamalar\u0131, \u0130ran&#8217;\u0131 &#8220;k\u00f6t\u00fc bir \u00fclke&#8221; olarak tan\u0131mlayan ve bu t\u00fcr \u00fclkelerden gelen g\u00f6\u00e7menlerin &#8220;y\u0131k\u0131c\u0131 niyetler&#8221; ta\u015f\u0131yabilece\u011fini \u00f6ne s\u00fcren yorumlar\u0131 da dahil olmak \u00fczere, otoriter rejimler ile bu rejimlerin alt\u0131nda ya\u015famaya zorlanan insanlar aras\u0131nda ayr\u0131m yapmada bir ba\u015far\u0131s\u0131zl\u0131\u011f\u0131 ortaya koyuyor.<br \/>\nBu \u00e7er\u00e7eveleme, bask\u0131c\u0131 ile ezilen aras\u0131ndaki kritik ayr\u0131m\u0131 bulan\u0131kla\u015ft\u0131r\u0131rken, t\u00fcm topluluklar\u0131 &#8220;\u00f6tekile\u015ftiriyor&#8221; ve bir\u00e7ok \u0130ranl\u0131n\u0131n Avustralya gibi demokratik toplumlar\u0131n temelini olu\u015fturan \u00f6zg\u00fcrl\u00fckler i\u00e7in aktif olarak m\u00fccadele etti\u011fi ger\u00e7e\u011fini gizliyor; ifade ve inan\u00e7 \u00f6zg\u00fcrl\u00fc\u011f\u00fc, adalete eri\u015fim, bedensel \u00f6zerklik ve keyfi g\u00f6zalt\u0131 veya devlet \u015fiddeti korkusu olmadan ya\u015fama hakk\u0131 gibi.<br \/>\nBu yarg\u0131y\u0131 \u0130ran halk\u0131na genellemek hatal\u0131d\u0131r.<br \/>\nTaylor, &#8216;k\u00f6t\u00fc \u00fclkelerden k\u00f6t\u00fc insanlar\u0131n gelme riskinin daha y\u00fcksek oldu\u011funu&#8217; ve \u00fclkeye ho\u015f geldin t\u00f6renlerinin &#8216;gere\u011finden fazla kullan\u0131ld\u0131\u011f\u0131n\u0131&#8217; s\u00f6yl\u00fcyor.<br \/>\nOtoriter sistemler, halklar\u0131n\u0131n iradesini yans\u0131tmaz. \u0130ranl\u0131lar h\u00fck\u00fcmetlerini \u00f6zg\u00fcrce se\u00e7mezler ve onu sorumlu tutmak i\u00e7in anlaml\u0131 yollara sahip de\u011fillerdir. Rejimin eylemlerini vatanda\u015flar\u0131na atfetmek, otoriter y\u00f6netimin do\u011fas\u0131n\u0131 yanl\u0131\u015f temsil eder.<br \/>\n\u0130ran rejiminin bask\u0131c\u0131 oldu\u011fu ger\u00e7e\u011fi tart\u0131\u015f\u0131lamaz. Zorla y\u00f6netir, muhalefeti bast\u0131r\u0131r ve keyfi g\u00f6zalt\u0131 ve i\u015fkenceden kad\u0131nlar\u0131, az\u0131nl\u0131klar\u0131 ve siyasi rakiplerini hedef almaya kadar uzanan sistematik insan haklar\u0131 ihlallerinden sorumlu olmu\u015ftur, bu ihlaller genellikle idamlarla uygulan\u0131r. E\u011fer bir \u015fey kesin bir k\u0131namay\u0131 hak ediyorsa, o da rejimin davran\u0131\u015flar\u0131d\u0131r.<br \/>\nAncak \u0130ranl\u0131lar\u0131 &#8220;k\u00f6t\u00fc&#8221; olarak indirgemek, rejime b\u00fcy\u00fck ki\u015fisel bedeller \u00f6deyerek direnenlerin cesaretini yok sayar ve insanlar\u0131n neden ka\u00e7t\u0131\u011f\u0131n\u0131 yanl\u0131\u015f temsil eder. Bu t\u00fcr nitelemeler, bir\u00e7ok \u0130ranl\u0131n\u0131n temel \u00f6zg\u00fcrl\u00fckleri elde etmek u\u011fruna hayatlar\u0131n\u0131 riske att\u0131\u011f\u0131 ve kaybetti\u011fi ger\u00e7e\u011fini gizler.<br \/>\nSon haftalarda, telekom\u00fcnikasyon kesintileri ve ABD ile artan gerilimler aras\u0131nda, Vahid Bani-Amerian ve Abolhassan Montazer de dahil olmak \u00fczere siyasi muhalifler idam edildi. \u0130ran&#8217;da say\u0131s\u0131z kad\u0131n ve erkek, genellikle derin kusurlu hukuki s\u00fcre\u00e7lerin ard\u0131ndan verilen cezalar\u0131 bekleyerek idam s\u0131ras\u0131nda kalmaya devam ediyor. Aralar\u0131nda Pakhshan Azizi, Sharifeh Mohammadi ve Varisheh Moradi de bulunuyor; bu ki\u015filerin davalar\u0131, zorla itiraf iddialar\u0131 ve adil yarg\u0131lanma hakk\u0131n\u0131n reddedilmesi nedeniyle uluslararas\u0131 endi\u015fe yaratm\u0131\u015ft\u0131r.<br \/>\n\u0130ran rejimi ile \u0130ran halk\u0131 aras\u0131ndaki ili\u015fki derinden d\u00fc\u015fmancad\u0131r.<br \/>\nY\u0131llard\u0131r, \u0130ranl\u0131lar rejime meydan okumak i\u00e7in ola\u011fan\u00fcst\u00fc riskler ald\u0131lar. \u015eiddetli bask\u0131lara ra\u011fmen protesto hareketleri defalarca ortaya \u00e7\u0131kt\u0131. Protestocular ve siyasi muhalifler hapis, i\u015fkence ve hatta \u00f6l\u00fcmle kar\u015f\u0131la\u015ft\u0131lar. G\u00fcvenilir raporlar, muhalefeti sindirmek ve susturmak amac\u0131yla cinsel \u015fiddet de dahil olmak \u00fczere g\u00f6zalt\u0131nda ciddi istismarlar\u0131 belgeledi.<br \/>\nBu bask\u0131 e\u015fit \u015fekilde ya\u015fanm\u0131yor. K\u00fcrtler, Belu\u00e7lar ve Bahai inanc\u0131na mensup olanlar da dahil olmak \u00fczere etnik ve dini az\u0131nl\u0131klar uzun s\u00fcredir orant\u0131s\u0131z zul\u00fcmle kar\u015f\u0131 kar\u015f\u0131ya. K\u00fcrt b\u00f6lgeleri, daha y\u00fcksek g\u00f6zalt\u0131 ve idam oranlar\u0131yla yo\u011funla\u015ft\u0131r\u0131lm\u0131\u015f bask\u0131lara maruz kald\u0131. Bu topluluklar, rejimin en \u00e7ok hedef ald\u0131\u011f\u0131 ve ona kar\u015f\u0131 en \u0131srarc\u0131 direnenler aras\u0131nda yer al\u0131yor.<br \/>\nBu ger\u00e7eklik kritik bir noktay\u0131 vurguluyor: \u0130ran devleti sadece halk\u0131ndan kopuk de\u011fil, ayn\u0131 zamanda onlarla aktif olarak \u00e7at\u0131\u015fma halindedir.<br \/>\nAvustralya&#8217;da \u00e7ocuklu\u011fumdan beri ya\u015fayan \u0130ran diasporas\u0131ndan biri olarak, bu konuyu soyut olmaktan \u00e7ok uzak buluyorum. \u0130ran ile ba\u011flant\u0131m, yerinden edilme ile tan\u0131mlan\u0131yor \u2013 siyasi bask\u0131 ve hayatta kalmak i\u00e7in ka\u00e7ma ihtiyac\u0131yla dolu bir aile ge\u00e7mi\u015fi. Ailem, onur, g\u00fcvenlik ve \u00f6zg\u00fcrl\u00fck aray\u0131\u015f\u0131yla ka\u00e7t\u0131, t\u0131pk\u0131 \u015fimdi Avustralya&#8217;y\u0131 evi olarak g\u00f6ren bir\u00e7ok ki\u015fi gibi. \u0130ranl\u0131lar\u0131 ka\u00e7t\u0131klar\u0131 rejimle kar\u0131\u015ft\u0131rmak, bu deneyimi siler, hikayelerimizi k\u00fc\u00e7\u00fclt\u00fcr ve ac\u0131lar\u0131m\u0131z\u0131 en aza indirir.<br \/>\nDiasporadaki bir\u00e7ok ki\u015fi i\u00e7in ayr\u0131lmak bir tercih de\u011fil, bir zorunluluktu. \u0130nsanlar zul\u00fcmden ka\u00e7ar. Bu nadiren g\u00f6n\u00fcll\u00fcd\u00fcr ve hayat\u0131 ya\u015fanmaz k\u0131lan ko\u015fullara bir tepkidir. Avustralya&#8217;ya gelenler toplumu y\u0131kmaya \u00e7al\u0131\u015fm\u0131yorlar. Kendi \u00fclkelerinde kendilerine reddedilen bir gelecek ar\u0131yorlar.<br \/>\nBu retorik, Avustralya&#8217;da a\u00e7\u0131k\u00e7a g\u00f6r\u00fcnenleri de g\u00f6z ard\u0131 ediyor. \u0130ranl\u0131 Avustralyal\u0131lar &#8220;Avustralya de\u011ferleri&#8221; i\u00e7in bir tehdit de\u011fil, aksine bunlar\u0131n a\u00e7\u0131k bir yans\u0131mas\u0131d\u0131r. Bir\u00e7o\u011fu otoriterli\u011fi reddettikten sonra geldi ve doktor, m\u00fchendis, sporcu ve toplum lideri olarak her sekt\u00f6rde katk\u0131da bulunuyor. N\u00fcfus say\u0131m\u0131 verileri, \u0130ran do\u011fumlu n\u00fcfusun \u00fclkedeki en e\u011fitimli gruplar aras\u0131nda oldu\u011funu, lisans\u00fcst\u00fc yeterlilik oranlar\u0131n\u0131n ulusal ortalaman\u0131n olduk\u00e7a \u00fczerinde oldu\u011funu s\u00fcrekli olarak g\u00f6stermektedir. Bu sadece yetene\u011fi de\u011fil, ayn\u0131 zamanda bir zamanlar kendilerine reddedilen \u00f6zg\u00fcrl\u00fcklere duyulan derin takdiri de yans\u0131t\u0131r.<br \/>\n&#8220;K\u00f6t\u00fc \u00fclkelerin&#8221; &#8220;k\u00f6t\u00fc insanlar&#8221; \u00fcretti\u011fi fikri, bireysel iradeyi g\u00f6z ard\u0131 eder ve bask\u0131dan ka\u00e7mak i\u00e7in her \u015feyi riske atanlar\u0131n ger\u00e7ekli\u011fini hi\u00e7e sayar.<br \/>\nDahas\u0131, bu verimsizdir ve otoriterli\u011fin tehlikelerini olduk\u00e7a iyi anlayan topluluklar\u0131 yabanc\u0131la\u015ft\u0131rma riski ta\u015f\u0131r.<br \/>\n\u0130ran rejimini ele\u015ftirmek sadece hakl\u0131 de\u011fil, ayn\u0131 zamanda gereklidir. Ancak dil \u00f6nemlidir. Rejim bask\u0131c\u0131d\u0131r; halk ezilmi\u015ftir. Rejim \u015fiddet uygular; halk buna dayan\u0131r ve giderek daha fazla direnir.<br \/>\n\u0130ran genelinde, s\u0131radan insanlar temel \u00f6zg\u00fcrl\u00fckler talep ederek sokaklara \u00e7\u0131kmaya devam ediyor: konu\u015fma hakk\u0131, korkusuzca ya\u015fama ve kendi geleceklerini \u015fekillendirme hakk\u0131. Bir\u00e7o\u011fu bu cesaretin bedelini hayatlar\u0131yla \u00f6dedi.<br \/>\n\u0130ranl\u0131lar\u0131n de\u011fi\u015fim i\u00e7in her \u015feyi riske atmaya devam etti\u011fi bir zamanda, yapabilece\u011fimiz en az \u015fey, onlar\u0131n m\u00fccadelesini oldu\u011fu gibi tan\u0131makt\u0131r \u2013 g\u00f6n\u00fclden reddettikleri bir rejimin uzant\u0131s\u0131 olarak de\u011fil, onur, \u00f6zg\u00fcrl\u00fck ve adalet i\u00e7in bir hareket olarak.<br \/>\nNihayetinde, yan\u0131t\u0131m\u0131z iki ger\u00e7e\u011fi ayn\u0131 anda bar\u0131nd\u0131rmal\u0131d\u0131r: d\u00fc\u015fmanca bir rejimin eylemlerine kar\u015f\u0131 tavizsiz olmal\u0131, ayn\u0131 zamanda ona direnenler i\u00e7in bir s\u0131\u011f\u0131nak olmaya devam etmeliyiz. \u0130ran&#8217;da s\u0131radan insanlar\u0131n korkusuzca konu\u015fma ve ya\u015fama hakk\u0131n\u0131 talep ederek sokaklara \u00e7\u0131kmaya devam etti\u011fi bir zamanda, onlar\u0131 temsil etti\u011fini iddia eden h\u00fck\u00fcmetle tamamen z\u0131t olduklar\u0131n\u0131 kabul etmeliyiz.<br \/>\nBir h\u00fck\u00fcmet ile kurbanlar\u0131 aras\u0131nda ayr\u0131m yapamad\u0131\u011f\u0131m\u0131zda, bir ulusu yanl\u0131\u015f tan\u0131mlamaktan daha fazlas\u0131n\u0131 yapar\u0131z \u2013 \u00f6zg\u00fcrl\u00fckleri i\u00e7in sava\u015fanlar\u0131n yanl\u0131\u015f taraf\u0131nda yer alma riski ta\u015f\u0131r\u0131z.<br \/>\nNos Hosseini, \u0130ran Kad\u0131nlar\u0131 Derne\u011fi s\u00f6zc\u00fcs\u00fcd\u00fcr.<br \/>\n#\u0130ran #\u0130ranHalk\u0131 #\u0130ranRejimi #\u0130nsanHaklar\u0131 #\u00d6zg\u00fcrl\u00fck #Kad\u0131nYa\u015fam\u00d6zg\u00fcrl\u00fck #Direni\u015f #OtoriterRejim #Adalet #SiyasiMahkumlar<\/p>\n","protected":false},"excerpt":{"rendered":"<p>Avustralya muhalefet liderinin yorumlar\u0131, otoriter rejimler ile bu rejimlerin alt\u0131nda ya\u015famaya zorlanan insanlar aras\u0131ndaki fark\u0131 ay\u0131rt edemedi\u011fini g\u00f6steriyor. Muhalefet lideri Angus Taylor&#8217;\u0131n son a\u00e7\u0131klamalar\u0131, \u0130ran&#8217;\u0131 &#8220;k\u00f6t\u00fc bir \u00fclke&#8221; olarak tan\u0131mlayan ve bu t\u00fcr \u00fclkelerden gelen g\u00f6\u00e7menlerin &#8220;y\u0131k\u0131c\u0131 niyetler&#8221; ta\u015f\u0131yabilece\u011fini \u00f6ne s\u00fcren yorumlar\u0131 da dahil olmak \u00fczere, otoriter rejimler ile bu rejimlerin alt\u0131nda ya\u015famaya zorlanan insanlar [&hellip;]<\/p>\n","protected":false},"author":2,"featured_media":11362,"comment_status":"open","ping_status":"open","sticky":false,"template":"","format":"standard","meta":{"footnotes":""},"categories":[31],"tags":[],"class_list":["post-11361","post","type-post","status-publish","format-standard","has-post-thumbnail","hentry","category-iran-haberleri"],"_links":{"self":[{"href":"https:\/\/fajr.news\/index.php?rest_route=\/wp\/v2\/posts\/11361","targetHints":{"allow":["GET"]}}],"collection":[{"href":"https:\/\/fajr.news\/index.php?rest_route=\/wp\/v2\/posts"}],"about":[{"href":"https:\/\/fajr.news\/index.php?rest_route=\/wp\/v2\/types\/post"}],"author":[{"embeddable":true,"href":"https:\/\/fajr.news\/index.php?rest_route=\/wp\/v2\/users\/2"}],"replies":[{"embeddable":true,"href":"https:\/\/fajr.news\/index.php?rest_route=%2Fwp%2Fv2%2Fcomments&post=11361"}],"version-history":[{"count":0,"href":"https:\/\/fajr.news\/index.php?rest_route=\/wp\/v2\/posts\/11361\/revisions"}],"wp:featuredmedia":[{"embeddable":true,"href":"https:\/\/fajr.news\/index.php?rest_route=\/wp\/v2\/media\/11362"}],"wp:attachment":[{"href":"https:\/\/fajr.news\/index.php?rest_route=%2Fwp%2Fv2%2Fmedia&parent=11361"}],"wp:term":[{"taxonomy":"category","embeddable":true,"href":"https:\/\/fajr.news\/index.php?rest_route=%2Fwp%2Fv2%2Fcategories&post=11361"},{"taxonomy":"post_tag","embeddable":true,"href":"https:\/\/fajr.news\/index.php?rest_route=%2Fwp%2Fv2%2Ftags&post=11361"}],"curies":[{"name":"wp","href":"https:\/\/api.w.org\/{rel}","templated":true}]}}