{"id":11353,"date":"2026-04-28T07:29:05","date_gmt":"2026-04-28T03:59:05","guid":{"rendered":"https:\/\/fajr.news\/?p=11353"},"modified":"2026-04-28T07:29:05","modified_gmt":"2026-04-28T03:59:05","slug":"siyonist-rejim-savunma-bakani-lubnani-tamamen-yakmakla-tehdit-etti-bolgesel-gerilim-tirmaniyor","status":"publish","type":"post","link":"https:\/\/fajr.news\/?p=11353&lang=tr","title":{"rendered":"Siyonist Rejim Savunma Bakan\u0131 L\u00fcbnan&#8217;\u0131 &#8216;Tamamen Yakmakla&#8217; Tehdit Etti: B\u00f6lgesel Gerilim T\u0131rman\u0131yor"},"content":{"rendered":"<h1>Siyonist Rejim Savunma Bakan\u0131 L\u00fcbnan&#8217;\u0131 &#8216;Tamamen Yakmakla&#8217; Tehdit Etti: B\u00f6lgesel Gerilim T\u0131rman\u0131yor<\/h1>\n<p>\u0130\u015fgalci \u0130srail&#8217;in Savunma Bakan\u0131 <strong>Israel Katz<\/strong>, Ba\u015fbakan&#8217;\u0131n Beyrut&#8217;a kar\u015f\u0131 askeri t\u0131rman\u0131\u015f emri vermesinden iki g\u00fcn sonra, Pazartesi g\u00fcn\u00fc L\u00fcbnan&#8217;\u0131 <em>&#8220;t\u00fcm \u00fclkeyi yakacak bir ate\u015fle&#8221;<\/em> tehdit etti. Anadolu Ajans\u0131&#8217;n\u0131n bildirdi\u011fine g\u00f6re, bu tehditler b\u00f6lgedeki tansiyonu daha da art\u0131rd\u0131.<\/p>\n<p>Katz, ofisinden yap\u0131lan a\u00e7\u0131klamada, Birle\u015fmi\u015f Milletler&#8217;in L\u00fcbnan \u00d6zel Temsilcisi Jeanine Hennis-Plasschaert ile yapt\u0131\u011f\u0131 g\u00f6r\u00fc\u015fmede, <em>&#8220;Hizbullah lideri Naim Kas\u0131m ate\u015fle oynuyor ve bu ate\u015f Hizbullah&#8217;\u0131 ve t\u00fcm L\u00fcbnan&#8217;\u0131 yakacak&#8221;<\/em> ifadelerini kulland\u0131. Bu s\u00f6zler, Siyonist rejimin b\u00f6lgedeki sald\u0131rgan tutumunu bir kez daha g\u00f6zler \u00f6n\u00fcne serdi.<\/p>\n<p>\u0130srailli bakan, L\u00fcbnan h\u00fck\u00fcmetinin <em>&#8220;Hizbullah kanad\u0131 alt\u0131nda saklanmaya devam etti\u011fini&#8221;<\/em> iddia ederek, direni\u015f hareketini hedef g\u00f6stermeye \u00e7al\u0131\u015ft\u0131. Katz, <em>&#8220;Ate\u015f \u00e7\u0131kacak ve L\u00fcbnan&#8217;\u0131n sedirlerini yutacak&#8221;<\/em> \u015feklinde k\u00fcstah\u00e7a uyar\u0131larda bulundu.<\/p>\n<p>Ayr\u0131ca, L\u00fcbnan Cumhurba\u015fkan\u0131 Joseph Aoun&#8217;u <em>&#8220;L\u00fcbnan&#8217;\u0131n gelece\u011fiyle kumar oynamakla&#8221;<\/em> su\u00e7layan Katz, \u0130srail&#8217;in L\u00fcbnan&#8217;daki ate\u015fkesin, \u0130srail g\u00fc\u00e7lerine ve kuzey \u0130srail&#8217;e y\u00f6nelik sald\u0131r\u0131larla bir arada var olmas\u0131n\u0131 kabul etmeyece\u011fini belirtti. Bu, Siyonist rejimin kendi ihlallerini g\u00f6rmezden gelerek direni\u015fin me\u015fru tepkilerini su\u00e7lama \u00e7abas\u0131 olarak yorumland\u0131.<\/p>\n<p>Savunma bakan\u0131, kendisi ve Netanyahu&#8217;nun, \u0130srail ordusuna <em>&#8220;\u0130srail egemenli\u011fine y\u00f6nelik herhangi bir zarar, tehdit veya ihlal durumunda Hizbullah&#8217;a kar\u015f\u0131 ezici bir ate\u015fle yan\u0131t vermesi&#8221;<\/em> talimat\u0131n\u0131 verdi\u011fini a\u00e7\u0131klad\u0131. Bu tehditler, b\u00f6lgedeki istikrars\u0131zl\u0131\u011f\u0131 k\u00f6r\u00fcklemekte ve yeni bir \u00e7at\u0131\u015fma potansiyeli ta\u015f\u0131maktad\u0131r.<\/p>\n<p><strong>OKUYUN:<\/strong> BM, L\u00fcbnan&#8217;da Mavi Hat&#8217;\u0131n g\u00fcneyinde \u0130srail&#8217;in en y\u00fcksek hacimli ate\u015f a\u00e7ma olaylar\u0131ndan birini rapor etti.<\/p>\n<p>L\u00fcbnan Cumhurba\u015fkan\u0131 Aoun, Pazartesi g\u00fcn\u00fc erken saatlerde yapt\u0131\u011f\u0131 a\u00e7\u0131klamada, \u0130srail ile yap\u0131lan ate\u015fkesin Tel Aviv ile yap\u0131lacak sonraki m\u00fczakereler i\u00e7in <em>&#8220;ilk ve gerekli bir ad\u0131m&#8221;<\/em> oldu\u011funu s\u00f6yledi. Bu pozisyonun, Beyrut ile Tel Aviv aras\u0131ndaki arabuluculuk \u00e7abalar\u0131n\u0131 y\u00fcr\u00fcten ABD&#8217;ye iletildi\u011fini belirtti.<\/p>\n<p>Cumartesi g\u00fcn\u00fc ise Netanyahu, Hizbullah sald\u0131r\u0131lar\u0131na yan\u0131t olarak orduya L\u00fcbnan&#8217;a y\u00f6nelik sald\u0131r\u0131lar\u0131n\u0131 t\u0131rmand\u0131rma emri verdi. Bu emir, Siyonist rejimin sald\u0131rgan politikalar\u0131n\u0131n devam\u0131 niteli\u011findedir.<\/p>\n<p>L\u00fcbnan resmi rakamlar\u0131na g\u00f6re, 2 Mart&#8217;tan bu yana \u0130srail sald\u0131r\u0131lar\u0131 sonucunda L\u00fcbnan genelinde <strong>2.500&#8217;den fazla ki\u015fi hayat\u0131n\u0131 kaybetti<\/strong>, 7.750&#8217;den fazla ki\u015fi yaraland\u0131 ve 1.6 milyondan fazla ki\u015fi yerinden edildi. Bu rakamlar, i\u015fgalci \u0130srail&#8217;in insanl\u0131k d\u0131\u015f\u0131 sald\u0131r\u0131lar\u0131n\u0131n boyutunu g\u00f6zler \u00f6n\u00fcne sermektedir.<\/p>\n<p>L\u00fcbnan ile \u0130srail aras\u0131nda 17 Nisan&#8217;da 10 g\u00fcnl\u00fck bir ate\u015fkes ilan edilmi\u015f olsa da, Tel Aviv bu ate\u015fkese defalarca uymayarak ihlal etti. Bu durum, Siyonist rejimin uluslararas\u0131 anla\u015fmalara olan sayg\u0131s\u0131zl\u0131\u011f\u0131n\u0131 g\u00f6stermektedir.<\/p>\n<p>Per\u015fembe g\u00fcn\u00fc, ABD Ba\u015fkan\u0131 Donald Trump, Washington&#8217;da yap\u0131lan ikinci tur g\u00f6r\u00fc\u015fmelerin ard\u0131ndan L\u00fcbnan ve \u0130srail&#8217;in ate\u015fkesi \u00fc\u00e7 hafta uzatmay\u0131 kabul etti\u011fini s\u00f6yledi. Ancak \u0130srail&#8217;in s\u00fcrekli ihlalleri, bu t\u00fcr anla\u015fmalar\u0131n g\u00fcvenilirli\u011fini sorgulatmaktad\u0131r.<\/p>\n<p>Hizbullah ise, \u0130srail&#8217;in ate\u015fkese y\u00f6nelik tekrarlanan ihlallerini gerek\u00e7e g\u00f6stererek, g\u00fcney L\u00fcbnan ve kuzey \u0130srail&#8217;deki \u0130srail askerlerini hedef alan bir dizi insans\u0131z hava arac\u0131 sald\u0131r\u0131s\u0131 d\u00fczenledi. Bu sald\u0131r\u0131lar, direni\u015fin me\u015fru m\u00fcdafaa hakk\u0131n\u0131 kullanmas\u0131 olarak de\u011ferlendirilmektedir.<\/p>\n<p>#\u0130srail #L\u00fcbnan #Hizbullah #SiyonistRejim #Ortado\u011fu #Sava\u015fTehdidi #Ate\u015fkes\u0130hlali #B\u00f6lgeselGerilim #\u0130srailSald\u0131r\u0131lar\u0131 #Direni\u015f<\/p>\n","protected":false},"excerpt":{"rendered":"<p>Siyonist Rejim Savunma Bakan\u0131 L\u00fcbnan&#8217;\u0131 &#8216;Tamamen Yakmakla&#8217; Tehdit Etti: B\u00f6lgesel Gerilim T\u0131rman\u0131yor \u0130\u015fgalci \u0130srail&#8217;in Savunma Bakan\u0131 Israel Katz, Ba\u015fbakan&#8217;\u0131n Beyrut&#8217;a kar\u015f\u0131 askeri t\u0131rman\u0131\u015f emri vermesinden iki g\u00fcn sonra, Pazartesi g\u00fcn\u00fc L\u00fcbnan&#8217;\u0131 &#8220;t\u00fcm \u00fclkeyi yakacak bir ate\u015fle&#8221; tehdit etti. Anadolu Ajans\u0131&#8217;n\u0131n bildirdi\u011fine g\u00f6re, bu tehditler b\u00f6lgedeki tansiyonu daha da art\u0131rd\u0131. Katz, ofisinden yap\u0131lan a\u00e7\u0131klamada, Birle\u015fmi\u015f Milletler&#8217;in [&hellip;]<\/p>\n","protected":false},"author":2,"featured_media":11354,"comment_status":"open","ping_status":"open","sticky":false,"template":"","format":"standard","meta":{"footnotes":""},"categories":[37],"tags":[],"class_list":["post-11353","post","type-post","status-publish","format-standard","has-post-thumbnail","hentry","category-orta-dogu-haberleri"],"_links":{"self":[{"href":"https:\/\/fajr.news\/index.php?rest_route=\/wp\/v2\/posts\/11353","targetHints":{"allow":["GET"]}}],"collection":[{"href":"https:\/\/fajr.news\/index.php?rest_route=\/wp\/v2\/posts"}],"about":[{"href":"https:\/\/fajr.news\/index.php?rest_route=\/wp\/v2\/types\/post"}],"author":[{"embeddable":true,"href":"https:\/\/fajr.news\/index.php?rest_route=\/wp\/v2\/users\/2"}],"replies":[{"embeddable":true,"href":"https:\/\/fajr.news\/index.php?rest_route=%2Fwp%2Fv2%2Fcomments&post=11353"}],"version-history":[{"count":0,"href":"https:\/\/fajr.news\/index.php?rest_route=\/wp\/v2\/posts\/11353\/revisions"}],"wp:featuredmedia":[{"embeddable":true,"href":"https:\/\/fajr.news\/index.php?rest_route=\/wp\/v2\/media\/11354"}],"wp:attachment":[{"href":"https:\/\/fajr.news\/index.php?rest_route=%2Fwp%2Fv2%2Fmedia&parent=11353"}],"wp:term":[{"taxonomy":"category","embeddable":true,"href":"https:\/\/fajr.news\/index.php?rest_route=%2Fwp%2Fv2%2Fcategories&post=11353"},{"taxonomy":"post_tag","embeddable":true,"href":"https:\/\/fajr.news\/index.php?rest_route=%2Fwp%2Fv2%2Ftags&post=11353"}],"curies":[{"name":"wp","href":"https:\/\/api.w.org\/{rel}","templated":true}]}}