{"id":11345,"date":"2026-04-28T07:18:51","date_gmt":"2026-04-28T03:48:51","guid":{"rendered":"https:\/\/fajr.news\/?p=11345"},"modified":"2026-04-28T07:18:51","modified_gmt":"2026-04-28T03:48:51","slug":"fransa-cumhurbaskani-macron-andorra-gezisi-sonrasi-iranli-yetkililerle-gorusecek","status":"publish","type":"post","link":"https:\/\/fajr.news\/?p=11345&lang=tr","title":{"rendered":"Fransa Cumhurba\u015fkan\u0131 Macron, Andorra gezisi sonras\u0131 \u0130ranl\u0131 yetkililerle g\u00f6r\u00fc\u015fecek"},"content":{"rendered":"<p>Fransa Cumhurba\u015fkan\u0131 Emmanuel Macron, Pazartesi g\u00fcn\u00fc yapt\u0131\u011f\u0131 a\u00e7\u0131klamada, iki g\u00fcnl\u00fck Andorra gezisinin ard\u0131ndan \u0130ranl\u0131 yetkililerle g\u00f6r\u00fc\u015fece\u011fini ve H\u00fcrm\u00fcz Bo\u011faz\u0131&#8217;n\u0131n yeniden a\u00e7\u0131lmas\u0131 konusunda \u0131srarc\u0131 olaca\u011f\u0131n\u0131 belirtti.<br \/>\nMacron, Andorra&#8217;da gazetecilere yapt\u0131\u011f\u0131 a\u00e7\u0131klamada, &#8220;Amac\u0131 tam olarak g\u00fcvenli\u011fi sa\u011flamak, istikrar\u0131 temin etmek, uluslararas\u0131 toplumun H\u00fcrm\u00fcz Bo\u011faz\u0131&#8217;n\u0131n a\u00e7\u0131lmas\u0131n\u0131 destekledi\u011fini g\u00f6stermek olan bir koalisyon kurduk ve bu nedenle \u00f6n\u00fcm\u00fczdeki g\u00fcnlerde payda\u015flar\u0131 ikna edebilece\u011fimizi umuyorum,&#8221; dedi.<\/p>\n<p>#Macron #\u0130ran #H\u00fcrm\u00fczBo\u011faz\u0131 #Fransa #Diplomasi #Uluslararas\u0131\u0130li\u015fkiler #OrtaDo\u011fu #DenizG\u00fcvenli\u011fi #EnerjiYollar\u0131 #Andorra<\/p>\n","protected":false},"excerpt":{"rendered":"<p>Fransa Cumhurba\u015fkan\u0131 Emmanuel Macron, Pazartesi g\u00fcn\u00fc yapt\u0131\u011f\u0131 a\u00e7\u0131klamada, iki g\u00fcnl\u00fck Andorra gezisinin ard\u0131ndan \u0130ranl\u0131 yetkililerle g\u00f6r\u00fc\u015fece\u011fini ve H\u00fcrm\u00fcz Bo\u011faz\u0131&#8217;n\u0131n yeniden a\u00e7\u0131lmas\u0131 konusunda \u0131srarc\u0131 olaca\u011f\u0131n\u0131 belirtti. Macron, Andorra&#8217;da gazetecilere yapt\u0131\u011f\u0131 a\u00e7\u0131klamada, &#8220;Amac\u0131 tam olarak g\u00fcvenli\u011fi sa\u011flamak, istikrar\u0131 temin etmek, uluslararas\u0131 toplumun H\u00fcrm\u00fcz Bo\u011faz\u0131&#8217;n\u0131n a\u00e7\u0131lmas\u0131n\u0131 destekledi\u011fini g\u00f6stermek olan bir koalisyon kurduk ve bu nedenle \u00f6n\u00fcm\u00fczdeki g\u00fcnlerde payda\u015flar\u0131 [&hellip;]<\/p>\n","protected":false},"author":2,"featured_media":11346,"comment_status":"open","ping_status":"open","sticky":false,"template":"","format":"standard","meta":{"footnotes":""},"categories":[37],"tags":[],"class_list":["post-11345","post","type-post","status-publish","format-standard","has-post-thumbnail","hentry","category-orta-dogu-haberleri"],"_links":{"self":[{"href":"https:\/\/fajr.news\/index.php?rest_route=\/wp\/v2\/posts\/11345","targetHints":{"allow":["GET"]}}],"collection":[{"href":"https:\/\/fajr.news\/index.php?rest_route=\/wp\/v2\/posts"}],"about":[{"href":"https:\/\/fajr.news\/index.php?rest_route=\/wp\/v2\/types\/post"}],"author":[{"embeddable":true,"href":"https:\/\/fajr.news\/index.php?rest_route=\/wp\/v2\/users\/2"}],"replies":[{"embeddable":true,"href":"https:\/\/fajr.news\/index.php?rest_route=%2Fwp%2Fv2%2Fcomments&post=11345"}],"version-history":[{"count":0,"href":"https:\/\/fajr.news\/index.php?rest_route=\/wp\/v2\/posts\/11345\/revisions"}],"wp:featuredmedia":[{"embeddable":true,"href":"https:\/\/fajr.news\/index.php?rest_route=\/wp\/v2\/media\/11346"}],"wp:attachment":[{"href":"https:\/\/fajr.news\/index.php?rest_route=%2Fwp%2Fv2%2Fmedia&parent=11345"}],"wp:term":[{"taxonomy":"category","embeddable":true,"href":"https:\/\/fajr.news\/index.php?rest_route=%2Fwp%2Fv2%2Fcategories&post=11345"},{"taxonomy":"post_tag","embeddable":true,"href":"https:\/\/fajr.news\/index.php?rest_route=%2Fwp%2Fv2%2Ftags&post=11345"}],"curies":[{"name":"wp","href":"https:\/\/api.w.org\/{rel}","templated":true}]}}