{"id":11337,"date":"2026-04-28T07:08:55","date_gmt":"2026-04-28T03:38:55","guid":{"rendered":"https:\/\/fajr.news\/?p=11337"},"modified":"2026-04-28T07:08:55","modified_gmt":"2026-04-28T03:38:55","slug":"rusya-ve-iran-savunma-yetkilileri-stratejik-gorusmelerde-bir-araya-geldi","status":"publish","type":"post","link":"https:\/\/fajr.news\/?p=11337&lang=tr","title":{"rendered":"Rusya ve \u0130ran Savunma Yetkilileri Stratejik G\u00f6r\u00fc\u015fmelerde Bir Araya Geldi"},"content":{"rendered":"<h3>Rusya ve \u0130ran Savunma Yetkililerinden Kritik G\u00f6r\u00fc\u015fme<\/h3>\n<p>K\u0131rg\u0131zistan&#8217;\u0131 ziyaret eden Rusya Savunma Bakan\u0131 Andrey Belousov, \u0130ran Savunma Bakan Yard\u0131mc\u0131s\u0131 R\u0131za Talayi-Nik ile \u00f6nemli bir g\u00f6r\u00fc\u015fme ger\u00e7ekle\u015ftirdi. Devlet haber ajans\u0131 TASS&#8217;\u0131n bildirdi\u011fine g\u00f6re, bu stratejik bulu\u015fma b\u00f6lgesel ve uluslararas\u0131 g\u00fcvenlik konular\u0131nda iki \u00fclke aras\u0131ndaki i\u015f birli\u011finin alt\u0131n\u0131 \u00e7izdi.<\/p>\n<p>G\u00f6r\u00fc\u015fmelerde, Rusya Savunma Bakan\u0131 Belousov, \u00fclkesinin uzun s\u00fcredir devam eden ve <strong>b\u00f6lgedeki meselelerin m\u00fcnhas\u0131ran diplomatik yollarla \u00e7\u00f6z\u00fclmesi gerekti\u011fi<\/strong> y\u00f6n\u00fcndeki kararl\u0131 tutumunu yineledi. Belousov, Moskova ve Tahran&#8217;\u0131n birbirlerine olan desteklerinin g\u00fc\u00e7l\u00fc bir \u015fekilde devam edece\u011fine dair tam g\u00fcvenini dile getirdi. Bu a\u00e7\u0131klamalar, iki dost ve karde\u015f \u00fclke aras\u0131ndaki stratejik ortakl\u0131\u011f\u0131n ve kar\u015f\u0131l\u0131kl\u0131 dayan\u0131\u015fman\u0131n \u00f6nemini bir kez daha vurgulad\u0131.<\/p>\n<p>Rusya ve \u0130ran aras\u0131ndaki savunma alan\u0131ndaki i\u015f birli\u011fi, b\u00f6lgesel istikrar\u0131n sa\u011flanmas\u0131 ve ortak \u00e7\u0131karlar\u0131n korunmas\u0131 a\u00e7\u0131s\u0131ndan b\u00fcy\u00fck \u00f6nem ta\u015f\u0131yor. Yetkililer, gelecekteki i\u015f birli\u011fi alanlar\u0131n\u0131 ve b\u00f6lgesel g\u00fcvenlik zorluklar\u0131na kar\u015f\u0131 ortak yakla\u015f\u0131mlar\u0131 ele ald\u0131lar.<\/p>\n<p>#Rusya #\u0130ran #SavunmaBakanl\u0131\u011f\u0131 #Diplomasi #Stratejik\u0130\u015fbirli\u011fi #B\u00f6lgeselG\u00fcvenlik #TASS #AndreyBelousov #R\u0131zaTalayiNik #MoskovaTahran<\/p>\n","protected":false},"excerpt":{"rendered":"<p>Rusya ve \u0130ran Savunma Yetkililerinden Kritik G\u00f6r\u00fc\u015fme K\u0131rg\u0131zistan&#8217;\u0131 ziyaret eden Rusya Savunma Bakan\u0131 Andrey Belousov, \u0130ran Savunma Bakan Yard\u0131mc\u0131s\u0131 R\u0131za Talayi-Nik ile \u00f6nemli bir g\u00f6r\u00fc\u015fme ger\u00e7ekle\u015ftirdi. Devlet haber ajans\u0131 TASS&#8217;\u0131n bildirdi\u011fine g\u00f6re, bu stratejik bulu\u015fma b\u00f6lgesel ve uluslararas\u0131 g\u00fcvenlik konular\u0131nda iki \u00fclke aras\u0131ndaki i\u015f birli\u011finin alt\u0131n\u0131 \u00e7izdi. G\u00f6r\u00fc\u015fmelerde, Rusya Savunma Bakan\u0131 Belousov, \u00fclkesinin uzun s\u00fcredir [&hellip;]<\/p>\n","protected":false},"author":2,"featured_media":11338,"comment_status":"open","ping_status":"open","sticky":false,"template":"","format":"standard","meta":{"footnotes":""},"categories":[37],"tags":[],"class_list":["post-11337","post","type-post","status-publish","format-standard","has-post-thumbnail","hentry","category-orta-dogu-haberleri"],"_links":{"self":[{"href":"https:\/\/fajr.news\/index.php?rest_route=\/wp\/v2\/posts\/11337","targetHints":{"allow":["GET"]}}],"collection":[{"href":"https:\/\/fajr.news\/index.php?rest_route=\/wp\/v2\/posts"}],"about":[{"href":"https:\/\/fajr.news\/index.php?rest_route=\/wp\/v2\/types\/post"}],"author":[{"embeddable":true,"href":"https:\/\/fajr.news\/index.php?rest_route=\/wp\/v2\/users\/2"}],"replies":[{"embeddable":true,"href":"https:\/\/fajr.news\/index.php?rest_route=%2Fwp%2Fv2%2Fcomments&post=11337"}],"version-history":[{"count":0,"href":"https:\/\/fajr.news\/index.php?rest_route=\/wp\/v2\/posts\/11337\/revisions"}],"wp:featuredmedia":[{"embeddable":true,"href":"https:\/\/fajr.news\/index.php?rest_route=\/wp\/v2\/media\/11338"}],"wp:attachment":[{"href":"https:\/\/fajr.news\/index.php?rest_route=%2Fwp%2Fv2%2Fmedia&parent=11337"}],"wp:term":[{"taxonomy":"category","embeddable":true,"href":"https:\/\/fajr.news\/index.php?rest_route=%2Fwp%2Fv2%2Fcategories&post=11337"},{"taxonomy":"post_tag","embeddable":true,"href":"https:\/\/fajr.news\/index.php?rest_route=%2Fwp%2Fv2%2Ftags&post=11337"}],"curies":[{"name":"wp","href":"https:\/\/api.w.org\/{rel}","templated":true}]}}