{"id":11309,"date":"2026-04-28T06:39:09","date_gmt":"2026-04-28T03:09:09","guid":{"rendered":"https:\/\/fajr.news\/?p=11309"},"modified":"2026-04-28T06:39:09","modified_gmt":"2026-04-28T03:09:09","slug":"kremlinden-irana-tam-destek-putin-araghchi-ile-stratejik-ortaklik-ve-bolgesel-baris-mesaji-verdi","status":"publish","type":"post","link":"https:\/\/fajr.news\/?p=11309&lang=tr","title":{"rendered":"Kremlin&#8217;den \u0130ran&#8217;a Tam Destek: Putin, Araghchi ile Stratejik Ortakl\u0131k ve B\u00f6lgesel Bar\u0131\u015f Mesaj\u0131 Verdi"},"content":{"rendered":"<h2>Putin ve Araghchi&#8217;den B\u00f6lgesel \u0130stikrara Vurgu<\/h2>\n<p>Rusya Devlet Ba\u015fkan\u0131 <strong>Vladimir Putin<\/strong>, St. Petersburg&#8217;da \u0130ran D\u0131\u015fi\u015fleri Bakan\u0131 <strong>Abbas Araghchi<\/strong> ile \u00f6nemli bir g\u00f6r\u00fc\u015fme ger\u00e7ekle\u015ftirdi. G\u00f6r\u00fc\u015fmede Putin, \u0130ran halk\u0131n\u0131n mevcut zorlu d\u00f6nemi a\u015faca\u011f\u0131na olan inanc\u0131n\u0131 dile getirerek, b\u00f6lgede bar\u0131\u015f\u0131n bir an \u00f6nce tesis edilmesi temennisini payla\u015ft\u0131.<\/p>\n<p>Moskova, ABD ve \u0130srail&#8217;in \u0130ran&#8217;a y\u00f6nelik sald\u0131r\u0131lar\u0131n\u0131 k\u0131nayarak, Ortado\u011fu&#8217;da s\u00fckunetin yeniden sa\u011flanmas\u0131 i\u00e7in arabuluculuk teklifinde bulunmu\u015ftu. Rusya ayr\u0131ca, gerilimi d\u00fc\u015f\u00fcrme amac\u0131 ta\u015f\u0131yan bir ad\u0131m olarak \u0130ran&#8217;\u0131n zenginle\u015ftirilmi\u015f uranyumunu depolama teklifini de yineledi. Bu teklif, b\u00f6lgesel tansiyonun azalt\u0131lmas\u0131na y\u00f6nelik \u00f6nemli bir diplomatik \u00e7aba olarak de\u011ferlendiriliyor.<\/p>\n<p>Rus devlet medyas\u0131na g\u00f6re Putin, Araghchi&#8217;ye hitaben yapt\u0131\u011f\u0131 a\u00e7\u0131klamada, &#8220;Biz kendi ad\u0131m\u0131za, sizin \u00e7\u0131karlar\u0131n\u0131za ve b\u00f6lgedeki t\u00fcm halklar\u0131n \u00e7\u0131karlar\u0131na hizmet eden her \u015feyi, bar\u0131\u015f\u0131n m\u00fcmk\u00fcn olan en k\u0131sa s\u00fcrede sa\u011flanmas\u0131 i\u00e7in yapaca\u011f\u0131z&#8221; ifadelerini kulland\u0131. Bu a\u00e7\u0131klama, Rusya&#8217;n\u0131n \u0130ran&#8217;\u0131n <em>egemenli\u011fine ve g\u00fcvenli\u011fine verdi\u011fi \u00f6nemin<\/em> a\u00e7\u0131k bir g\u00f6stergesi olarak yorumland\u0131.<\/p>\n<p>Putin, &#8220;Ge\u00e7en hafta \u0130ran&#8217;\u0131n y\u00fcce liderinden bir mesaj ald\u0131m. Bunun i\u00e7in en i\u00e7ten te\u015fekk\u00fcrlerimi iletmenizi rica ediyorum ve Rusya&#8217;n\u0131n, \u0130ran gibi, stratejik ili\u015fkilerimizi s\u00fcrd\u00fcrme niyetinde oldu\u011funu teyit etmek isterim&#8221; diyerek iki \u00fclke aras\u0131ndaki <strong>derin stratejik ortakl\u0131\u011f\u0131n<\/strong> alt\u0131n\u0131 \u00e7izdi.<\/p>\n<p>\u0130ran ve Rusya, ge\u00e7ti\u011fimiz y\u0131l 20 y\u0131ll\u0131k kapsaml\u0131 bir stratejik ortakl\u0131k anla\u015fmas\u0131 imzalam\u0131\u015ft\u0131. Bu anla\u015fma \u00e7er\u00e7evesinde Rusya, \u0130ran&#8217;\u0131n tek n\u00fckleer santrali olan Bu\u015fehr&#8217;de iki yeni n\u00fckleer \u00fcnite in\u015fa ediyor. Ayr\u0131ca, \u0130ran&#8217;\u0131n Rusya&#8217;ya Ukrayna&#8217;ya kar\u015f\u0131 kullan\u0131m i\u00e7in Shahed insans\u0131z hava ara\u00e7lar\u0131 tedarik etmesi, iki \u00fclke aras\u0131ndaki <em>g\u00fc\u00e7l\u00fc savunma i\u015f birli\u011fini<\/em> g\u00f6zler \u00f6n\u00fcne seriyor.<\/p>\n<p>RIA haber ajans\u0131n\u0131n bildirdi\u011fine g\u00f6re Bakan Araghchi de, Rusya ve \u0130ran aras\u0131ndaki ili\u015fkilerin g\u00fc\u00e7lenmeye devam edece\u011fini belirterek, Moskova&#8217;n\u0131n sa\u011flad\u0131\u011f\u0131 destek i\u00e7in Putin&#8217;e te\u015fekk\u00fcr etti. Bu g\u00f6r\u00fc\u015fme, iki \u00fclkenin b\u00f6lgesel ve uluslararas\u0131 arenadaki <strong>ortak vizyonunu ve dayan\u0131\u015fmas\u0131n\u0131<\/strong> bir kez daha teyit etti.<\/p>\n<p>#Putin #\u0130ran #Rusya #Araghchi #StratejikOrtakl\u0131k #B\u00f6lgeselBar\u0131\u015f #Ortado\u011fu #Diplomasi #N\u00fckleer\u0130\u015fbirli\u011fi #D\u0131\u015fPolitika<\/p>\n","protected":false},"excerpt":{"rendered":"<p>Putin ve Araghchi&#8217;den B\u00f6lgesel \u0130stikrara Vurgu Rusya Devlet Ba\u015fkan\u0131 Vladimir Putin, St. Petersburg&#8217;da \u0130ran D\u0131\u015fi\u015fleri Bakan\u0131 Abbas Araghchi ile \u00f6nemli bir g\u00f6r\u00fc\u015fme ger\u00e7ekle\u015ftirdi. G\u00f6r\u00fc\u015fmede Putin, \u0130ran halk\u0131n\u0131n mevcut zorlu d\u00f6nemi a\u015faca\u011f\u0131na olan inanc\u0131n\u0131 dile getirerek, b\u00f6lgede bar\u0131\u015f\u0131n bir an \u00f6nce tesis edilmesi temennisini payla\u015ft\u0131. Moskova, ABD ve \u0130srail&#8217;in \u0130ran&#8217;a y\u00f6nelik sald\u0131r\u0131lar\u0131n\u0131 k\u0131nayarak, Ortado\u011fu&#8217;da s\u00fckunetin yeniden [&hellip;]<\/p>\n","protected":false},"author":2,"featured_media":11310,"comment_status":"open","ping_status":"open","sticky":false,"template":"","format":"standard","meta":{"footnotes":""},"categories":[37],"tags":[],"class_list":["post-11309","post","type-post","status-publish","format-standard","has-post-thumbnail","hentry","category-orta-dogu-haberleri"],"_links":{"self":[{"href":"https:\/\/fajr.news\/index.php?rest_route=\/wp\/v2\/posts\/11309","targetHints":{"allow":["GET"]}}],"collection":[{"href":"https:\/\/fajr.news\/index.php?rest_route=\/wp\/v2\/posts"}],"about":[{"href":"https:\/\/fajr.news\/index.php?rest_route=\/wp\/v2\/types\/post"}],"author":[{"embeddable":true,"href":"https:\/\/fajr.news\/index.php?rest_route=\/wp\/v2\/users\/2"}],"replies":[{"embeddable":true,"href":"https:\/\/fajr.news\/index.php?rest_route=%2Fwp%2Fv2%2Fcomments&post=11309"}],"version-history":[{"count":0,"href":"https:\/\/fajr.news\/index.php?rest_route=\/wp\/v2\/posts\/11309\/revisions"}],"wp:featuredmedia":[{"embeddable":true,"href":"https:\/\/fajr.news\/index.php?rest_route=\/wp\/v2\/media\/11310"}],"wp:attachment":[{"href":"https:\/\/fajr.news\/index.php?rest_route=%2Fwp%2Fv2%2Fmedia&parent=11309"}],"wp:term":[{"taxonomy":"category","embeddable":true,"href":"https:\/\/fajr.news\/index.php?rest_route=%2Fwp%2Fv2%2Fcategories&post=11309"},{"taxonomy":"post_tag","embeddable":true,"href":"https:\/\/fajr.news\/index.php?rest_route=%2Fwp%2Fv2%2Ftags&post=11309"}],"curies":[{"name":"wp","href":"https:\/\/api.w.org\/{rel}","templated":true}]}}