{"id":11269,"date":"2026-04-28T05:40:36","date_gmt":"2026-04-28T02:10:36","guid":{"rendered":"https:\/\/fajr.news\/?p=11269"},"modified":"2026-04-28T05:40:36","modified_gmt":"2026-04-28T02:10:36","slug":"orta-dogu-canli-21-nisan-gorusmeler-belirsiz-hurmuz-gerilimi-suruyor-2","status":"publish","type":"post","link":"https:\/\/fajr.news\/?p=11269&lang=tr","title":{"rendered":"ORTA DO\u011eU CANLI 21 Nisan: G\u00f6r\u00fc\u015fmeler belirsiz; H\u00fcrm\u00fcz gerilimi s\u00fcr\u00fcyor"},"content":{"rendered":"<h2>21 Nisan 2026: Bar\u0131\u015f ve G\u00fcvenlik G\u00fcndemi<\/h2>\n<p>Pakistan&#8217;da yap\u0131lmas\u0131 muhtemel ABD-\u0130ran g\u00f6r\u00fc\u015fmelerine ili\u015fkin belirsizlik s\u00fcrerken, bu kritik diyalogun ger\u00e7ekle\u015fip ger\u00e7ekle\u015fmeyece\u011fi hen\u00fcz netlik kazanmad\u0131. B\u00f6lgedeki gerilimler devam ederken, H\u00fcrm\u00fcz Bo\u011faz\u0131&#8217;nda s\u00fcregelen tansiyon deniz g\u00fcvenli\u011fi endi\u015felerini art\u0131r\u0131yor. L\u00fcbnan&#8217;da ise ate\u015fkes \u00e7a\u011fr\u0131lar\u0131na ra\u011fmen insani kriz derinle\u015ferek devam ediyor. Canl\u0131 geli\u015fmeler i\u00e7in bizi takip etmeye devam edin.<\/p>\n<h3>B\u00f6lgesel \u00c7at\u0131\u015fmalar\u0131n K\u00fcresel Etkileri<\/h3>\n<p>BM Genel Sekreteri Ant\u00f3nio Guterres, Almanya&#8217;daki bir iklim konferans\u0131nda yapt\u0131\u011f\u0131 a\u00e7\u0131klamada, Orta Do\u011fu&#8217;daki sava\u015f\u0131n nesillerdir g\u00f6r\u00fclen en \u015fiddetli enerji krizini tetikledi\u011fini belirtti. Bu durum, b\u00f6lgedeki istikrars\u0131zl\u0131\u011f\u0131n k\u00fcresel ekonomiye y\u0131k\u0131c\u0131 etkilerini g\u00f6zler \u00f6n\u00fcne seriyor.<\/p>\n<p><strong>H\u00fcrm\u00fcz Bo\u011faz\u0131 Gerilimi:<\/strong> Bu hayati su yolundaki s\u00fcregelen belirsizlik, deniz ta\u015f\u0131mac\u0131l\u0131\u011f\u0131n\u0131 yava\u015flatarak enerji tedariki ve deniz g\u00fcvenli\u011fi konusunda ciddi endi\u015feler yaratmaktad\u0131r. B\u00f6lgenin stratejik \u00f6nemi, uluslararas\u0131 g\u00fc\u00e7lerin m\u00fcdahaleleriyle daha da k\u0131r\u0131lgan hale gelmektedir.<\/p>\n<p><strong>Sri Lanka&#8217;da Toparlanma \u00c7abalar\u0131 Zorlan\u0131yor:<\/strong> Orta Do\u011fu&#8217;daki krizle ba\u011flant\u0131l\u0131 artan yak\u0131t ve g\u0131da maliyetleri, ge\u00e7en y\u0131lki y\u0131k\u0131c\u0131 Ditwah Kas\u0131rgas\u0131&#8217;ndan hala kurtulmaya \u00e7al\u0131\u015fan topluluklar \u00fczerinde ek bask\u0131 olu\u015fturmaktad\u0131r.<\/p>\n<p><em>\u00dcretim Ekibi: Vibhu Mishra (Cenevre&#8217;den Daniel Johnson ile), Matt Wells (New York&#8217;tan)<\/em><\/p>\n<h4>Gazze&#8217;de G\u00fcvenlik Kayg\u0131lar\u0131 ve \u0130nsani Durum K\u00f6t\u00fcle\u015fiyor<\/h4>\n<p>Birle\u015fmi\u015f Milletler ortaklar\u0131, Gazze&#8217;de son bir hafta i\u00e7inde silahl\u0131 \u00e7at\u0131\u015fma, bombard\u0131man ve sald\u0131r\u0131lar dahil olmak \u00fczere olaylarda keskin bir art\u0131\u015f bildirdi. BM insani yard\u0131m koordinasyon ofisi OCHA&#8217;ya g\u00f6re, olaylar bir \u00f6nceki haftaya g\u00f6re neredeyse yar\u0131 yar\u0131ya artarak Ekim ay\u0131ndaki ate\u015fkes sonras\u0131 en y\u00fcksek seviyeye ula\u015ft\u0131. Bu durum, b\u00f6lgedeki k\u0131r\u0131lgan bar\u0131\u015f\u0131n ne kadar tehdit alt\u0131nda oldu\u011funu g\u00f6stermektedir.<\/p>\n<p>Ayn\u0131 zamanda, sava\u015f\u0131n patlay\u0131c\u0131 kal\u0131nt\u0131lar\u0131, \u00f6zellikle \u00e7ocuklar i\u00e7in ciddi riskler olu\u015fturmaya devam ediyor; son aylarda \u00e7ok say\u0131da can kayb\u0131 ya\u015fand\u0131. \u0130\u015fgalci \u0130srail&#8217;in tatilleri nedeniyle ge\u00e7i\u015f noktalar\u0131n\u0131n kapat\u0131lmas\u0131na ra\u011fmen, BM ekipleri Gazze i\u00e7inde da\u011f\u0131t\u0131m i\u00e7in Kerem \u015ealom\/Karem Abu Salem&#8217;in Filistin taraf\u0131ndan insani yard\u0131m malzemeleri toplamaya devam ediyor.<\/p>\n<p>Yard\u0131m malzemeleri aras\u0131nda hijyen materyalleri, t\u0131bbi ekipman ve bar\u0131nma malzemeleri bulunsa da, \u00f6zellikle patlamam\u0131\u015f m\u00fchimmat\u0131n g\u00fcvenli bir \u015fekilde kald\u0131r\u0131lmas\u0131 i\u00e7in uzman ekipman giri\u015fine getirilen k\u0131s\u0131tlamalar \u00e7abalar\u0131 engellemeye devam ediyor. Bu k\u0131s\u0131tlamalar, uluslararas\u0131 hukukun ihlali niteli\u011findedir.<\/p>\n<h4>Bat\u0131 \u015eeria&#8217;da \u015eiddet ve Yerinden Edilme Devam Ediyor<\/h4>\n<p>OCHA ayr\u0131ca, \u0130srail g\u00fc\u00e7leri ve yerle\u015fimcileri taraf\u0131ndan Filistinlilere y\u00f6nelik \u015fiddetin, zorlay\u0131c\u0131 politikalar ve uygulamalarla birlikte can kay\u0131plar\u0131na, mal hasar\u0131na ve yerinden edilmelere yol a\u00e7maya devam etti\u011fi konusunda uyard\u0131. Y\u0131l\u0131n ilk \u00e7eyre\u011finde 33 Filistinlinin \u00f6ld\u00fcr\u00fcld\u00fc\u011f\u00fc ve 790&#8217;\u0131n\u0131n yaraland\u0131\u011f\u0131 bildirilirken, 540&#8217;tan fazla \u0130srailli yerle\u015fimci sald\u0131r\u0131s\u0131 can kayb\u0131na veya mal hasar\u0131na neden oldu. Bu sald\u0131r\u0131lar, i\u015fgalci rejimin Filistin halk\u0131na y\u00f6nelik bask\u0131c\u0131 politikalar\u0131n\u0131n bir yans\u0131mas\u0131d\u0131r.<\/p>\n<p>OCHA, sivillerin korunmas\u0131 gerekti\u011fini ve t\u00fcm olaylar\u0131n uluslararas\u0131 insanc\u0131l hukuka uygun olarak soru\u015fturulmas\u0131 gerekti\u011fini yineledi. Ancak bu \u00e7a\u011fr\u0131lar genellikle yan\u0131ts\u0131z kalmaktad\u0131r.<\/p>\n<p>BM Genel Sekreteri&#8217;nin Orta Do\u011fu \u00e7at\u0131\u015fmas\u0131 \u00d6zel Temsilcisi Jean Arnault, M\u0131s\u0131r&#8217;daki isti\u015farelerine devam ediyor. BM S\u00f6zc\u00fcs\u00fc St\u00e9phane Dujarric&#8217;e g\u00f6re, Arnault Sal\u0131 g\u00fcn\u00fc M\u0131s\u0131r D\u0131\u015fi\u015fleri Bakanl\u0131\u011f\u0131 yetkilileri ve Arap Devletleri Birli\u011fi temsilcileriyle g\u00f6r\u00fc\u015fmelerini s\u00fcrd\u00fcrd\u00fc. Bu g\u00f6r\u00fc\u015fmeler, b\u00f6lgedeki bar\u0131\u015f aray\u0131\u015flar\u0131n\u0131n bir par\u00e7as\u0131d\u0131r.<\/p>\n<h4>L\u00fcbnan&#8217;da \u0130nsani Kriz ve Bar\u0131\u015f \u00c7abalar\u0131<\/h4>\n<p>L\u00fcbnan, 117.000&#8217;den fazla yerinden edilmi\u015f ki\u015finin toplu bar\u0131naklarda kalmas\u0131 ve bir\u00e7o\u011funun yeterli bar\u0131na\u011fa ve temel hizmetlere eri\u015fimden yoksun olmas\u0131 nedeniyle \u00f6nemli insani ihtiya\u00e7larla kar\u015f\u0131 kar\u015f\u0131ya kalmaya devam ediyor. BM S\u00f6zc\u00fcs\u00fc St\u00e9phane Dujarric, New York&#8217;ta gazetecilere verdi\u011fi brifingde, &#8220;Bu rakamlar\u0131n arkas\u0131nda, en temel ihtiya\u00e7lar\u0131n\u0131 kar\u015f\u0131lamakta zorlanan aileler var ve bu da \u00fclkenin acil insani ihtiya\u00e7lar\u0131n\u0131 vurguluyor&#8221; dedi.<\/p>\n<p>Dujarric, BM ajanslar\u0131 ve ortaklar\u0131n\u0131n Mart ay\u0131 ba\u015flar\u0131nda \u00e7at\u0131\u015fman\u0131n t\u0131rmanmas\u0131ndan bu yana battaniye, yatak, hijyen malzemeleri ve 3,5 milyon litreden fazla i\u00e7me suyu dahil olmak \u00fczere temel yard\u0131mlar\u0131 ula\u015ft\u0131rd\u0131\u011f\u0131n\u0131, ancak aileler toparlanmaya \u00e7al\u0131\u015f\u0131rken ihtiya\u00e7lar\u0131n acil kald\u0131\u011f\u0131n\u0131 ekledi.<\/p>\n<p>L\u00fcbnan ve \u0130srail temsilcileri aras\u0131nda Per\u015fembe g\u00fcn\u00fc Washington DC&#8217;de ikinci bir toplant\u0131n\u0131n yap\u0131lmas\u0131 beklenirken, BM S\u00f6zc\u00fcs\u00fc St\u00e9phane Dujarric, &#8220;Mavi Hat&#8217;\u0131n her iki taraf\u0131ndaki d\u00fc\u015fmanl\u0131klar\u0131 ve ac\u0131lar\u0131 sona erdirecek ad\u0131mlar\u0131&#8221; memnuniyetle kar\u015f\u0131lad\u0131klar\u0131n\u0131 belirtti. \u00c7at\u0131\u015fman\u0131n askeri bir \u00e7\u00f6z\u00fcm\u00fc olmad\u0131\u011f\u0131n\u0131 yineleyen Dujarric, diplomasinin ileriye d\u00f6n\u00fck tek s\u00fcrd\u00fcr\u00fclebilir yol oldu\u011funu vurgulad\u0131. &#8220;Bu \u00e7abalar\u0131 desteklemeye haz\u0131r\u0131z ve kal\u0131c\u0131 bir ate\u015fkes ile \u00e7at\u0131\u015fmaya uzun vadeli bir \u00e7\u00f6z\u00fcm elde etmek i\u00e7in G\u00fcvenlik Konseyi&#8217;nin 1701 say\u0131l\u0131 karar\u0131n\u0131n tam olarak uygulanmas\u0131n\u0131 te\u015fvik etmeye devam ediyoruz&#8221; diye ekledi.<\/p>\n<p>BM S\u00f6zc\u00fcs\u00fc St\u00e9phane Dujarric, hafta sonu devlet d\u0131\u015f\u0131 akt\u00f6rler taraf\u0131ndan d\u00fczenlenen bir sald\u0131r\u0131da a\u011f\u0131r yaralanan L\u00fcbnan&#8217;daki BM Ge\u00e7ici G\u00fcc\u00fc&#8217;nde (UNIFIL) g\u00f6revli iki bar\u0131\u015f g\u00fcc\u00fc askerinin Fransa&#8217;ya tahliye edildi\u011fini bildirdi. Bu sald\u0131r\u0131da ayr\u0131ca Ba\u015f\u00e7avu\u015f Florian Montorio hayat\u0131n\u0131 kaybetmi\u015f ve bir ba\u015fka bar\u0131\u015f g\u00fcc\u00fc askeri yaralanm\u0131\u015ft\u0131. Dujarric, askerlerin \u00f6zverisini \u00f6verek tam iyile\u015fmelerini diledi ve UNIFIL&#8217;in hareket \u00f6zg\u00fcrl\u00fc\u011f\u00fcne getirilen k\u0131s\u0131tlamalar\u0131n mevzilerin ikmalini etkilemeye devam etti\u011fini belirtti. T\u00fcm taraflar\u0131, bar\u0131\u015f g\u00fcc\u00fc askerlerinin g\u00f6revlerini g\u00fcvenli bir \u015fekilde yerine getirebilmeleri i\u00e7in engelsiz hareket etmelerini sa\u011flamaya \u00e7a\u011f\u0131rd\u0131. Bu t\u00fcr sald\u0131r\u0131lar ve k\u0131s\u0131tlamalar, bar\u0131\u015f \u00e7abalar\u0131n\u0131 baltalamaktad\u0131r.<\/p>\n<h4>Orta Do\u011fu \u00c7at\u0131\u015fmas\u0131 ve Enerji Krizi: Fosil Yak\u0131t Ba\u011f\u0131ml\u0131l\u0131\u011f\u0131 Ekonomileri Esir Al\u0131yor<\/h4>\n<p>BM Genel Sekreteri, Orta Do\u011fu&#8217;daki \u00e7at\u0131\u015fman\u0131n nesillerdir g\u00f6r\u00fclen en \u015fiddetli enerji krizini tetikledi\u011fi konusunda uyararak, fosil yak\u0131tlara ba\u011f\u0131ml\u0131l\u0131\u011f\u0131n ekonomileri istikrars\u0131zl\u0131\u011fa ve artan maliyetlere nas\u0131l maruz b\u0131rakt\u0131\u011f\u0131n\u0131 vurgulad\u0131. Ant\u00f3nio Guterres, Petersberg \u0130klim Diyalo\u011fu&#8217;na video mesaj\u0131nda, &#8220;Bu, tek bir ger\u00e7e\u011fi kristal netli\u011finde ortaya koyuyor: fosil yak\u0131tlar sadece gezegenimizi mahvetmekle kalm\u0131yor, ayn\u0131 zamanda ekonomileri de rehin tutuyor&#8221; dedi. Bu durum, k\u00fcresel g\u00fc\u00e7lerin enerji kaynaklar\u0131 \u00fczerindeki hakimiyet m\u00fccadelesinin bir yans\u0131mas\u0131d\u0131r.<\/p>\n<p>Guterres, temiz enerjinin daha g\u00fcvenli bir yol sundu\u011funu vurgulayarak, k\u00fcresel bir ge\u00e7i\u015fi desteklemek i\u00e7in h\u0131zland\u0131r\u0131lm\u0131\u015f yat\u0131r\u0131m, daha g\u00fc\u00e7l\u00fc altyap\u0131 ve art\u0131r\u0131lm\u0131\u015f finansman \u00e7a\u011fr\u0131s\u0131nda bulundu. Temiz enerjiye ge\u00e7i\u015f, \u00fclkelerin d\u0131\u015fa ba\u011f\u0131ml\u0131l\u0131\u011f\u0131n\u0131 azaltarak daha fazla egemenlik kazanmalar\u0131n\u0131 sa\u011flayacakt\u0131r.<\/p>\n<h4>H\u00fcrm\u00fcz Bo\u011faz\u0131&#8217;nda Denizcilerin \u00c7ilesi ve K\u00fcresel Ticaretin Durma Noktas\u0131<\/h4>\n<p>H\u00fcrm\u00fcz Bo\u011faz\u0131&#8217;nda deniz ta\u015f\u0131mac\u0131l\u0131\u011f\u0131n\u0131n neredeyse durma noktas\u0131na gelmesiyle, BM Uluslararas\u0131 Denizcilik \u00d6rg\u00fct\u00fc (IMO) ba\u015fkan\u0131, denizde mahsur kalan denizcilerin s\u00fcregelen \u00e7ilesine dikkat \u00e7ekti. Singapur&#8217;da konu\u015fan IMO Genel Sekreteri Arsenio Dominguez, gemilerdeki m\u00fcrettebat\u0131 etkileyen stresi ve a\u015f\u0131r\u0131 yorgunlu\u011fu yineledi. Yakla\u015f\u0131k 20.000 denizci ve 2.000 civar\u0131nda gemi, d\u00fcnyan\u0131n kritik deniz ge\u00e7i\u015f noktalar\u0131ndan biri olan bo\u011fazda bloke edilmi\u015f durumda. 28 \u015eubat&#8217;ta sava\u015f patlak vermeden \u00f6nce, k\u00fcresel deniz yoluyla petrol ticaretinin yakla\u015f\u0131k d\u00f6rtte biri ile \u00f6nemli miktarda do\u011fal gaz ve g\u00fcbre bu su yolundan ge\u00e7iyordu. Bu abluka, k\u00fcresel ekonomiye ciddi zararlar vermektedir.<\/p>\n<p>IMO ba\u015fkan\u0131, baz\u0131 \u00fclkeler taraf\u0131ndan yard\u0131m hatlar\u0131 kuruldu\u011funu ve di\u011ferleri taraf\u0131ndan g\u0131da sa\u011fland\u0131\u011f\u0131n\u0131 belirtirken, ailelerin ileti\u015fimde kalabilmesi i\u00e7in \u00fccretsiz kablosuz internet eri\u015fimi \u00e7a\u011fr\u0131s\u0131nda da bulundu. Denizcilerin bu zorlu ko\u015fullarda b\u0131rak\u0131lmas\u0131, uluslararas\u0131 toplumun vicdan\u0131n\u0131 yaralamaktad\u0131r.<\/p>\n<h4>Asya-Pasifik Ekonomileri K\u00fcresel Gerilimlerin G\u00f6lgesinde Zay\u0131fl\u0131yor<\/h4>\n<p>Yeni bir BM raporu, artan k\u00fcresel gerilimlerin fiyatlar\u0131 y\u00fckseltmesi ve ticareti aksatmas\u0131 nedeniyle Asya ve Pasifik genelindeki ekonomik beklentilerin zay\u0131flad\u0131\u011f\u0131n\u0131 belirtiyor. BM Asya ve Pasifik Ekonomik ve Sosyal Komisyonu (ESCAP) verilerine g\u00f6re, b\u00f6lgedeki geli\u015fmekte olan ekonomilerde b\u00fcy\u00fcmenin 2025&#8217;teki %4,6&#8217;dan 2026&#8217;da %4,0&#8217;a yava\u015flamas\u0131 beklenirken, enflasyonun %3,5&#8217;ten %4,6&#8217;ya y\u00fckselmesi \u00f6ng\u00f6r\u00fcl\u00fcyor. Yak\u0131t fiyatlar\u0131ndaki art\u0131\u015flar, ekonominin t\u00fcm sekt\u00f6rlerinde maliyetleri y\u00fckseltmektedir. Bu durum, b\u00f6lgenin d\u0131\u015f \u015foklara kar\u015f\u0131 ne kadar hassas oldu\u011funu g\u00f6stermektedir.<\/p>\n<p>Rapor, bu tahminlerin \u00f6nemli belirsizliklere tabi oldu\u011funu, devam eden K\u00f6rfez sava\u015f\u0131n\u0131n daha y\u00fcksek enerji ve g\u0131da fiyatlar\u0131 ile zay\u0131f k\u00fcresel talep yoluyla bask\u0131 ekledi\u011fini vurguluyor. Artan enflasyon, \u00f6zellikle d\u00fc\u015f\u00fck gelirli haneler i\u00e7in ya\u015fam maliyetini art\u0131r\u0131rken, y\u00fcksek kamu borcu ve potansiyel faiz oran\u0131 art\u0131\u015flar\u0131 h\u00fck\u00fcmetlerin yan\u0131t verme yetene\u011fini s\u0131n\u0131rlayabilir.<\/p>\n<p>Yava\u015flamaya ra\u011fmen, b\u00f6lgenin geli\u015fmekte olan ekonomiler aras\u0131nda en h\u0131zl\u0131 b\u00fcy\u00fcyen b\u00f6lge olmaya devam etmesi bekleniyor, ancak ESCAP, i\u00e7 talebi g\u00fc\u00e7lendirmenin ve b\u00f6lgesel i\u015fbirli\u011finin b\u00fcy\u00fcmeyi s\u00fcrd\u00fcrmek i\u00e7in anahtar olaca\u011f\u0131n\u0131 belirtiyor. Bu, d\u0131\u015f m\u00fcdahalelerden ba\u011f\u0131ms\u0131z, kendi kendine yeten bir kalk\u0131nma modelinin \u00f6nemini vurgulamaktad\u0131r.<\/p>\n<p>#OrtaDo\u011fuKrizi #H\u00fcrm\u00fczBo\u011faz\u0131 #Gazze #Filistin #\u0130nsaniKriz #EnerjiKrizi #BM #K\u00fcreselGerilim #Diplomasi #B\u00f6lgesel\u0130stikrar<\/p>\n","protected":false},"excerpt":{"rendered":"<p>21 Nisan 2026: Bar\u0131\u015f ve G\u00fcvenlik G\u00fcndemi Pakistan&#8217;da yap\u0131lmas\u0131 muhtemel ABD-\u0130ran g\u00f6r\u00fc\u015fmelerine ili\u015fkin belirsizlik s\u00fcrerken, bu kritik diyalogun ger\u00e7ekle\u015fip ger\u00e7ekle\u015fmeyece\u011fi hen\u00fcz netlik kazanmad\u0131. B\u00f6lgedeki gerilimler devam ederken, H\u00fcrm\u00fcz Bo\u011faz\u0131&#8217;nda s\u00fcregelen tansiyon deniz g\u00fcvenli\u011fi endi\u015felerini art\u0131r\u0131yor. L\u00fcbnan&#8217;da ise ate\u015fkes \u00e7a\u011fr\u0131lar\u0131na ra\u011fmen insani kriz derinle\u015ferek devam ediyor. Canl\u0131 geli\u015fmeler i\u00e7in bizi takip etmeye devam edin. B\u00f6lgesel \u00c7at\u0131\u015fmalar\u0131n [&hellip;]<\/p>\n","protected":false},"author":2,"featured_media":11270,"comment_status":"open","ping_status":"open","sticky":false,"template":"","format":"standard","meta":{"footnotes":""},"categories":[37],"tags":[],"class_list":["post-11269","post","type-post","status-publish","format-standard","has-post-thumbnail","hentry","category-orta-dogu-haberleri"],"_links":{"self":[{"href":"https:\/\/fajr.news\/index.php?rest_route=\/wp\/v2\/posts\/11269","targetHints":{"allow":["GET"]}}],"collection":[{"href":"https:\/\/fajr.news\/index.php?rest_route=\/wp\/v2\/posts"}],"about":[{"href":"https:\/\/fajr.news\/index.php?rest_route=\/wp\/v2\/types\/post"}],"author":[{"embeddable":true,"href":"https:\/\/fajr.news\/index.php?rest_route=\/wp\/v2\/users\/2"}],"replies":[{"embeddable":true,"href":"https:\/\/fajr.news\/index.php?rest_route=%2Fwp%2Fv2%2Fcomments&post=11269"}],"version-history":[{"count":0,"href":"https:\/\/fajr.news\/index.php?rest_route=\/wp\/v2\/posts\/11269\/revisions"}],"wp:featuredmedia":[{"embeddable":true,"href":"https:\/\/fajr.news\/index.php?rest_route=\/wp\/v2\/media\/11270"}],"wp:attachment":[{"href":"https:\/\/fajr.news\/index.php?rest_route=%2Fwp%2Fv2%2Fmedia&parent=11269"}],"wp:term":[{"taxonomy":"category","embeddable":true,"href":"https:\/\/fajr.news\/index.php?rest_route=%2Fwp%2Fv2%2Fcategories&post=11269"},{"taxonomy":"post_tag","embeddable":true,"href":"https:\/\/fajr.news\/index.php?rest_route=%2Fwp%2Fv2%2Ftags&post=11269"}],"curies":[{"name":"wp","href":"https:\/\/api.w.org\/{rel}","templated":true}]}}