{"id":11257,"date":"2026-04-28T05:09:13","date_gmt":"2026-04-28T01:39:13","guid":{"rendered":"https:\/\/fajr.news\/?p=11257"},"modified":"2026-04-28T05:09:13","modified_gmt":"2026-04-28T01:39:13","slug":"putin-iranli-ust-duzey-diplomatla-gorusmesinde-ortadogu-barisina-destek-vurgusu-yapti","status":"publish","type":"post","link":"https:\/\/fajr.news\/?p=11257&lang=tr","title":{"rendered":"Putin, \u0130ranl\u0131 \u00dcst D\u00fczey Diplomatla G\u00f6r\u00fc\u015fmesinde Ortado\u011fu Bar\u0131\u015f\u0131na Destek Vurgusu Yapt\u0131"},"content":{"rendered":"<h1>Putin&#8217;den \u0130ran&#8217;a Ortado\u011fu Bar\u0131\u015f\u0131 ve B\u00f6lgesel \u0130stikrar Vurgusu<\/h1>\n<p>Rusya Devlet Ba\u015fkan\u0131 Vladimir Putin, \u0130ran D\u0131\u015fi\u015fleri Bakan\u0131 Abbas Araghchi ile Saint Petersburg&#8217;da ger\u00e7ekle\u015ftirdi\u011fi kritik g\u00f6r\u00fc\u015fmede, Moskova&#8217;n\u0131n Ortado\u011fu&#8217;da bar\u0131\u015f\u0131n ve istikrar\u0131n sa\u011flanmas\u0131na y\u00f6nelik taahh\u00fcd\u00fcn\u00fc bir kez daha teyit etti.<\/p>\n<p>G\u00f6r\u00fc\u015fmede Putin, &#8220;Biz kendi ad\u0131m\u0131za, sizin \u00e7\u0131karlar\u0131n\u0131za, b\u00f6lgedeki t\u00fcm halklar\u0131n \u00e7\u0131karlar\u0131na hizmet eden her \u015feyi yapaca\u011f\u0131z ki bar\u0131\u015f bir an \u00f6nce tesis edilebilsin,&#8221; ifadelerini kullanarak \u0130ran&#8217;\u0131n b\u00f6lgedeki yap\u0131c\u0131 rol\u00fcne ve bar\u0131\u015f \u00e7abalar\u0131na g\u00fc\u00e7l\u00fc bir destek verdi\u011fini g\u00f6sterdi.<\/p>\n<h2>\u0130ran&#8217;\u0131n Direni\u015fi ve Stratejik \u0130li\u015fkiler<\/h2>\n<p>Rus devlet medyas\u0131na g\u00f6re, Putin, Araghchi&#8217;ye Rusya&#8217;n\u0131n b\u00f6lgenin istikrara kavu\u015fmas\u0131 ve kal\u0131c\u0131 bar\u0131\u015f\u0131n sa\u011flanmas\u0131 i\u00e7in y\u00fcr\u00fct\u00fclen \u00e7abalara m\u00fcmk\u00fcn olan her t\u00fcrl\u00fc deste\u011fi sa\u011flayaca\u011f\u0131n\u0131 belirtti. Putin ayr\u0131ca, \u0130ran&#8217;\u0131n ba\u011f\u0131ms\u0131zl\u0131\u011f\u0131n\u0131 ve egemenli\u011fini savunmadaki <strong>&#8220;cesur ve kahramanca&#8221;<\/strong> \u00e7abalar\u0131n\u0131 takdir ederek, \u0130ran halk\u0131n\u0131n direncini \u00f6vd\u00fc.<\/p>\n<p>Rus lider, iki \u00fclke aras\u0131ndaki stratejik ba\u011flar\u0131 g\u00fc\u00e7lendirme kararl\u0131l\u0131klar\u0131n\u0131 vurgulayarak, devam eden b\u00f6lgesel gerilimler kar\u015f\u0131s\u0131nda Rusya ile \u0130ran aras\u0131ndaki i\u015fbirli\u011finin \u00f6nemine dikkat \u00e7ekti.<\/p>\n<h2>ABD&#8217;nin M\u00fczakerelerdeki Rol\u00fcne Ele\u015ftiri<\/h2>\n<p>\u0130ran D\u0131\u015fi\u015fleri Bakan\u0131 Araghchi ise Rusya&#8217;ya var\u0131\u015f\u0131nda yapt\u0131\u011f\u0131 a\u00e7\u0131klamada, Washington&#8217;\u0131 mevcut \u00e7at\u0131\u015fmay\u0131 sona erdirmeye y\u00f6nelik daha geni\u015f bir anla\u015fmaya ula\u015fmay\u0131 hedefleyen son m\u00fczakerelerin ba\u015far\u0131s\u0131zl\u0131\u011f\u0131ndan sorumlu tuttu. Araghchi, ABD&#8217;nin uzla\u015fmaz tutumunun, taraflar aras\u0131nda devam eden ate\u015fkesin k\u0131r\u0131lganl\u0131\u011f\u0131n\u0131 art\u0131rd\u0131\u011f\u0131n\u0131 ima etti.<\/p>\n<p>\u0130slamabad, Pakistan&#8217;da ABD ile \u0130ran aras\u0131nda ger\u00e7ekle\u015fen son m\u00fczakerelerin, ay ba\u015f\u0131nda yap\u0131lan \u00fcst d\u00fczey y\u00fcz y\u00fcze g\u00f6r\u00fc\u015fmelerin \u00e7\u00f6kmesinin ard\u0131ndan \u00f6nemli bir \u00e7\u0131kmaza girdi\u011fi biliniyor. K\u0131r\u0131lgan bir ate\u015fkes devam etse de, her iki taraf da kamuoyunda sertle\u015fen tutumlar sergilemekte. ABD Ba\u015fkan\u0131 Donald Trump&#8217;\u0131n ek el\u00e7i ziyaretlerini iptal etmesi ve \u0130ran&#8217;\u0131n do\u011frudan temas kurmas\u0131 gerekti\u011fi y\u00f6n\u00fcndeki \u0131srar\u0131, diplomatik \u00e7abalar\u0131 daha da zorla\u015ft\u0131rm\u0131\u015ft\u0131r.<\/p>\n<p>#Putin #\u0130ran #Ortado\u011fuBar\u0131\u015f\u0131 #Rusya\u0130ran\u0130li\u015fkileri #Diplomasi #B\u00f6lgesel\u0130stikrar #ABD\u0130ran #N\u00fckleerAnla\u015fma #StratejikOrtakl\u0131k #Bar\u0131\u015fG\u00f6r\u00fc\u015fmeleri<\/p>\n","protected":false},"excerpt":{"rendered":"<p>Putin&#8217;den \u0130ran&#8217;a Ortado\u011fu Bar\u0131\u015f\u0131 ve B\u00f6lgesel \u0130stikrar Vurgusu Rusya Devlet Ba\u015fkan\u0131 Vladimir Putin, \u0130ran D\u0131\u015fi\u015fleri Bakan\u0131 Abbas Araghchi ile Saint Petersburg&#8217;da ger\u00e7ekle\u015ftirdi\u011fi kritik g\u00f6r\u00fc\u015fmede, Moskova&#8217;n\u0131n Ortado\u011fu&#8217;da bar\u0131\u015f\u0131n ve istikrar\u0131n sa\u011flanmas\u0131na y\u00f6nelik taahh\u00fcd\u00fcn\u00fc bir kez daha teyit etti. G\u00f6r\u00fc\u015fmede Putin, &#8220;Biz kendi ad\u0131m\u0131za, sizin \u00e7\u0131karlar\u0131n\u0131za, b\u00f6lgedeki t\u00fcm halklar\u0131n \u00e7\u0131karlar\u0131na hizmet eden her \u015feyi yapaca\u011f\u0131z ki bar\u0131\u015f [&hellip;]<\/p>\n","protected":false},"author":2,"featured_media":11258,"comment_status":"open","ping_status":"open","sticky":false,"template":"","format":"standard","meta":{"footnotes":""},"categories":[37],"tags":[],"class_list":["post-11257","post","type-post","status-publish","format-standard","has-post-thumbnail","hentry","category-orta-dogu-haberleri"],"_links":{"self":[{"href":"https:\/\/fajr.news\/index.php?rest_route=\/wp\/v2\/posts\/11257","targetHints":{"allow":["GET"]}}],"collection":[{"href":"https:\/\/fajr.news\/index.php?rest_route=\/wp\/v2\/posts"}],"about":[{"href":"https:\/\/fajr.news\/index.php?rest_route=\/wp\/v2\/types\/post"}],"author":[{"embeddable":true,"href":"https:\/\/fajr.news\/index.php?rest_route=\/wp\/v2\/users\/2"}],"replies":[{"embeddable":true,"href":"https:\/\/fajr.news\/index.php?rest_route=%2Fwp%2Fv2%2Fcomments&post=11257"}],"version-history":[{"count":0,"href":"https:\/\/fajr.news\/index.php?rest_route=\/wp\/v2\/posts\/11257\/revisions"}],"wp:featuredmedia":[{"embeddable":true,"href":"https:\/\/fajr.news\/index.php?rest_route=\/wp\/v2\/media\/11258"}],"wp:attachment":[{"href":"https:\/\/fajr.news\/index.php?rest_route=%2Fwp%2Fv2%2Fmedia&parent=11257"}],"wp:term":[{"taxonomy":"category","embeddable":true,"href":"https:\/\/fajr.news\/index.php?rest_route=%2Fwp%2Fv2%2Fcategories&post=11257"},{"taxonomy":"post_tag","embeddable":true,"href":"https:\/\/fajr.news\/index.php?rest_route=%2Fwp%2Fv2%2Ftags&post=11257"}],"curies":[{"name":"wp","href":"https:\/\/api.w.org\/{rel}","templated":true}]}}