{"id":11233,"date":"2026-04-28T04:33:56","date_gmt":"2026-04-28T01:03:56","guid":{"rendered":"https:\/\/fajr.news\/?p=11233"},"modified":"2026-04-28T04:33:56","modified_gmt":"2026-04-28T01:03:56","slug":"kanada-merkez-bankasi-politika-faizini-sabit-tutacak-mi-iste-ekonomistlerin-gorusleri","status":"publish","type":"post","link":"https:\/\/fajr.news\/?p=11233&lang=tr","title":{"rendered":"Kanada Merkez Bankas\u0131 politika faizini sabit tutacak m\u0131? \u0130\u015fte ekonomistlerin g\u00f6r\u00fc\u015fleri."},"content":{"rendered":"<p>OTTAWA \u2014 Kanada Merkez Bankas\u0131, \u00c7ar\u015famba g\u00fcn\u00fc yeni bir para politikas\u0131 raporu yay\u0131mlayarak ve bir sonraki faiz karar\u0131 alarak, \u0130ran sava\u015f\u0131ndan kaynaklanan fiyat bask\u0131lar\u0131na ili\u015fkin d\u00fc\u015f\u00fcncelerini payla\u015facak.<br \/>\nMerkez bankas\u0131, arka arkaya \u00fc\u00e7 kararda g\u00f6sterge faiz oran\u0131n\u0131 y\u00fczde 2,25&#8217;te sabit tuttu. \u00c7o\u011fu ekonomist, para politikas\u0131 yap\u0131c\u0131lar\u0131n\u0131n bu hafta bu seriyi bozmas\u0131n\u0131 beklemiyor.<br \/>\nLSEG Data &amp; Analytics&#8217;e g\u00f6re, \u00c7ar\u015famba g\u00fcn\u00fc bir faiz sabit tutma karar\u0131 i\u00e7in finans piyasas\u0131 olas\u0131l\u0131klar\u0131 Cuma itibar\u0131yla y\u00fczde 93&#8217;\u00fcn \u00fczerindeydi.<br \/>\nRBC yard\u0131mc\u0131 ba\u015f ekonomisti Nathan Janzen, para politikas\u0131 yap\u0131c\u0131lar\u0131n\u0131n y\u00fcksek enerji fiyatlar\u0131n\u0131n enflasyon \u00fczerindeki etkisini yak\u0131ndan takip etmesi nedeniyle Kanada Merkez Bankas\u0131&#8217;ndan bu hafta bir faiz sabit tutma karar\u0131 bekledi\u011fini belirtti.<br \/>\nBu y\u0131la girerken, bir\u00e7ok ekonomist enflasyonda gev\u015feme belirtileri ve \u0131l\u0131ml\u0131 bir ekonomik toparlanman\u0131n, Kanada Merkez Bankas\u0131&#8217;n\u0131 ABD ile olan ticaret anla\u015fmazl\u0131\u011f\u0131nda netlik beklerken kenarda tutaca\u011f\u0131n\u0131 tahmin ediyordu.<br \/>\n\u015eubat sonunda Ortado\u011fu&#8217;da sava\u015f\u0131n patlak vermesi ve buna ba\u011fl\u0131 olarak k\u00fcresel petrol fiyatlar\u0131ndaki art\u0131\u015f, bu tahminleri bozabilir.<br \/>\nGe\u00e7en hafta, Statistics Canada, \u0130ran sava\u015f\u0131n\u0131n Mart ay\u0131nda enflasyonu nas\u0131l etkilemeye ba\u015flad\u0131\u011f\u0131na dair ilk bak\u0131\u015f\u0131 sundu. Man\u015fet enflasyon oran\u0131, \u015eubat ay\u0131ndaki y\u00fczde 1,8&#8217;den Mart ay\u0131nda y\u00fczde 2,4&#8217;e s\u0131\u00e7rad\u0131.<br \/>\nOxford Economics&#8217;in Kanada ekonomisi direkt\u00f6r\u00fc Tony Stillo, Kanada Merkez Bankas\u0131&#8217;n\u0131n yak\u0131ndan takip etti\u011fi \u00e7ekirdek enflasyon \u00f6l\u00e7\u00fctlerinde g\u00fcven verici sinyaller oldu\u011funu s\u00f6yledi.<br \/>\n\u201cBeklenenden biraz daha yumu\u015fak g\u00f6r\u00fcn\u00fcyorlar, bu da muhtemelen Kanada Merkez Bankas\u0131 i\u00e7in memnuniyet vericiydi,\u201d dedi.<br \/>\nStillo, bankan\u0131n hem ekonomik aktiviteyi zay\u0131flatabilecek hem de fiyatlar\u0131 y\u00fckseltebilecek bir arz \u015fokuyla m\u00fccadele etme gibi ikili bir zorlukla kar\u015f\u0131 kar\u015f\u0131ya oldu\u011funu belirtti. Normal zamanlarda, ekonomik zay\u0131fl\u0131k faiz indirimleriyle kar\u015f\u0131lan\u0131rken, y\u00fcksek fiyatlar faiz art\u0131r\u0131mlar\u0131yla e\u015fle\u015fir.<br \/>\nBa\u015fkan Tiff Macklem, merkez bankas\u0131n\u0131n Mart ay\u0131ndaki faiz karar\u0131ndan sonra yapt\u0131\u011f\u0131 a\u00e7\u0131klamada, petrol fiyat \u015fokundan kaynaklanan ba\u015flang\u0131\u00e7taki enflasyon art\u0131\u015f\u0131n\u0131 g\u00f6z ard\u0131 edece\u011fini ancak enflasyonist bask\u0131lar\u0131n kal\u0131c\u0131 hale gelmemesini sa\u011flamak i\u00e7in harekete ge\u00e7ece\u011fini s\u00f6yledi.<br \/>\nJanzen, sava\u015f\u0131n zincirleme etkilerinin benzin fiyatlar\u0131n\u0131n \u00f6tesine ge\u00e7erek t\u00fcketici sepetinin di\u011fer alanlar\u0131na yay\u0131lmas\u0131n\u0131n birka\u00e7 ay s\u00fcrece\u011fini belirtti.<br \/>\nPetrol gibi k\u00fcresel emtia fiyatlar\u0131n\u0131 dizginlemek, Kanada Merkez Bankas\u0131&#8217;n\u0131n eri\u015fiminin \u00e7ok \u00f6tesinde bir g\u00f6revdir. Ancak Janzen, \u00f6zellikle pompa fiyatlar\u0131ndaki art\u0131\u015f\u0131n daha y\u00fcksek enflasyon beklentilerini k\u00f6r\u00fcklemeye ba\u015flamas\u0131 durumunda, merkez bankas\u0131n\u0131n enerji kaynakl\u0131 enflasyonu sonsuza kadar g\u00f6z ard\u0131 edemeyece\u011fini savundu.<br \/>\n\u0130ran sava\u015f\u0131ndan kaynaklanan fiyat art\u0131\u015flar\u0131yla kar\u015f\u0131la\u015fmay\u0131 bekleyen i\u015fletmeler, bu maliyetleri t\u00fcketicilere yans\u0131tmay\u0131 tercih edebilir, bu nedenle artan enflasyon beklentileri kendi kendini ger\u00e7ekle\u015ftiren bir kehanete d\u00f6n\u00fc\u015febilir.<br \/>\nKanada Merkez Bankas\u0131 ge\u00e7en hafta kendi \u00fc\u00e7 ayl\u0131k i\u015fletme ve t\u00fcketici anketlerini yay\u0131mlad\u0131, ancak bu anketler b\u00fcy\u00fck \u00f6l\u00e7\u00fcde \u0130ran sava\u015f\u0131n\u0131n ba\u015flamas\u0131ndan \u00f6nce yap\u0131lm\u0131\u015ft\u0131. S\u0131n\u0131rl\u0131 takip anketleri, \u00e7at\u0131\u015fmayla ba\u011flant\u0131l\u0131 olarak k\u0131sa ve orta vadede enflasyon beklentilerinde en az\u0131ndan \u0131l\u0131ml\u0131 bir art\u0131\u015f oldu\u011funu g\u00f6sterdi.<br \/>\nStillo, &#8220;K\u0131sa vadeli beklentiler&#8230; market fiyatlar\u0131, benzin fiyatlar\u0131 \u00fczerine kuruludur. Bunlar y\u00fckselecek ve hakl\u0131 olarak y\u00fckselecek, \u00e7\u00fcnk\u00fc yak\u0131n vadede bir art\u0131\u015f olacak,&#8221; dedi.<br \/>\n&#8220;Kanada Merkez Bankas\u0131 i\u00e7in anahtar olan uzun vadeli enflasyon beklentileridir ve bunlar\u0131 takip edecekler.&#8221;<br \/>\nTakip anketlerinde ankete kat\u0131lan baz\u0131 i\u015fletmeler, fiyat art\u0131\u015flar\u0131n\u0131 yans\u0131tma yeteneklerinin zay\u0131f talep ve s\u00f6zle\u015fmelerinin maliyet yap\u0131s\u0131 taraf\u0131ndan k\u0131s\u0131tland\u0131\u011f\u0131n\u0131 belirtti.<br \/>\nKanada Merkez Bankas\u0131 ayr\u0131ca, Ortado\u011fu&#8217;da kal\u0131c\u0131 bir ate\u015fkes sa\u011flama \u00e7abalar\u0131 ve Basra K\u00f6rfezi&#8217;nden petrol i\u00e7in kritik bir ge\u00e7i\u015f yolu olan H\u00fcrm\u00fcz Bo\u011faz\u0131&#8217;n\u0131 yeniden a\u00e7ma konusundaki s\u00fcregelen belirsizlikle de m\u00fccadele edecek.<br \/>\nStillo, merkez bankas\u0131n\u0131n para politikas\u0131 raporunda \u0130ran sava\u015f\u0131n\u0131n nas\u0131l geli\u015febilece\u011fine dair birka\u00e7 farkl\u0131 senaryoyu ana hatlar\u0131yla belirtebilece\u011fini bekledi\u011fini s\u00f6yledi. Bu, ABD tarifelerinin Kanada mallar\u0131na ilk kez uyguland\u0131\u011f\u0131 bir y\u0131l \u00f6nce para politikas\u0131 yap\u0131c\u0131lar\u0131n\u0131n benimsedi\u011fi yakla\u015f\u0131md\u0131.<br \/>\nKanada Merkez Bankas\u0131 i\u00e7in g\u00f6receli belirsizli\u011fin bir ba\u015fka kayna\u011f\u0131 da maliye politikas\u0131d\u0131r. Federal h\u00fck\u00fcmet, faiz karar\u0131ndan bir g\u00fcn \u00f6nce, Sal\u0131 g\u00fcn\u00fc bahar ekonomik g\u00f6r\u00fcn\u00fcm\u00fcn\u00fc sunacak.<br \/>\nJanzen, en son mali g\u00fcncellemeyi sindirmek i\u00e7in fazla zaman olmasa bile, federal politikan\u0131n y\u00f6n\u00fcn\u00fcn olduk\u00e7a iyi bir \u015fekilde \u00f6nceden bildirildi\u011fini s\u00f6yledi.<br \/>\n\u00d6rne\u011fin, iktidardaki Liberaller ge\u00e7en haftadan itibaren federal yak\u0131t \u00f6zel t\u00fcketim vergisini yakla\u015f\u0131k d\u00f6rt ay s\u00fcreyle ask\u0131ya ald\u0131; ekonomistler bu hamlenin \u00f6n\u00fcm\u00fczdeki aylarda man\u015fet enflasyondan y\u00fczde 0,2&#8217;ye kadar bir d\u00fc\u015f\u00fc\u015f sa\u011flayaca\u011f\u0131n\u0131 bekliyor.<br \/>\nJanzen, ekonominin b\u00fcy\u00fcmekte zorland\u0131\u011f\u0131 ve i\u015fsizlik oran\u0131n\u0131n y\u00fcksek kald\u0131\u011f\u0131 bir ortamda, Kanada Merkez Bankas\u0131&#8217;n\u0131n \u0130ran sava\u015f\u0131 hakk\u0131nda daha fazla netlik beklerken politika faizini sabit tutmak i\u00e7in iyi bir konumda oldu\u011funu belirtti.<br \/>\n&#8220;Petrol fiyat \u015fokunu ortadan kald\u0131rsayd\u0131n\u0131z, bu y\u0131l daha belirgin bir \u015fekilde ortaya \u00e7\u0131kmas\u0131n\u0131 bekledi\u011fimiz mali destekleri kald\u0131rsayd\u0131n\u0131z, o zaman Kanada Merkez Bankas\u0131&#8217;n\u0131n faiz oranlar\u0131n\u0131 d\u00fc\u015f\u00fcrmesi gerekti\u011fi y\u00f6n\u00fcnde bir arg\u00fcman olurdu,&#8221; dedi.<br \/>\n&#8220;Dolay\u0131s\u0131yla, bizim g\u00f6r\u00fc\u015f\u00fcm\u00fcze g\u00f6re, bu durum onlar\u0131 y\u0131l\u0131n geri kalan\u0131nda faiz oran\u0131 de\u011fi\u015fikli\u011fi olmaks\u0131z\u0131n bir bekleme pozisyonunda b\u0131rak\u0131yor.&#8221;<br \/>\nBu haber The Canadian Press taraf\u0131ndan ilk olarak 27 Nisan 2026&#8217;da yay\u0131mland\u0131.<br \/>\nCraig Lord, The Canadian Press<br \/>\n#KanadaMerkezBankas\u0131 #FaizKarar\u0131 #Ekonomi #Enflasyon #\u0130ranSava\u015f\u0131 #PetrolFiyatlar\u0131 #ParaPolitikas\u0131 #EkonomikTahminler #KanadaEkonomisi #MerkezBankas\u0131<\/p>\n","protected":false},"excerpt":{"rendered":"<p>OTTAWA \u2014 Kanada Merkez Bankas\u0131, \u00c7ar\u015famba g\u00fcn\u00fc yeni bir para politikas\u0131 raporu yay\u0131mlayarak ve bir sonraki faiz karar\u0131 alarak, \u0130ran sava\u015f\u0131ndan kaynaklanan fiyat bask\u0131lar\u0131na ili\u015fkin d\u00fc\u015f\u00fcncelerini payla\u015facak. Merkez bankas\u0131, arka arkaya \u00fc\u00e7 kararda g\u00f6sterge faiz oran\u0131n\u0131 y\u00fczde 2,25&#8217;te sabit tuttu. \u00c7o\u011fu ekonomist, para politikas\u0131 yap\u0131c\u0131lar\u0131n\u0131n bu hafta bu seriyi bozmas\u0131n\u0131 beklemiyor. LSEG Data &amp; Analytics&#8217;e [&hellip;]<\/p>\n","protected":false},"author":2,"featured_media":11234,"comment_status":"open","ping_status":"open","sticky":false,"template":"","format":"standard","meta":{"footnotes":""},"categories":[31],"tags":[],"class_list":["post-11233","post","type-post","status-publish","format-standard","has-post-thumbnail","hentry","category-iran-haberleri"],"_links":{"self":[{"href":"https:\/\/fajr.news\/index.php?rest_route=\/wp\/v2\/posts\/11233","targetHints":{"allow":["GET"]}}],"collection":[{"href":"https:\/\/fajr.news\/index.php?rest_route=\/wp\/v2\/posts"}],"about":[{"href":"https:\/\/fajr.news\/index.php?rest_route=\/wp\/v2\/types\/post"}],"author":[{"embeddable":true,"href":"https:\/\/fajr.news\/index.php?rest_route=\/wp\/v2\/users\/2"}],"replies":[{"embeddable":true,"href":"https:\/\/fajr.news\/index.php?rest_route=%2Fwp%2Fv2%2Fcomments&post=11233"}],"version-history":[{"count":0,"href":"https:\/\/fajr.news\/index.php?rest_route=\/wp\/v2\/posts\/11233\/revisions"}],"wp:featuredmedia":[{"embeddable":true,"href":"https:\/\/fajr.news\/index.php?rest_route=\/wp\/v2\/media\/11234"}],"wp:attachment":[{"href":"https:\/\/fajr.news\/index.php?rest_route=%2Fwp%2Fv2%2Fmedia&parent=11233"}],"wp:term":[{"taxonomy":"category","embeddable":true,"href":"https:\/\/fajr.news\/index.php?rest_route=%2Fwp%2Fv2%2Fcategories&post=11233"},{"taxonomy":"post_tag","embeddable":true,"href":"https:\/\/fajr.news\/index.php?rest_route=%2Fwp%2Fv2%2Ftags&post=11233"}],"curies":[{"name":"wp","href":"https:\/\/api.w.org\/{rel}","templated":true}]}}