{"id":11225,"date":"2026-04-28T04:29:47","date_gmt":"2026-04-28T00:59:47","guid":{"rendered":"https:\/\/fajr.news\/?p=11225"},"modified":"2026-04-28T04:29:47","modified_gmt":"2026-04-28T00:59:47","slug":"reklam-engelleyici-kullanimi-tespit-edildi-haaretzden-onemli-duyuru","status":"publish","type":"post","link":"https:\/\/fajr.news\/?p=11225&lang=tr","title":{"rendered":"Reklam Engelleyici Kullan\u0131m\u0131 Tespit Edildi: Haaretz&#8217;den \u00d6nemli Duyuru"},"content":{"rendered":"<h1>Haaretz&#8217;den Okuyucular\u0131na \u00d6nemli \u00c7a\u011fr\u0131: Y\u00fcksek Kaliteli Gazetecili\u011fe Destek Olun<\/h1>\n<p>De\u011ferli okuyucular\u0131m\u0131z,<\/p>\n<p>Haaretz olarak, ba\u011f\u0131ms\u0131z ve y\u00fcksek kaliteli gazetecilik anlay\u0131\u015f\u0131m\u0131z\u0131 s\u00fcrd\u00fcrmek ad\u0131na \u00f6nemli bir duyuru ile kar\u015f\u0131n\u0131zday\u0131z. Sistemlerimiz, web sitemizi ziyaret eden baz\u0131 kullan\u0131c\u0131lar\u0131n reklam engelleyici yaz\u0131l\u0131mlar kulland\u0131\u011f\u0131n\u0131 tespit etmi\u015ftir. Bu durum, i\u00e7eriklerimizi sizlere \u00fccretsiz sunma ve gazetecilik faaliyetlerimizi finanse etme \u00e7abalar\u0131m\u0131z\u0131 olumsuz etkilemektedir.<\/p>\n<p>Haaretz&#8217;in derinlemesine analizler, \u00f6zel haberler ve g\u00fcvenilir i\u00e7eriklerle dolu d\u00fcnyas\u0131ndan kesintisiz faydalanabilmeniz i\u00e7in sizlerden k\u00fc\u00e7\u00fck bir ricam\u0131z bulunmaktad\u0131r:<\/p>\n<ul>\n<li><strong>Reklam Engelleyicinizi Kapat\u0131n:<\/strong> Y\u00fcksek standartlardaki gazetecili\u011fimizin devaml\u0131l\u0131\u011f\u0131na katk\u0131da bulunmak ad\u0131na, l\u00fctfen sitemizi ziyaret ederken reklam engelleyici yaz\u0131l\u0131m\u0131n\u0131z\u0131 devre d\u0131\u015f\u0131 b\u0131rak\u0131n. Reklamlar, Haaretz&#8217;in ba\u011f\u0131ms\u0131z yay\u0131nc\u0131l\u0131k misyonunu s\u00fcrd\u00fcrmesi i\u00e7in hayati bir gelir kayna\u011f\u0131d\u0131r.<\/li>\n<li><strong>Alternatif Olarak Abone Olun:<\/strong> Reklam engelleyici kullanmaya devam etmek istiyorsan\u0131z, Haaretz&#8217;e abone olarak t\u00fcm i\u00e7eriklerimize s\u0131n\u0131rs\u0131z eri\u015fim sa\u011flayabilirsiniz. Abonelik, reklam engelleyici a\u00e7\u0131kken bile okumaya devam etmenizi sa\u011flayacak ve ayn\u0131 zamanda gazetecili\u011fimize do\u011frudan destek olacakt\u0131r.<\/li>\n<\/ul>\n<h2>Haaretz.com&#8217;u Reklam Engelleyicinizden Hari\u00e7 Tutma Ad\u0131mlar\u0131<\/h2>\n<p>Sitemizi reklam engelleyicinizden hari\u00e7 tutmak i\u00e7in a\u015fa\u011f\u0131daki basit ad\u0131mlar\u0131 izleyebilirsiniz:<\/p>\n<ol>\n<li>Kulland\u0131\u011f\u0131n\u0131z reklam engelleyici yaz\u0131l\u0131m\u0131n ayarlar\u0131na gidin.<\/li>\n<li>&#8216;\u0130zin Verilen Siteler&#8217; veya &#8216;Hari\u00e7 Tutulan Siteler&#8217; b\u00f6l\u00fcm\u00fcn\u00fc bulun.<\/li>\n<li>Buraya <strong>Haaretz.com<\/strong> adresini ekleyin.<\/li>\n<li>Ayarlar\u0131 kaydedin ve sayfam\u0131z\u0131 yenileyin.<\/li>\n<\/ol>\n<p>Anlay\u0131\u015f\u0131n\u0131z ve deste\u011finiz i\u00e7in te\u015fekk\u00fcr eder, Haaretz ailesi olarak sizlere en iyi gazetecilik deneyimini sunmaya devam edece\u011fimizi belirtmek isteriz.<\/p>\n<p>#Haaretz #Gazetecilik #ReklamEngelleyici #Medya #Haber #Abonelik #DijitalYay\u0131nc\u0131l\u0131k #\u0130\u00e7erik #DestekOl #Ba\u011f\u0131ms\u0131zMedya<\/p>\n","protected":false},"excerpt":{"rendered":"<p>Haaretz&#8217;den Okuyucular\u0131na \u00d6nemli \u00c7a\u011fr\u0131: Y\u00fcksek Kaliteli Gazetecili\u011fe Destek Olun De\u011ferli okuyucular\u0131m\u0131z, Haaretz olarak, ba\u011f\u0131ms\u0131z ve y\u00fcksek kaliteli gazetecilik anlay\u0131\u015f\u0131m\u0131z\u0131 s\u00fcrd\u00fcrmek ad\u0131na \u00f6nemli bir duyuru ile kar\u015f\u0131n\u0131zday\u0131z. Sistemlerimiz, web sitemizi ziyaret eden baz\u0131 kullan\u0131c\u0131lar\u0131n reklam engelleyici yaz\u0131l\u0131mlar kulland\u0131\u011f\u0131n\u0131 tespit etmi\u015ftir. Bu durum, i\u00e7eriklerimizi sizlere \u00fccretsiz sunma ve gazetecilik faaliyetlerimizi finanse etme \u00e7abalar\u0131m\u0131z\u0131 olumsuz etkilemektedir. Haaretz&#8217;in derinlemesine [&hellip;]<\/p>\n","protected":false},"author":2,"featured_media":11226,"comment_status":"open","ping_status":"open","sticky":false,"template":"","format":"standard","meta":{"footnotes":""},"categories":[37],"tags":[],"class_list":["post-11225","post","type-post","status-publish","format-standard","has-post-thumbnail","hentry","category-orta-dogu-haberleri"],"_links":{"self":[{"href":"https:\/\/fajr.news\/index.php?rest_route=\/wp\/v2\/posts\/11225","targetHints":{"allow":["GET"]}}],"collection":[{"href":"https:\/\/fajr.news\/index.php?rest_route=\/wp\/v2\/posts"}],"about":[{"href":"https:\/\/fajr.news\/index.php?rest_route=\/wp\/v2\/types\/post"}],"author":[{"embeddable":true,"href":"https:\/\/fajr.news\/index.php?rest_route=\/wp\/v2\/users\/2"}],"replies":[{"embeddable":true,"href":"https:\/\/fajr.news\/index.php?rest_route=%2Fwp%2Fv2%2Fcomments&post=11225"}],"version-history":[{"count":0,"href":"https:\/\/fajr.news\/index.php?rest_route=\/wp\/v2\/posts\/11225\/revisions"}],"wp:featuredmedia":[{"embeddable":true,"href":"https:\/\/fajr.news\/index.php?rest_route=\/wp\/v2\/media\/11226"}],"wp:attachment":[{"href":"https:\/\/fajr.news\/index.php?rest_route=%2Fwp%2Fv2%2Fmedia&parent=11225"}],"wp:term":[{"taxonomy":"category","embeddable":true,"href":"https:\/\/fajr.news\/index.php?rest_route=%2Fwp%2Fv2%2Fcategories&post=11225"},{"taxonomy":"post_tag","embeddable":true,"href":"https:\/\/fajr.news\/index.php?rest_route=%2Fwp%2Fv2%2Ftags&post=11225"}],"curies":[{"name":"wp","href":"https:\/\/api.w.org\/{rel}","templated":true}]}}