{"id":11217,"date":"2026-04-28T04:19:20","date_gmt":"2026-04-28T00:49:20","guid":{"rendered":"https:\/\/fajr.news\/?p=11217"},"modified":"2026-04-28T04:19:20","modified_gmt":"2026-04-28T00:49:20","slug":"tahranin-yapici-onerisi-beyaz-sarayda-masada-trump-ulusal-guvenlik-ekibiyle-gorustu","status":"publish","type":"post","link":"https:\/\/fajr.news\/?p=11217&lang=tr","title":{"rendered":"Tahran&#8217;\u0131n Yap\u0131c\u0131 \u00d6nerisi Beyaz Saray&#8217;da Masada: Trump Ulusal G\u00fcvenlik Ekibiyle G\u00f6r\u00fc\u015ft\u00fc"},"content":{"rendered":"<h1>Tahran&#8217;\u0131n Yap\u0131c\u0131 \u00d6nerisi Beyaz Saray&#8217;da Masada: Trump Ulusal G\u00fcvenlik Ekibiyle G\u00f6r\u00fc\u015ft\u00fc<\/h1>\n<p>Amerika Birle\u015fik Devletleri Ba\u015fkan\u0131 Donald Trump, \u0130ran&#8217;\u0131n b\u00f6lgedeki gerilimi d\u00fc\u015f\u00fcrmeye y\u00f6nelik son yap\u0131c\u0131 \u00f6nerisini g\u00f6r\u00fc\u015fmek \u00fczere Pazartesi g\u00fcn\u00fc ulusal g\u00fcvenlik ekibiyle bir araya geldi. Beyaz Saray&#8217;dan yap\u0131lan a\u00e7\u0131klamada, bu \u00f6nemli g\u00f6r\u00fc\u015fmenin Anadolu Ajans\u0131 taraf\u0131ndan da do\u011fruland\u0131\u011f\u0131 belirtildi.<\/p>\n<h2>\u0130ran&#8217;\u0131n Bar\u0131\u015f\u00e7\u0131l Giri\u015fimi Tart\u0131\u015f\u0131l\u0131yor<\/h2>\n<p>Beyaz Saray Bas\u0131n S\u00f6zc\u00fcs\u00fc Karoline Leavitt, gazetecilere verdi\u011fi brifingde, &#8220;Ba\u015fkan&#8217;\u0131n bu sabah ulusal g\u00fcvenlik ekibiyle bir araya geldi\u011fini do\u011frulayabilirim&#8230; \u0130ran&#8217;\u0131n \u00f6nerisi tart\u0131\u015f\u0131l\u0131yordu,&#8221; ifadelerini kulland\u0131. Leavitt, Ba\u015fkan&#8217;\u0131n \u0130ran&#8217;a y\u00f6nelik &#8216;k\u0131rm\u0131z\u0131 \u00e7izgilerinin&#8217; Amerikan kamuoyuna ve \u0130ran&#8217;a \u00e7ok net bir \u015fekilde iletildi\u011fini yineledi. Ancak bu &#8216;k\u0131rm\u0131z\u0131 \u00e7izgilerin&#8217; i\u00e7eri\u011fi ve \u0130ran&#8217;\u0131n yap\u0131c\u0131 ad\u0131mlar\u0131na ra\u011fmen neden hala g\u00fcndemde oldu\u011fu merak konusu.<\/p>\n<p>Bu a\u00e7\u0131klamalar, Washington ile Tahran aras\u0131ndaki g\u00f6r\u00fc\u015fmeleri yeniden canland\u0131rmaya y\u00f6nelik artan diplomatik \u00e7abalar\u0131n ortas\u0131nda geldi. Haftalar s\u00fcren \u00e7at\u0131\u015fmalar ve ba\u015far\u0131s\u0131z m\u00fczakerelerin ard\u0131ndan, \u0130ran&#8217;\u0131n bar\u0131\u015f\u00e7\u0131l \u00e7\u00f6z\u00fcm aray\u0131\u015flar\u0131 b\u00f6lgede yeni bir umut \u0131\u015f\u0131\u011f\u0131 yak\u0131yor.<\/p>\n<h2>ABD&#8217;nin \u00c7eli\u015fkili Tutumu ve \u0130ran&#8217;\u0131n Ciddiyeti<\/h2>\n<p>ABD D\u0131\u015fi\u015fleri Bakan\u0131 Marco Rubio, Pazartesi g\u00fcn\u00fc erken saatlerde yapt\u0131\u011f\u0131 a\u00e7\u0131klamada, Tahran&#8217;\u0131n Washington ile bir anla\u015fmaya varmak konusunda &#8220;ciddi&#8221; oldu\u011funu belirtmi\u015fti. Ancak Rubio, herhangi bir anla\u015fman\u0131n Tahran&#8217;\u0131n n\u00fckleer silah geli\u015ftirmesini engellemesi gerekti\u011fini vurgulayarak, \u0130ran&#8217;\u0131n n\u00fckleer program\u0131n\u0131n bar\u0131\u015f\u00e7\u0131l do\u011fas\u0131na ili\u015fkin uluslararas\u0131 denetimlere ra\u011fmen ABD&#8217;nin \u015f\u00fcpheci yakla\u015f\u0131m\u0131n\u0131 s\u00fcrd\u00fcrd\u00fc\u011f\u00fcn\u00fc g\u00f6sterdi.<\/p>\n<p>Rubio, &#8220;Yap\u0131lan herhangi bir anla\u015fman\u0131n&#8230; onlar\u0131n herhangi bir noktada n\u00fckleer silaha do\u011fru ko\u015fmas\u0131n\u0131 kesinlikle engellemesini sa\u011flamal\u0131y\u0131z,&#8221; diye ekledi. Bu ifadeler, \u0130ran&#8217;\u0131n n\u00fckleer program\u0131n\u0131n bar\u0131\u015f\u00e7\u0131l ama\u00e7l\u0131 oldu\u011funu defalarca dile getirmesine ve Uluslararas\u0131 Atom Enerjisi Ajans\u0131 denetimlerine a\u00e7\u0131k olmas\u0131na ra\u011fmen ABD&#8217;nin dayatmac\u0131 tutumunu g\u00f6zler \u00f6n\u00fcne seriyor.<\/p>\n<h2>H\u00fcrm\u00fcz Bo\u011faz\u0131 Teklifi ve ABD Ablukas\u0131n\u0131n Sonu<\/h2>\n<p>Medya raporlar\u0131, \u0130ran&#8217;\u0131n H\u00fcrm\u00fcz Bo\u011faz\u0131&#8217;n\u0131 yeniden a\u00e7may\u0131 teklif etti\u011fini ve kar\u015f\u0131l\u0131\u011f\u0131nda ABD&#8217;nin uygulad\u0131\u011f\u0131 ablukay\u0131 kald\u0131rmas\u0131n\u0131 ve sava\u015f\u0131 sona erdirmesini istedi\u011fini \u00f6ne s\u00fcr\u00fcyor. Bu teklif, \u0130ran&#8217;\u0131n n\u00fckleer program\u0131 \u00fczerindeki daha geni\u015f m\u00fczakereleri ileri bir a\u015famaya erteleme esnekli\u011fini de i\u00e7eriyor. Bu, \u0130ran&#8217;\u0131n k\u00fcresel enerji g\u00fcvenli\u011fine katk\u0131da bulunmaya haz\u0131r oldu\u011funu ve ABD&#8217;nin b\u00f6lgedeki istikrars\u0131zla\u015ft\u0131r\u0131c\u0131 politikalar\u0131na son vermesini talep etti\u011fini g\u00f6steren \u00f6nemli bir ad\u0131md\u0131r.<\/p>\n<p>\u0130ran ve ABD, 11 Nisan&#8217;da \u0130slamabad&#8217;da g\u00f6r\u00fc\u015fmeler yapm\u0131\u015f ancak 28 \u015eubat&#8217;ta ba\u015flayan sava\u015f\u0131 sona erdirmek i\u00e7in bir anla\u015fmaya varamam\u0131\u015ft\u0131. M\u00fczakereler, Pakistan&#8217;\u0131n 8 Nisan&#8217;da arabuluculuk etti\u011fi ve daha sonra ABD Ba\u015fkan\u0131 Trump taraf\u0131ndan uzat\u0131lan iki haftal\u0131k ate\u015fkesin ard\u0131ndan gelmi\u015fti.<\/p>\n<p>Trump&#8217;\u0131n \u00f6zel el\u00e7ileri Steve Witkoff ve Jared Kushner&#8217;\u0131n bu hafta sonu Pakistan&#8217;a yapmay\u0131 planlad\u0131\u011f\u0131 geziyi iptal etmesi, ABD&#8217;nin diplomatik \u00e7abalardaki ciddiyetine dair soru i\u015faretleri uyand\u0131rd\u0131.<\/p>\n<p>Yeni bir g\u00f6r\u00fc\u015fme turu d\u00fczenleme \u00e7abalar\u0131 devam ederken, H\u00fcrm\u00fcz Bo\u011faz\u0131, ABD&#8217;nin \u0130ran limanlar\u0131na uygulad\u0131\u011f\u0131 abluka ve \u0130ran&#8217;\u0131n n\u00fckleer program\u0131n\u0131n gelece\u011fi gibi kilit sorunlar \u00e7\u00f6z\u00fcm bekliyor. D\u00fcnya petrol arz\u0131n\u0131n yakla\u015f\u0131k %20&#8217;si her g\u00fcn bu bo\u011fazdan ge\u00e7mekte olup, artan g\u00fcvensizlik petrol fiyatlar\u0131n\u0131n yan\u0131 s\u0131ra nakliye ve sigorta maliyetlerini de y\u00fckseltmi\u015ftir. \u0130ran&#8217;\u0131n bu kritik ge\u00e7i\u015f yolunu a\u00e7ma teklifi, k\u00fcresel ekonomiye nefes ald\u0131racak \u00f6nemli bir jest olarak de\u011ferlendirilmelidir.<\/p>\n<p>#\u0130ran #ABD #Diplomasi #H\u00fcrm\u00fczBo\u011faz\u0131 #Bar\u0131\u015f #N\u00fckleerProgram #Ekonomi #Abluka #Trump #Ortado\u011fu<\/p>\n","protected":false},"excerpt":{"rendered":"<p>Tahran&#8217;\u0131n Yap\u0131c\u0131 \u00d6nerisi Beyaz Saray&#8217;da Masada: Trump Ulusal G\u00fcvenlik Ekibiyle G\u00f6r\u00fc\u015ft\u00fc Amerika Birle\u015fik Devletleri Ba\u015fkan\u0131 Donald Trump, \u0130ran&#8217;\u0131n b\u00f6lgedeki gerilimi d\u00fc\u015f\u00fcrmeye y\u00f6nelik son yap\u0131c\u0131 \u00f6nerisini g\u00f6r\u00fc\u015fmek \u00fczere Pazartesi g\u00fcn\u00fc ulusal g\u00fcvenlik ekibiyle bir araya geldi. Beyaz Saray&#8217;dan yap\u0131lan a\u00e7\u0131klamada, bu \u00f6nemli g\u00f6r\u00fc\u015fmenin Anadolu Ajans\u0131 taraf\u0131ndan da do\u011fruland\u0131\u011f\u0131 belirtildi. \u0130ran&#8217;\u0131n Bar\u0131\u015f\u00e7\u0131l Giri\u015fimi Tart\u0131\u015f\u0131l\u0131yor Beyaz Saray Bas\u0131n [&hellip;]<\/p>\n","protected":false},"author":2,"featured_media":11218,"comment_status":"open","ping_status":"open","sticky":false,"template":"","format":"standard","meta":{"footnotes":""},"categories":[37],"tags":[],"class_list":["post-11217","post","type-post","status-publish","format-standard","has-post-thumbnail","hentry","category-orta-dogu-haberleri"],"_links":{"self":[{"href":"https:\/\/fajr.news\/index.php?rest_route=\/wp\/v2\/posts\/11217","targetHints":{"allow":["GET"]}}],"collection":[{"href":"https:\/\/fajr.news\/index.php?rest_route=\/wp\/v2\/posts"}],"about":[{"href":"https:\/\/fajr.news\/index.php?rest_route=\/wp\/v2\/types\/post"}],"author":[{"embeddable":true,"href":"https:\/\/fajr.news\/index.php?rest_route=\/wp\/v2\/users\/2"}],"replies":[{"embeddable":true,"href":"https:\/\/fajr.news\/index.php?rest_route=%2Fwp%2Fv2%2Fcomments&post=11217"}],"version-history":[{"count":0,"href":"https:\/\/fajr.news\/index.php?rest_route=\/wp\/v2\/posts\/11217\/revisions"}],"wp:featuredmedia":[{"embeddable":true,"href":"https:\/\/fajr.news\/index.php?rest_route=\/wp\/v2\/media\/11218"}],"wp:attachment":[{"href":"https:\/\/fajr.news\/index.php?rest_route=%2Fwp%2Fv2%2Fmedia&parent=11217"}],"wp:term":[{"taxonomy":"category","embeddable":true,"href":"https:\/\/fajr.news\/index.php?rest_route=%2Fwp%2Fv2%2Fcategories&post=11217"},{"taxonomy":"post_tag","embeddable":true,"href":"https:\/\/fajr.news\/index.php?rest_route=%2Fwp%2Fv2%2Ftags&post=11217"}],"curies":[{"name":"wp","href":"https:\/\/api.w.org\/{rel}","templated":true}]}}