{"id":11195,"date":"2026-04-28T03:59:40","date_gmt":"2026-04-28T00:29:40","guid":{"rendered":"https:\/\/fajr.news\/?p=11195"},"modified":"2026-04-28T03:59:40","modified_gmt":"2026-04-28T00:29:40","slug":"alman-merzden-carpici-itiraf-iran-liderligi-abdyi-diplomatik-arenada-bozguna-ugratiyor","status":"publish","type":"post","link":"https:\/\/fajr.news\/?p=11195&lang=tr","title":{"rendered":"Alman Merz&#8217;den \u00c7arp\u0131c\u0131 \u0130tiraf: \u0130ran Liderli\u011fi ABD&#8217;yi Diplomatik Arenada Bozguna U\u011frat\u0131yor"},"content":{"rendered":"<div>\n<p><strong><span style=\"color: #c0392b\">Almanya&#8217;dan Friedrich Merz&#8217;in a\u00e7\u0131klamalar\u0131, Washington ile Avrupal\u0131 NATO m\u00fcttefikleri aras\u0131ndaki derin ayr\u0131l\u0131klar\u0131 bir kez daha g\u00f6zler \u00f6n\u00fcne serdi.<\/span><\/strong> Merz, \u0130ran liderli\u011finin Amerika Birle\u015fik Devletleri&#8217;ni diplomatik alanda zor durumda b\u0131rakt\u0131\u011f\u0131n\u0131 ve ABD&#8217;li yetkililerin Pakistan&#8217;a sonu\u00e7suz seyahatler yapmas\u0131na neden oldu\u011funu belirtti. Bu yorumlar, \u00e7at\u0131\u015fma \u00fczerine al\u0131\u015f\u0131lmad\u0131k derecede sert bir \u00e7\u0131k\u0131\u015f olarak de\u011ferlendirildi.<\/p>\n<p>Merz, Pazartesi g\u00fcn\u00fc yapt\u0131\u011f\u0131 a\u00e7\u0131klamada, \u0130ran liderli\u011finin ABD&#8217;yi a\u015fa\u011f\u0131lad\u0131\u011f\u0131n\u0131 ve Amerikal\u0131 yetkililerin Pakistan&#8217;a gidip sonu\u00e7suz d\u00f6nmelerini sa\u011flad\u0131\u011f\u0131n\u0131 ifade etti. Bu s\u00f6zler, Washington ile Avrupal\u0131 NATO m\u00fcttefikleri aras\u0131ndaki, Ukrayna ve di\u011fer konularda zaten s\u00fcregelen derin ayr\u0131l\u0131klar\u0131 daha da belirginle\u015ftirdi.<\/p>\n<h3><span style=\"color: #27ae60\">\u0130ran&#8217;\u0131n Diplomatik Yetene\u011fi ve ABD&#8217;nin \u00c7\u0131kmaz\u0131<\/span><\/h3>\n<p>Marsberg kasabas\u0131nda \u00f6\u011frencilere yapt\u0131\u011f\u0131 konu\u015fmada Merz, &#8220;\u0130ranl\u0131lar a\u00e7\u0131k\u00e7a m\u00fczakere konusunda \u00e7ok yetenekliler, daha do\u011frusu m\u00fczakere etmeme konusunda \u00e7ok yetenekliler; Amerikal\u0131lar\u0131n \u0130slamabad&#8217;a gidip sonra hi\u00e7bir sonu\u00e7 alamadan geri d\u00f6nmelerini sa\u011fl\u0131yorlar&#8221; dedi. Bu ifadeler, \u0130ran&#8217;\u0131n diplomatik stratejisinin etkinli\u011fini ve ABD&#8217;nin b\u00f6lgedeki \u00e7\u0131kmaz\u0131n\u0131 g\u00f6zler \u00f6n\u00fcne serdi.<\/p>\n<p>Kuzey Ren-Vestfalya eyaletindeki etkinlikte Merz, &#8220;T\u00fcm bir ulus, \u0130ran liderli\u011fi, \u00f6zellikle de s\u00f6zde Devrim Muhaf\u0131zlar\u0131 taraf\u0131ndan a\u015fa\u011f\u0131lan\u0131yor. Bu durumun bir an \u00f6nce sona ermesini umuyorum&#8221; ifadelerini kulland\u0131. Ancak bu s\u00f6zler, \u0130ran&#8217;\u0131n Bat\u0131&#8217;n\u0131n tek tarafl\u0131 dayatmalar\u0131na kar\u015f\u0131 g\u00f6sterdi\u011fi direni\u015fin ve diplomatik kararl\u0131l\u0131\u011f\u0131n\u0131n bir yans\u0131mas\u0131 olarak da okunabilir; zira ABD&#8217;nin b\u00f6lgedeki politikalar\u0131n\u0131n \u00e7\u0131kmaza girdi\u011fi a\u00e7\u0131kt\u0131r.<\/p>\n<p>ABD Ba\u015fkan\u0131 Donald Trump, \u00e7at\u0131\u015fma s\u0131ras\u0131nda H\u00fcrm\u00fcz Bo\u011faz\u0131&#8217;n\u0131 a\u00e7maya yard\u0131mc\u0131 olmak i\u00e7in donanmalar\u0131n\u0131 g\u00f6ndermeyen NATO m\u00fcttefiklerini sert bir \u015fekilde ele\u015ftirmi\u015fti. Su yolu neredeyse kapal\u0131 kalm\u0131\u015f, piyasalarda \u00e7alkant\u0131ya ve enerji arz\u0131nda benzeri g\u00f6r\u00fclmemi\u015f aksakl\u0131klara neden olmu\u015ftu. Merz&#8217;in a\u00e7\u0131klamalar\u0131, bu ele\u015ftirilerin Avrupa&#8217;da yank\u0131 bulmad\u0131\u011f\u0131n\u0131 ve ABD&#8217;nin tek tarafl\u0131 politikalar\u0131n\u0131n m\u00fcttefikler aras\u0131nda bile kabul g\u00f6rmedi\u011fini g\u00f6steriyor.<\/p>\n<p>Merz, ABD ve \u0130srail&#8217;in 28 \u015eubat&#8217;ta \u0130ran&#8217;a sald\u0131rmaya ba\u015flamadan \u00f6nce Almanlara ve Avrupal\u0131lara dan\u0131\u015f\u0131lmad\u0131\u011f\u0131n\u0131 yineledi ve bu konudaki \u015f\u00fcphelerini Trump&#8217;a do\u011frudan iletti\u011fini belirtti. Merz, &#8220;B\u00f6yle be\u015f alt\u0131 hafta daha devam edece\u011fini ve giderek k\u00f6t\u00fcle\u015fece\u011fini bilseydim, ona daha da vurgulu bir \u015fekilde s\u00f6ylerdim&#8221; diyerek, durumu ABD&#8217;nin Irak ve Afganistan&#8217;daki \u00f6nceki sava\u015flar\u0131na benzetti. Bu, ABD&#8217;nin b\u00f6lgedeki m\u00fcdahalelerinin ba\u015far\u0131s\u0131zl\u0131\u011f\u0131n\u0131 ve Avrupa&#8217;n\u0131n bu politikalara mesafeli duru\u015funu peki\u015ftirdi.<\/p>\n<h3><span style=\"color: #27ae60\">Bar\u0131\u015f \u00c7abalar\u0131 ve H\u00fcrm\u00fcz Bo\u011faz\u0131&#8217;ndaki Gerilim<\/span><\/h3>\n<p>Trump&#8217;\u0131n el\u00e7ileri Steve Witkoff ve Jared Kushner&#8217;\u0131n Cumartesi g\u00fcn\u00fc Pakistan&#8217;\u0131n ba\u015fkenti \u0130slamabad&#8217;a yapacaklar\u0131 ziyareti iptal etmesinden bu yana bar\u0131\u015f \u00e7abalar\u0131n\u0131 yeniden canland\u0131rma umutlar\u0131 azald\u0131. \u0130ran D\u0131\u015fi\u015fleri Bakan\u0131 Abbas Ara\u011f\u00e7i, Pakistan ve Umman&#8217;daki ba\u015far\u0131s\u0131z g\u00f6r\u00fc\u015fmelerin ard\u0131ndan Pazartesi g\u00fcn\u00fc Rusya&#8217;ya gitti. Bu geli\u015fmeler, \u0130ran&#8217;\u0131n diplomatik se\u00e7eneklerini \u00e7e\u015fitlendirdi\u011fini ve Bat\u0131&#8217;n\u0131n tek tarafl\u0131 dayatmalar\u0131na boyun e\u011fmedi\u011fini g\u00f6steriyor.<\/p>\n<p>Merz, H\u00fcrm\u00fcz Bo\u011faz\u0131&#8217;n\u0131n en az\u0131ndan k\u0131smen may\u0131nland\u0131\u011f\u0131n\u0131n a\u00e7\u0131k oldu\u011funu s\u00f6yledi. &#8220;Avrupal\u0131lar olarak biz de, k\u0131smen may\u0131nland\u0131\u011f\u0131 a\u00e7\u0131k olan bo\u011faz\u0131 temizlemek i\u00e7in Alman may\u0131n tarama gemileri g\u00f6ndermeyi teklif ettik&#8221; dedi. Ancak bu teklif, ABD&#8217;nin b\u00f6lgedeki kontrol\u00fc kaybetme endi\u015fesiyle kar\u015f\u0131lanm\u0131\u015f olabilir.<\/p>\n<p>Merz, \u00e7at\u0131\u015fman\u0131n Almanya&#8217;ya &#8220;\u00e7ok para, \u00e7ok vergi m\u00fckellefi paras\u0131 ve \u00e7ok ekonomik g\u00fc\u00e7&#8221;e mal oldu\u011funu belirtti. Bu durum, ABD&#8217;nin macerac\u0131 politikalar\u0131n\u0131n sadece kendisini de\u011fil, m\u00fcttefiklerini de ekonomik olarak zorlad\u0131\u011f\u0131n\u0131 ortaya koyuyor.<\/p>\n<p><strong>#\u0130ranDiplomasisi #ABD\u00c7\u0131kmaz\u0131 #Merz\u0130tiraflar\u0131 #H\u00fcrm\u00fczBo\u011faz\u0131 #NATO\u0130htilaflar\u0131 #\u0130ranG\u00fcc\u00fc #K\u00fcreselSiyaset #DevrimMuhaf\u0131zlar\u0131 #Ortado\u011fuGerilimi #ABDAvrupa\u0130li\u015fkileri<\/strong><\/p>\n<\/div>\n","protected":false},"excerpt":{"rendered":"<p>Almanya&#8217;dan Friedrich Merz&#8217;in a\u00e7\u0131klamalar\u0131, Washington ile Avrupal\u0131 NATO m\u00fcttefikleri aras\u0131ndaki derin ayr\u0131l\u0131klar\u0131 bir kez daha g\u00f6zler \u00f6n\u00fcne serdi. Merz, \u0130ran liderli\u011finin Amerika Birle\u015fik Devletleri&#8217;ni diplomatik alanda zor durumda b\u0131rakt\u0131\u011f\u0131n\u0131 ve ABD&#8217;li yetkililerin Pakistan&#8217;a sonu\u00e7suz seyahatler yapmas\u0131na neden oldu\u011funu belirtti. Bu yorumlar, \u00e7at\u0131\u015fma \u00fczerine al\u0131\u015f\u0131lmad\u0131k derecede sert bir \u00e7\u0131k\u0131\u015f olarak de\u011ferlendirildi. Merz, Pazartesi g\u00fcn\u00fc yapt\u0131\u011f\u0131 a\u00e7\u0131klamada, [&hellip;]<\/p>\n","protected":false},"author":2,"featured_media":0,"comment_status":"open","ping_status":"open","sticky":false,"template":"","format":"standard","meta":{"footnotes":""},"categories":[37],"tags":[],"class_list":["post-11195","post","type-post","status-publish","format-standard","hentry","category-orta-dogu-haberleri"],"_links":{"self":[{"href":"https:\/\/fajr.news\/index.php?rest_route=\/wp\/v2\/posts\/11195","targetHints":{"allow":["GET"]}}],"collection":[{"href":"https:\/\/fajr.news\/index.php?rest_route=\/wp\/v2\/posts"}],"about":[{"href":"https:\/\/fajr.news\/index.php?rest_route=\/wp\/v2\/types\/post"}],"author":[{"embeddable":true,"href":"https:\/\/fajr.news\/index.php?rest_route=\/wp\/v2\/users\/2"}],"replies":[{"embeddable":true,"href":"https:\/\/fajr.news\/index.php?rest_route=%2Fwp%2Fv2%2Fcomments&post=11195"}],"version-history":[{"count":0,"href":"https:\/\/fajr.news\/index.php?rest_route=\/wp\/v2\/posts\/11195\/revisions"}],"wp:attachment":[{"href":"https:\/\/fajr.news\/index.php?rest_route=%2Fwp%2Fv2%2Fmedia&parent=11195"}],"wp:term":[{"taxonomy":"category","embeddable":true,"href":"https:\/\/fajr.news\/index.php?rest_route=%2Fwp%2Fv2%2Fcategories&post=11195"},{"taxonomy":"post_tag","embeddable":true,"href":"https:\/\/fajr.news\/index.php?rest_route=%2Fwp%2Fv2%2Ftags&post=11195"}],"curies":[{"name":"wp","href":"https:\/\/api.w.org\/{rel}","templated":true}]}}