{"id":11189,"date":"2026-04-28T03:48:50","date_gmt":"2026-04-28T00:18:50","guid":{"rendered":"https:\/\/fajr.news\/?p=11189"},"modified":"2026-04-28T03:48:50","modified_gmt":"2026-04-28T00:18:50","slug":"suudi-arabistan-2025te-orta-dogu-turizm-patlamasina-onculuk-ediyor-kuresel-buyumeyi-geride-birakiyor","status":"publish","type":"post","link":"https:\/\/fajr.news\/?p=11189&lang=tr","title":{"rendered":"Suudi Arabistan 2025&#8217;te Orta Do\u011fu Turizm Patlamas\u0131na \u00d6nc\u00fcl\u00fck Ediyor, K\u00fcresel B\u00fcy\u00fcmeyi Geride B\u0131rak\u0131yor"},"content":{"rendered":"<p>D\u00fcnya Seyahat ve Turizm Konseyi&#8217;ne (WTTC) g\u00f6re, Orta Do\u011fu&#8217;nun seyahat ve turizm sekt\u00f6r\u00fc 2025 y\u0131l\u0131nda \u00f6nemli bir b\u00fcy\u00fcme kaydetti. B\u00f6lgeye Suudi Arabistan liderlik ederken, hem GSY\u0130H katk\u0131s\u0131 hem de uluslararas\u0131 ziyaret\u00e7i harcamalar\u0131nda k\u00fcresel ortalamalar\u0131 geride b\u0131rakt\u0131.<\/p>\n<p>**B\u00f6lgesel Turizm B\u00fcy\u00fcmesi K\u00fcresel Ortalamay\u0131 A\u015ft\u0131**<\/p>\n<p>WTTC raporlar\u0131na g\u00f6re, Orta Do\u011fu&#8217;nun seyahat ve turizm sekt\u00f6r\u00fc 2025&#8217;te %5,3 oran\u0131nda geni\u015fleyerek k\u00fcresel ortalama olan %4,1&#8217;i geride b\u0131rakt\u0131. Bu e\u011filim, b\u00f6lgenin k\u00fcresel turizm pazar\u0131ndaki \u00f6nemli konumunu vurgulamaktad\u0131r. WTTC&#8217;nin Ekonomik Etki Ara\u015ft\u0131rmas\u0131 (EIR), Orta Do\u011fu&#8217;nun uluslararas\u0131 ziyaret\u00e7i harcamalar\u0131, yurt i\u00e7i seyahat ve i\u015f seyahati dahil olmak \u00fczere bir\u00e7ok temel g\u00f6stergede g\u00fc\u00e7l\u00fc bir performans sergiledi\u011fini ortaya koyuyor.<\/p>\n<p>2025 y\u0131l\u0131nda sekt\u00f6r, b\u00f6lgenin GSY\u0130H&#8217;sine 385,8 milyar dolar katk\u0131da bulunarak 7,1 milyon ki\u015fiye istihdam sa\u011flad\u0131. Uluslararas\u0131 ziyaret\u00e7i harcamalar\u0131 %5,2 art\u0131\u015f g\u00f6sterdi ki bu, k\u00fcresel ortalama olan %3,2&#8217;nin \u00fczerindedir. Bu rakamlar, b\u00f6lgeye y\u00f6nelik g\u00fc\u00e7l\u00fc seyahat talebini ve geli\u015fmi\u015f k\u00fcresel ba\u011flant\u0131y\u0131 yans\u0131tmaktad\u0131r.<\/p>\n<p>**Suudi Arabistan&#8217;\u0131n B\u00f6lgesel Dinamikteki Rol\u00fc**<\/p>\n<p>Suudi Arabistan, Orta Do\u011fu&#8217;nun turizm b\u00fcy\u00fcmesinin merkezinde yer almaya devam ediyor. Krall\u0131k, seyahat ve turizmden elde edilen GSY\u0130H&#8217;de 178 milyar dolar ile b\u00f6lgenin toplam sekt\u00f6r \u00e7\u0131kt\u0131s\u0131n\u0131n %46&#8217;s\u0131n\u0131 olu\u015fturdu. Suudi Arabistan&#8217;\u0131n seyahat ve turizm GSY\u0130H&#8217;si 2025&#8217;te %7,4 b\u00fcy\u00fcyerek k\u00fcresel sekt\u00f6r b\u00fcy\u00fcme oran\u0131n\u0131n neredeyse iki kat\u0131na ve Orta Do\u011fu b\u00f6lgesel ortalamas\u0131n\u0131n yakla\u015f\u0131k %40 \u00fczerine \u00e7\u0131kt\u0131.<\/p>\n<p>Suudi Arabistan&#8217;daki uluslararas\u0131 ziyaret\u00e7i harcamalar\u0131 %8,2 artarak k\u00fcresel ortalaman\u0131n \u00f6nemli \u00f6l\u00e7\u00fcde \u00fczerine \u00e7\u0131kt\u0131. Krall\u0131k&#8217;taki i\u015f seyahati harcamalar\u0131 %55&#8217;in \u00fczerinde artarak, \u00fclkenin i\u015f, etkinlik ve yat\u0131r\u0131m merkezi olarak artan stat\u00fcs\u00fcn\u00fc peki\u015ftirdi. Bu rakamlar, Suudi Arabistan&#8217;\u0131n sadece daha fazla e\u011flence turisti \u00e7ekmekle kalmay\u0131p, ayn\u0131 zamanda b\u00f6lgede i\u015f seyahatleri i\u00e7in de bir odak noktas\u0131 haline geldi\u011fini g\u00f6steriyor.<\/p>\n<p>**Di\u011fer B\u00f6lgesel Pazarlar\u0131n Performans\u0131**<\/p>\n<p>Di\u011fer Orta Do\u011fu pazarlar\u0131 da kayda de\u011fer bir b\u00fcy\u00fcme sergiledi. Birle\u015fik Arap Emirlikleri&#8217;nin seyahat ve turizm sekt\u00f6r\u00fc 2025&#8217;te 68,5 milyar dolarl\u0131k GSY\u0130H&#8217;ye ula\u015f\u0131rken, uluslararas\u0131 ziyaret\u00e7i harcamalar\u0131 56,9 milyar dolar oldu. \u00dcrd\u00fcn, seyahat ve turizm GSY\u0130H&#8217;sinde %5,5 b\u00fcy\u00fcme ya\u015farken, uluslararas\u0131 ziyaret\u00e7i harcamalar\u0131 8,5 milyar dolara ula\u015ft\u0131. Umman da sekt\u00f6r GSY\u0130H&#8217;sinde %5,5&#8217;lik bir art\u0131\u015f ve 4,0 milyar dolarl\u0131k uluslararas\u0131 ziyaret\u00e7i harcamas\u0131 kaydetti. Bu say\u0131lar, K\u00f6rfez \u0130\u015fbirli\u011fi Konseyi (K\u0130K) ve b\u00f6lgesel pazarlarda devam eden ivmeyi g\u00f6stermektedir.<\/p>\n<p>**B\u00fcy\u00fcmenin Lokomotifi Olarak \u0130\u015f Seyahati**<\/p>\n<p>Orta Do\u011fu genelinde i\u015f seyahati, sekt\u00f6r b\u00fcy\u00fcmesine \u00f6nemli bir katk\u0131 sa\u011flamaktad\u0131r. \u0130\u015f seyahati harcamalar\u0131 2025&#8217;te %23 artarak en h\u0131zl\u0131 b\u00fcy\u00fcyen segmentlerden biri oldu. \u0130\u015f seyahatindeki art\u0131\u015f, y\u00fcz y\u00fcze toplant\u0131lara olan talebin artmas\u0131na ve b\u00f6lgenin b\u00fcy\u00fck uluslararas\u0131 etkinliklere, konferanslara ve yat\u0131r\u0131m faaliyetlerine ev sahipli\u011fi yapma rol\u00fcn\u00fcn geni\u015flemesine ba\u011flanmaktad\u0131r.<\/p>\n<p>**Gelecek Beklentileri ve Uzun Vadeli Stratejiler**<\/p>\n<p>Son b\u00f6lgesel zorluklara ra\u011fmen, Orta Do\u011fu&#8217;nun seyahat ve turizm sekt\u00f6r\u00fc dayan\u0131kl\u0131l\u0131k g\u00f6stermi\u015ftir. WTTC, b\u00fcy\u00fcmenin s\u00fcrd\u00fcr\u00fclmesi i\u00e7in altyap\u0131, ba\u011flant\u0131 ve destinasyon geli\u015ftirmeye s\u00fcrekli yat\u0131r\u0131m\u0131n kritik olaca\u011f\u0131n\u0131 belirtiyor. Y\u00fcksek de\u011ferli seyahat ve i\u015f turizmine odaklanman\u0131n yan\u0131 s\u0131ra kamu-\u00f6zel sekt\u00f6r i\u015fbirli\u011finin g\u00fc\u00e7lendirilmesi, ziyaret\u00e7i harcamalar\u0131n\u0131, istihdam yaratmay\u0131 ve uzun vadeli ekonomik b\u00fcy\u00fcmeyi art\u0131rmak i\u00e7in temel stratejiler olarak tan\u0131mlanm\u0131\u015ft\u0131r.<\/p>\n<p>WTTC&#8217;nin ara\u015ft\u0131rmas\u0131, Suudi Arabistan liderli\u011findeki Orta Do\u011fu&#8217;nun, s\u00fcrd\u00fcr\u00fclebilir yat\u0131r\u0131m ve stratejik geli\u015fime odaklanarak seyahat ve turizmdeki y\u00fckseli\u015fini s\u00fcrd\u00fcrmeye haz\u0131r oldu\u011funu sonucuna varmaktad\u0131r. Sekt\u00f6r\u00fcn, b\u00f6lge genelinde ekonomik b\u00fcy\u00fcmenin ve uluslararas\u0131 ba\u011flant\u0131n\u0131n \u00f6nemli bir itici g\u00fcc\u00fc olmaya devam etmesi bekleniyor.<\/p>\n<p>#OrtaDo\u011fuTurizmi #SuudiArabistanTurizm #WTTC #SeyahatVeTurizm #EkonomikB\u00fcy\u00fcme #\u0130\u015fSeyahati #K\u00f6rfez\u00dclkeleri #TurizmYat\u0131r\u0131mlar\u0131 #K\u00fcreselTurizm #2025Turizm<\/p>\n","protected":false},"excerpt":{"rendered":"<p>D\u00fcnya Seyahat ve Turizm Konseyi&#8217;ne (WTTC) g\u00f6re, Orta Do\u011fu&#8217;nun seyahat ve turizm sekt\u00f6r\u00fc 2025 y\u0131l\u0131nda \u00f6nemli bir b\u00fcy\u00fcme kaydetti. B\u00f6lgeye Suudi Arabistan liderlik ederken, hem GSY\u0130H katk\u0131s\u0131 hem de uluslararas\u0131 ziyaret\u00e7i harcamalar\u0131nda k\u00fcresel ortalamalar\u0131 geride b\u0131rakt\u0131. **B\u00f6lgesel Turizm B\u00fcy\u00fcmesi K\u00fcresel Ortalamay\u0131 A\u015ft\u0131** WTTC raporlar\u0131na g\u00f6re, Orta Do\u011fu&#8217;nun seyahat ve turizm sekt\u00f6r\u00fc 2025&#8217;te %5,3 oran\u0131nda geni\u015fleyerek [&hellip;]<\/p>\n","protected":false},"author":2,"featured_media":11190,"comment_status":"open","ping_status":"open","sticky":false,"template":"","format":"standard","meta":{"footnotes":""},"categories":[37],"tags":[],"class_list":["post-11189","post","type-post","status-publish","format-standard","has-post-thumbnail","hentry","category-orta-dogu-haberleri"],"_links":{"self":[{"href":"https:\/\/fajr.news\/index.php?rest_route=\/wp\/v2\/posts\/11189","targetHints":{"allow":["GET"]}}],"collection":[{"href":"https:\/\/fajr.news\/index.php?rest_route=\/wp\/v2\/posts"}],"about":[{"href":"https:\/\/fajr.news\/index.php?rest_route=\/wp\/v2\/types\/post"}],"author":[{"embeddable":true,"href":"https:\/\/fajr.news\/index.php?rest_route=\/wp\/v2\/users\/2"}],"replies":[{"embeddable":true,"href":"https:\/\/fajr.news\/index.php?rest_route=%2Fwp%2Fv2%2Fcomments&post=11189"}],"version-history":[{"count":0,"href":"https:\/\/fajr.news\/index.php?rest_route=\/wp\/v2\/posts\/11189\/revisions"}],"wp:featuredmedia":[{"embeddable":true,"href":"https:\/\/fajr.news\/index.php?rest_route=\/wp\/v2\/media\/11190"}],"wp:attachment":[{"href":"https:\/\/fajr.news\/index.php?rest_route=%2Fwp%2Fv2%2Fmedia&parent=11189"}],"wp:term":[{"taxonomy":"category","embeddable":true,"href":"https:\/\/fajr.news\/index.php?rest_route=%2Fwp%2Fv2%2Fcategories&post=11189"},{"taxonomy":"post_tag","embeddable":true,"href":"https:\/\/fajr.news\/index.php?rest_route=%2Fwp%2Fv2%2Ftags&post=11189"}],"curies":[{"name":"wp","href":"https:\/\/api.w.org\/{rel}","templated":true}]}}