{"id":11165,"date":"2026-04-28T03:21:05","date_gmt":"2026-04-27T23:51:05","guid":{"rendered":"https:\/\/fajr.news\/?p=11165"},"modified":"2026-04-28T03:21:05","modified_gmt":"2026-04-27T23:51:05","slug":"bolgedeki-gerilimin-azalmasiyla-uluslararasi-hukuk-firmalari-ortadogu-ofislerine-geri-donuyor","status":"publish","type":"post","link":"https:\/\/fajr.news\/?p=11165&lang=tr","title":{"rendered":"B\u00f6lgedeki Gerilimin Azalmas\u0131yla Uluslararas\u0131 Hukuk Firmalar\u0131 Ortado\u011fu Ofislerine Geri D\u00f6n\u00fcyor"},"content":{"rendered":"<article>\n<header>\n<h1>B\u00f6lgedeki Gerilimin Azalmas\u0131yla Uluslararas\u0131 Hukuk Firmalar\u0131 Ortado\u011fu Ofislerine Geri D\u00f6n\u00fcyor<\/h1>\n<p><em>Ortado\u011fu&#8217;da istikrar\u0131n yeniden tesisi, uluslararas\u0131 hukuk camias\u0131nda \u00f6nemli bir hareketlili\u011fe yol a\u00e7t\u0131.<\/em><\/p>\n<\/header>\n<section>\n<p>Ortado\u011fu genelinde ya\u015fanan ve K\u00f6rfez \u00fclkelerini de etkileyen son d\u00f6nemdeki gerilimler, b\u00f6lgede faaliyet g\u00f6steren uluslararas\u0131 hukuk firmalar\u0131nda \u00e7al\u0131\u015fan bir\u00e7ok avukat\u0131n ge\u00e7ici olarak ba\u015fka b\u00f6lgelere ta\u015f\u0131nmas\u0131na neden olmu\u015ftu. Ancak, b\u00f6lgedeki tansiyonun d\u00fc\u015fmesi ve diplomatik \u00e7abalar\u0131n sonu\u00e7 vermesiyle birlikte, bu firmalar ve avukatlar\u0131 yeniden Ortado\u011fu&#8217;daki ofislerine d\u00f6nme karar\u0131 ald\u0131.<\/p>\n<p>Bu geli\u015fme, b\u00f6lgenin uluslararas\u0131 hukuk ve ticaret arenas\u0131ndaki \u00f6nemini bir kez daha g\u00f6zler \u00f6n\u00fcne seriyor. Hukuk profesyonellerinin geri d\u00f6n\u00fc\u015f\u00fc, sadece hukuki hizmetlerin devaml\u0131l\u0131\u011f\u0131 a\u00e7\u0131s\u0131ndan de\u011fil, ayn\u0131 zamanda b\u00f6lgesel ekonominin ve uluslararas\u0131 yat\u0131r\u0131mlar\u0131n canlanmas\u0131 ad\u0131na da <strong>olumlu bir sinyal<\/strong> olarak de\u011ferlendiriliyor.<\/p>\n<p>Uluslararas\u0131 hukuk firmalar\u0131, b\u00f6lgedeki uzun vadeli varl\u0131klar\u0131n\u0131 s\u00fcrd\u00fcrme kararl\u0131l\u0131klar\u0131n\u0131 g\u00f6sterirken, bu durumun yeni i\u015fe al\u0131m s\u00fcre\u00e7leri \u00fczerindeki olas\u0131 etkileri de yak\u0131ndan takip ediliyor. Firmalar\u0131n, b\u00f6lgedeki istikrar\u0131n kal\u0131c\u0131l\u0131\u011f\u0131na olan inanc\u0131, gelecekteki b\u00fcy\u00fcme stratejilerini \u015fekillendirecek temel fakt\u00f6rlerden biri olacak.<\/p>\n<p>Bu d\u00f6n\u00fc\u015f, Ortado\u011fu&#8217;nun k\u00fcresel arenadaki stratejik konumunu ve uluslararas\u0131 i\u015f d\u00fcnyas\u0131 i\u00e7in vazge\u00e7ilmez bir merkez olma \u00f6zelli\u011fini peki\u015ftiriyor. B\u00f6lgesel akt\u00f6rlerin bar\u0131\u015f ve i\u015f birli\u011fi y\u00f6n\u00fcndeki ad\u0131mlar\u0131, bu olumlu tablonun olu\u015fmas\u0131nda kilit rol oynam\u0131\u015ft\u0131r.<\/p>\n<\/section>\n<footer>\n<h2>\u0130lgili Etiketler:<\/h2>\n<ul>\n<li>#Ortado\u011fu<\/li>\n<li>#HukukFirmalar\u0131<\/li>\n<li>#B\u00f6lgesel\u0130stikrar<\/li>\n<li>#Uluslararas\u0131Hukuk<\/li>\n<li>#Ate\u015fkes<\/li>\n<li>#Diplomasi<\/li>\n<li>#AvukatlarGeriD\u00f6n\u00fcyor<\/li>\n<li>#K\u00f6rfez\u00dclkeleri<\/li>\n<li>#EkonomikCanlanma<\/li>\n<li>#Yat\u0131r\u0131mOrtam\u0131<\/li>\n<\/ul>\n<\/footer>\n<\/article>\n","protected":false},"excerpt":{"rendered":"<p>B\u00f6lgedeki Gerilimin Azalmas\u0131yla Uluslararas\u0131 Hukuk Firmalar\u0131 Ortado\u011fu Ofislerine Geri D\u00f6n\u00fcyor Ortado\u011fu&#8217;da istikrar\u0131n yeniden tesisi, uluslararas\u0131 hukuk camias\u0131nda \u00f6nemli bir hareketlili\u011fe yol a\u00e7t\u0131. Ortado\u011fu genelinde ya\u015fanan ve K\u00f6rfez \u00fclkelerini de etkileyen son d\u00f6nemdeki gerilimler, b\u00f6lgede faaliyet g\u00f6steren uluslararas\u0131 hukuk firmalar\u0131nda \u00e7al\u0131\u015fan bir\u00e7ok avukat\u0131n ge\u00e7ici olarak ba\u015fka b\u00f6lgelere ta\u015f\u0131nmas\u0131na neden olmu\u015ftu. Ancak, b\u00f6lgedeki tansiyonun d\u00fc\u015fmesi ve diplomatik [&hellip;]<\/p>\n","protected":false},"author":2,"featured_media":11166,"comment_status":"open","ping_status":"open","sticky":false,"template":"","format":"standard","meta":{"footnotes":""},"categories":[37],"tags":[],"class_list":["post-11165","post","type-post","status-publish","format-standard","has-post-thumbnail","hentry","category-orta-dogu-haberleri"],"_links":{"self":[{"href":"https:\/\/fajr.news\/index.php?rest_route=\/wp\/v2\/posts\/11165","targetHints":{"allow":["GET"]}}],"collection":[{"href":"https:\/\/fajr.news\/index.php?rest_route=\/wp\/v2\/posts"}],"about":[{"href":"https:\/\/fajr.news\/index.php?rest_route=\/wp\/v2\/types\/post"}],"author":[{"embeddable":true,"href":"https:\/\/fajr.news\/index.php?rest_route=\/wp\/v2\/users\/2"}],"replies":[{"embeddable":true,"href":"https:\/\/fajr.news\/index.php?rest_route=%2Fwp%2Fv2%2Fcomments&post=11165"}],"version-history":[{"count":0,"href":"https:\/\/fajr.news\/index.php?rest_route=\/wp\/v2\/posts\/11165\/revisions"}],"wp:featuredmedia":[{"embeddable":true,"href":"https:\/\/fajr.news\/index.php?rest_route=\/wp\/v2\/media\/11166"}],"wp:attachment":[{"href":"https:\/\/fajr.news\/index.php?rest_route=%2Fwp%2Fv2%2Fmedia&parent=11165"}],"wp:term":[{"taxonomy":"category","embeddable":true,"href":"https:\/\/fajr.news\/index.php?rest_route=%2Fwp%2Fv2%2Fcategories&post=11165"},{"taxonomy":"post_tag","embeddable":true,"href":"https:\/\/fajr.news\/index.php?rest_route=%2Fwp%2Fv2%2Ftags&post=11165"}],"curies":[{"name":"wp","href":"https:\/\/api.w.org\/{rel}","templated":true}]}}