{"id":11143,"date":"2026-04-28T02:59:22","date_gmt":"2026-04-27T23:29:22","guid":{"rendered":"https:\/\/fajr.news\/?p=11143"},"modified":"2026-04-28T02:59:22","modified_gmt":"2026-04-27T23:29:22","slug":"ortadoguda-savas-son-gelismeler","status":"publish","type":"post","link":"https:\/\/fajr.news\/?p=11143&lang=tr","title":{"rendered":"Ortado\u011fu&#8217;da Sava\u015f: Son Geli\u015fmeler"},"content":{"rendered":"<p>Ortado\u011fu&#8217;daki sava\u015fta ya\u015fanan son geli\u015fmeler \u015fu \u015fekilde:<\/p>\n<p>**Hizbullah, \u0130srail ile Do\u011frudan G\u00f6r\u00fc\u015fmeleri Reddetti**<br \/>\nHizbullah lideri Naim Kas\u0131m, L\u00fcbnan&#8217;\u0131n \u0130srail ile planlanan do\u011frudan g\u00f6r\u00fc\u015fmelerini &#8220;b\u00fcy\u00fck bir g\u00fcnah&#8221; olarak nitelendirerek, bunun \u00fclkeyi istikrars\u0131zla\u015ft\u0131raca\u011f\u0131n\u0131 belirtti. Kas\u0131m yapt\u0131\u011f\u0131 a\u00e7\u0131klamada, &#8220;\u0130srail ile do\u011frudan m\u00fczakereleri kesinlikle reddediyoruz ve iktidardakiler, eylemlerinin L\u00fcbnan&#8217;a veya kendilerine fayda sa\u011flamayaca\u011f\u0131n\u0131 bilmelidir&#8221; dedi. Yetkililere, &#8220;L\u00fcbnan&#8217;\u0131 istikrars\u0131zl\u0131k sarmal\u0131na sokan bu b\u00fcy\u00fck g\u00fcnahtan vazge\u00e7meleri&#8221; \u00e7a\u011fr\u0131s\u0131nda bulundu.<\/p>\n<p>**\u0130ran, Ba\u015far\u0131s\u0131z M\u00fczakerelerden ABD&#8217;yi Sorumlu Tuttu**<br \/>\n\u0130ran D\u0131\u015fi\u015fleri Bakan\u0131, yo\u011fun diplomatik turu kapsam\u0131nda Rusya&#8217;ya indikten sonra, sava\u015fan taraflar aras\u0131ndaki do\u011frudan m\u00fczakerelerin \u00e7\u0131kmaza girmesinin sorumlulu\u011funu Washington&#8217;a y\u00fckledi. Abbas Ara\u011f\u00e7i, &#8220;ABD&#8217;nin yakla\u015f\u0131mlar\u0131, \u00f6nceki m\u00fczakere turunun ilerlemeye ra\u011fmen hedeflerine ula\u015famamas\u0131na neden oldu, zira a\u015f\u0131r\u0131 taleplerde bulunuldu&#8221; dedi. Ara\u011f\u00e7i ayr\u0131ca, &#8220;H\u00fcrm\u00fcz Bo\u011faz\u0131&#8217;ndan g\u00fcvenli ge\u00e7i\u015fin \u00f6nemli bir k\u00fcresel mesele oldu\u011funu&#8221; vurgulad\u0131.<\/p>\n<p>**Petrol Fiyatlar\u0131 Y\u00fckseldi**<br \/>\nABD ile \u0130ran aras\u0131ndaki sekiz haftal\u0131k sava\u015f\u0131n sona ermesine dair bir yak\u0131nla\u015fma olmamas\u0131yla birlikte, petrol fiyatlar\u0131 Pazartesi g\u00fcn\u00fc y\u00fczde ikiden fazla artarken, borsalar kar\u0131\u015f\u0131k seyretti.<\/p>\n<p>**\u0130srail Askeri \u00d6ld\u00fcr\u00fcld\u00fc**<br \/>\n\u0130srail ordusu, Nisan ortas\u0131ndan bu yana ate\u015fkesin y\u00fcr\u00fcrl\u00fckte oldu\u011fu g\u00fcney L\u00fcbnan&#8217;da &#8220;\u00e7at\u0131\u015fma s\u0131ras\u0131nda&#8221; bir askerinin \u00f6ld\u00fcr\u00fcld\u00fc\u011f\u00fcn\u00fc duyurdu. \u0130srail ve \u0130ran destekli Hizbullah, ate\u015fkesi ihlal etmekle birbirlerini su\u00e7luyor.<\/p>\n<p>**Avrupa Merkez Bankas\u0131 Faiz Oranlar\u0131n\u0131 Sabit Tutacak**<br \/>\nAvrupa Merkez Bankas\u0131&#8217;n\u0131n, Ortado\u011fu&#8217;daki sava\u015f\u0131n tetikledi\u011fi enflasyon art\u0131\u015f\u0131n\u0131n ge\u00e7ici mi olaca\u011f\u0131n\u0131 yoksa b\u00fcy\u00fcmeyi olumsuz etkilemeye mi ba\u015flayaca\u011f\u0131n\u0131 g\u00f6rmek i\u00e7in bu hafta faiz oranlar\u0131n\u0131 sabit tutmas\u0131 bekleniyor.<\/p>\n<p>#Ortado\u011fuSava\u015f\u0131 #Hizbullah #\u0130ran #ABD #\u0130srail #L\u00fcbnan #H\u00fcrm\u00fczBo\u011faz\u0131 #PetrolFiyatlar\u0131 #Ate\u015fkes\u0130hlali #AMB<\/p>\n","protected":false},"excerpt":{"rendered":"<p>Ortado\u011fu&#8217;daki sava\u015fta ya\u015fanan son geli\u015fmeler \u015fu \u015fekilde: **Hizbullah, \u0130srail ile Do\u011frudan G\u00f6r\u00fc\u015fmeleri Reddetti** Hizbullah lideri Naim Kas\u0131m, L\u00fcbnan&#8217;\u0131n \u0130srail ile planlanan do\u011frudan g\u00f6r\u00fc\u015fmelerini &#8220;b\u00fcy\u00fck bir g\u00fcnah&#8221; olarak nitelendirerek, bunun \u00fclkeyi istikrars\u0131zla\u015ft\u0131raca\u011f\u0131n\u0131 belirtti. Kas\u0131m yapt\u0131\u011f\u0131 a\u00e7\u0131klamada, &#8220;\u0130srail ile do\u011frudan m\u00fczakereleri kesinlikle reddediyoruz ve iktidardakiler, eylemlerinin L\u00fcbnan&#8217;a veya kendilerine fayda sa\u011flamayaca\u011f\u0131n\u0131 bilmelidir&#8221; dedi. Yetkililere, &#8220;L\u00fcbnan&#8217;\u0131 istikrars\u0131zl\u0131k sarmal\u0131na [&hellip;]<\/p>\n","protected":false},"author":2,"featured_media":11144,"comment_status":"open","ping_status":"open","sticky":false,"template":"","format":"standard","meta":{"footnotes":""},"categories":[37],"tags":[],"class_list":["post-11143","post","type-post","status-publish","format-standard","has-post-thumbnail","hentry","category-orta-dogu-haberleri"],"_links":{"self":[{"href":"https:\/\/fajr.news\/index.php?rest_route=\/wp\/v2\/posts\/11143","targetHints":{"allow":["GET"]}}],"collection":[{"href":"https:\/\/fajr.news\/index.php?rest_route=\/wp\/v2\/posts"}],"about":[{"href":"https:\/\/fajr.news\/index.php?rest_route=\/wp\/v2\/types\/post"}],"author":[{"embeddable":true,"href":"https:\/\/fajr.news\/index.php?rest_route=\/wp\/v2\/users\/2"}],"replies":[{"embeddable":true,"href":"https:\/\/fajr.news\/index.php?rest_route=%2Fwp%2Fv2%2Fcomments&post=11143"}],"version-history":[{"count":0,"href":"https:\/\/fajr.news\/index.php?rest_route=\/wp\/v2\/posts\/11143\/revisions"}],"wp:featuredmedia":[{"embeddable":true,"href":"https:\/\/fajr.news\/index.php?rest_route=\/wp\/v2\/media\/11144"}],"wp:attachment":[{"href":"https:\/\/fajr.news\/index.php?rest_route=%2Fwp%2Fv2%2Fmedia&parent=11143"}],"wp:term":[{"taxonomy":"category","embeddable":true,"href":"https:\/\/fajr.news\/index.php?rest_route=%2Fwp%2Fv2%2Fcategories&post=11143"},{"taxonomy":"post_tag","embeddable":true,"href":"https:\/\/fajr.news\/index.php?rest_route=%2Fwp%2Fv2%2Ftags&post=11143"}],"curies":[{"name":"wp","href":"https:\/\/api.w.org\/{rel}","templated":true}]}}