{"id":11131,"date":"2026-04-28T02:09:41","date_gmt":"2026-04-27T22:39:41","guid":{"rendered":"https:\/\/fajr.news\/?p=11131"},"modified":"2026-04-28T02:09:41","modified_gmt":"2026-04-27T22:39:41","slug":"bahreyn-rejimi-abd-israil-savasi-bahanesiyle-halkina-zulmediyor-69-kisinin-vatandasligi-iptal-edildi","status":"publish","type":"post","link":"https:\/\/fajr.news\/?p=11131&lang=tr","title":{"rendered":"Bahreyn Rejimi, ABD-\u0130srail Sava\u015f\u0131 Bahanesiyle Halk\u0131na Zulmediyor: 69 Ki\u015finin Vatanda\u015fl\u0131\u011f\u0131 \u0130ptal Edildi"},"content":{"rendered":"<article>\n<header>\n<h1>Bahreyn Rejimi, ABD-\u0130srail Sava\u015f\u0131 Bahanesiyle Halk\u0131na Zulmediyor: 69 Ki\u015finin Vatanda\u015fl\u0131\u011f\u0131 \u0130ptal Edildi<\/h1>\n<p><strong>Bahreyn&#8217;deki Al Halife rejimi, ABD-\u0130srail&#8217;in b\u00f6lgedeki y\u0131k\u0131c\u0131 sava\u015f\u0131n\u0131 bahane ederek, \u0130ran&#8217;la &#8216;sempati kurmak&#8217; ve &#8216;yabanc\u0131 olu\u015fumlara yard\u0131m etmekle&#8217; su\u00e7lad\u0131\u011f\u0131 onlarca vatanda\u015f\u0131n\u0131n vatanda\u015fl\u0131\u011f\u0131n\u0131 hukuksuzca iptal etti. Bu bask\u0131c\u0131 ad\u0131m, b\u00f6lgedeki despotik rejimlerin halklar\u0131na y\u00f6nelik zulm\u00fcn\u00fc bir kez daha g\u00f6zler \u00f6n\u00fcne serdi.<\/strong><\/p>\n<\/header>\n<section>\n<h2>Vatanda\u015fl\u0131k \u0130ptalleri ve Hukuksuzlu\u011fun Boyutu<\/h2>\n<p>Kral Hamad bin \u0130sa Al Halife taraf\u0131ndan \u00e7\u0131kar\u0131lan bir y\u00f6nergeye g\u00f6re, en az 69 ki\u015finin vatanda\u015fl\u0131\u011f\u0131 ellerinden al\u0131nd\u0131. Bu karar\u0131n, Bahreyn vatanda\u015fl\u0131k yasas\u0131n\u0131n &#8216;krall\u0131\u011f\u0131n \u00e7\u0131karlar\u0131na zarar vermek veya devlete sadakat g\u00f6revine ayk\u0131r\u0131 hareket etmek&#8217; gerek\u00e7esiyle vatanda\u015fl\u0131\u011f\u0131n iptaline izin veren bir maddesine dayand\u0131r\u0131ld\u0131\u011f\u0131 iddia ediliyor. Ancak insan haklar\u0131 savunucular\u0131, bu maddenin muhalifleri ve \u015eii n\u00fcfusu hedef almak i\u00e7in bir ara\u00e7 olarak kullan\u0131ld\u0131\u011f\u0131n\u0131 belirtiyor.<\/p>\n<p>\u0130ptal edilen vatanda\u015fl\u0131klar aras\u0131nda, s\u00f6z konusu maddeyi ihlal etmekle su\u00e7lananlar\u0131n yan\u0131 s\u0131ra, onlar\u0131n ba\u011f\u0131ml\u0131 aile \u00fcyeleri de bulunuyor. Y\u00f6nergede, etkilenen ki\u015filerin &#8216;i\u011fren\u00e7 \u0130ran d\u00fc\u015fmanca eylemlerine&#8217; sempati duydu\u011fu veya bunlar\u0131 y\u00fcceltti\u011fi ya da &#8216;yabanc\u0131 olu\u015fumlarla casusluk&#8217; yapt\u0131\u011f\u0131 iddia ediliyor. Ancak bu iddialar genellikle temelsiz ve siyasi g\u00fcd\u00fcml\u00fc olarak de\u011ferlendiriliyor.<\/p>\n<p>Middle East Eye&#8217;a konu\u015fan aktivistler, vatanda\u015fl\u0131\u011f\u0131 iptal edilenlerin \u00e7o\u011funun, atalar\u0131 g\u00fcney \u0130ran&#8217;dan g\u00f6\u00e7 etmi\u015f, K\u00f6rfez Arap devletlerinde uzun s\u00fcredir ya\u015fayan <strong>Acemi<\/strong> toplulu\u011funa mensup oldu\u011funu belirtti. Bu durum, karar\u0131n etnik ve mezhepsel ayr\u0131mc\u0131l\u0131k i\u00e7erdi\u011fine dair endi\u015feleri art\u0131r\u0131yor.<\/p>\n<\/section>\n<section>\n<h2>Al Halife Rejiminin Onlarca Y\u0131ll\u0131k Bask\u0131 Arac\u0131<\/h2>\n<p>Bahreynli-Danimarkal\u0131 aktivist Maryam al-Khawaja, bu karar\u0131 <em>&#8220;Al Halife iktidar ailesinin onlarca y\u0131ld\u0131r muhalifleri ve \u00fclkedeki geni\u015f \u015eii n\u00fcfusu hedef almak i\u00e7in kulland\u0131\u011f\u0131 bir ara\u00e7&#8221;<\/em> olarak nitelendirdi. Bahreyn Haklar ve Demokrasi Enstit\u00fcs\u00fc (BIRD), bunun yedi y\u0131l\u0131 a\u015fk\u0131n s\u00fcredir yap\u0131lan ilk toplu vatanda\u015fl\u0131k iptali oldu\u011funu bildirdi.<\/p>\n<p>2012 ile 2019 y\u0131llar\u0131 aras\u0131nda Bahreyn, en az 990 vatanda\u015f\u0131n\u0131n vatanda\u015fl\u0131\u011f\u0131n\u0131 iptal ederek onlar\u0131 uluslararas\u0131 hukuka g\u00f6re vatans\u0131z b\u0131rakm\u0131\u015ft\u0131. Bu ki\u015filerin \u00e7o\u011fu insan haklar\u0131 savunucular\u0131, gazeteciler ve din alimleriydi. Nisan 2019&#8217;da Kral Hamad, bunlardan 551&#8217;inin vatanda\u015fl\u0131\u011f\u0131n\u0131n iade edildi\u011fini duyurmu\u015ftu. Ancak son olaylar, rejimin bask\u0131c\u0131 politikalar\u0131ndan vazge\u00e7medi\u011fini g\u00f6steriyor.<\/p>\n<p>Khawaja, kararda hukuki s\u00fcrecin i\u015fletilmedi\u011fini ve bir\u00e7ok ki\u015finin aileleriyle birlikte Bahreyn&#8217;de vatans\u0131z ya\u015fad\u0131\u011f\u0131n\u0131 vurgulad\u0131. Vatans\u0131z kalan bu insanlar, devlet okullar\u0131na, sa\u011fl\u0131k hizmetlerine ve bar\u0131nma imkanlar\u0131na eri\u015femiyor, temel insan haklar\u0131ndan mahrum b\u0131rak\u0131l\u0131yor.<\/p>\n<\/section>\n<section>\n<h2>Kuveyt&#8217;in Ard\u0131ndan Gelen Yeni Bask\u0131 Dalgas\u0131<\/h2>\n<p>BIRD&#8217;den Sayed Ahmed Alwadaei, vatanda\u015fl\u0131\u011f\u0131 iptal edilenlerin \u00e7o\u011funun tutuklanmad\u0131\u011f\u0131n\u0131 veya sorgulanmad\u0131\u011f\u0131n\u0131, yetkililerin bu karar\u0131 neden ald\u0131\u011f\u0131na dair hi\u00e7bir bilgilerinin olmad\u0131\u011f\u0131n\u0131 belirtti. Alwadaei, karara itiraz etme veya temyiz etme gibi hukuki bir s\u00fcrecin bulunmad\u0131\u011f\u0131n\u0131, bunun da insanlar\u0131 istismara a\u00e7\u0131k hale getirdi\u011fini ve ailelerin par\u00e7alanmas\u0131na yol a\u00e7t\u0131\u011f\u0131n\u0131 ifade etti.<\/p>\n<p>Bu karar, Kral Hamad&#8217;\u0131n \u00fcst d\u00fczey yetkililerle &#8216;millete ihanet etmekle&#8217; su\u00e7lanan vatanda\u015flara kar\u015f\u0131 \u00f6nlemleri g\u00f6r\u00fc\u015fmek \u00fczere yapt\u0131\u011f\u0131 y\u00fcksek d\u00fczeyli bir toplant\u0131dan g\u00fcnler sonra al\u0131nd\u0131. Ayr\u0131ca, duyuru kral\u0131n Kuveyt d\u0131\u015fi\u015fleri bakan\u0131yla g\u00f6r\u00fc\u015fmesinden birka\u00e7 g\u00fcn sonra geldi. Kuveyt de aylard\u0131r vatanda\u015flar\u0131ndan vatanda\u015fl\u0131klar\u0131n\u0131 al\u0131yor ve bu s\u00fcrecin y\u00fcz binlerce ki\u015fiyi etkileyebilece\u011fi belirtiliyor. Bu s\u00fcre\u00e7, \u0130ran&#8217;a y\u00f6nelik sava\u015f\u0131n ba\u015flamas\u0131ndan bu yana h\u0131z kazand\u0131.<\/p>\n<p>Khawaja, <em>&#8220;Maalesef, \u0130ran&#8217;a y\u00f6nelik sava\u015f\u0131n ba\u015flamas\u0131ndan bu yana, K\u00f6rfez \u0130\u015fbirli\u011fi Konseyi (K\u0130K) rejimleri bunu daha da sert bir bask\u0131 arac\u0131 olarak kullan\u0131yor&#8221;<\/em> dedi.<\/p>\n<\/section>\n<section>\n<h2>ABD-\u0130srail Sava\u015f\u0131 ve B\u00f6lgesel Bask\u0131lar<\/h2>\n<p>\u0130ki ay \u00f6nce ba\u015flat\u0131lan ABD-\u0130srail sava\u015f\u0131n\u0131n intikam\u0131 olarak \u0130ran, Bahreyn de dahil olmak \u00fczere K\u00f6rfez \u00fclkelerine binlerce f\u00fcze ve insans\u0131z hava arac\u0131 f\u0131rlatm\u0131\u015ft\u0131. Do\u011frudan isabetlerden kaynaklanan patlamalar ve f\u00fcze savunma sistemlerinin m\u00fcdahalesi sonras\u0131 d\u00fc\u015fen enkazlardan \u00e7\u0131kan yang\u0131nlar ada genelinde rapor edilmi\u015f, en az \u00fc\u00e7 ki\u015fi hayat\u0131n\u0131 kaybetmi\u015f ve onlarca ki\u015fi yaralanm\u0131\u015ft\u0131.<\/p>\n<p>Sava\u015f, Bahreynli yetkililerin \u00fclke i\u00e7indeki bask\u0131lar\u0131n\u0131 da beraberinde getirdi. BIRD&#8217;in belgeledi\u011fine g\u00f6re, sava\u015f\u0131n ba\u015flamas\u0131ndan bu yana 200&#8217;den fazla ki\u015fi tutukland\u0131. Zorla kaybetmeler nedeniyle ger\u00e7ek say\u0131n\u0131n daha y\u00fcksek olabilece\u011fi belirtiliyor. Tutuklamalar\u0131n bir k\u0131sm\u0131 protestolarla ilgiliyken, \u00e7o\u011fu \u0130ran sald\u0131r\u0131lar\u0131n\u0131n g\u00f6r\u00fcnt\u00fclerini \u00e7evrimi\u00e7i payla\u015fmak da dahil olmak \u00fczere sosyal medya payla\u015f\u0131mlar\u0131yla ilgiliydi.<\/p>\n<p>32 ya\u015f\u0131ndaki Mohamed al-Mosawi, \u0130ran sava\u015f\u0131yla ba\u011flant\u0131l\u0131 olarak birka\u00e7 arkada\u015f\u0131yla birlikte zorla kaybedildikten sonra ge\u00e7en ay g\u00f6zalt\u0131nda hayat\u0131n\u0131 kaybetti. Middle East Eye taraf\u0131ndan g\u00f6r\u00fclen foto\u011fraf ve g\u00f6r\u00fcnt\u00fclerde Mosawi&#8217;nin cesedinde y\u00fcz\u00fcnde ve v\u00fccudunda morluklar ve izler oldu\u011fu g\u00f6r\u00fcld\u00fc. Bu \u00f6l\u00fcm, g\u00f6stericilerin yetkilileri i\u015fkenceyle \u00f6ld\u00fcrmekle su\u00e7lamas\u0131 \u00fczerine \u00f6fkeli protestolara yol a\u00e7t\u0131. Birka\u00e7 g\u00fcn \u00f6nce, Bahreyn&#8217;deki m\u00fcfetti\u015fler, Mosawi&#8217;nin \u00f6l\u00fcm\u00fcne yol a\u00e7an sorgulama s\u0131ras\u0131nda sald\u0131r\u0131 nedeniyle bir istihbarat g\u00f6revlisini su\u00e7lam\u0131\u015ft\u0131. Ancak bu t\u00fcr soru\u015fturmalar\u0131n genellikle g\u00f6stermelik oldu\u011fu ve ger\u00e7ek sorumlular\u0131n yarg\u0131lanmad\u0131\u011f\u0131 biliniyor.<\/p>\n<\/section>\n<footer>\n<p>Bu haber, Orta Do\u011fu&#8217;daki ba\u011f\u0131ms\u0131z ve e\u015fsiz haber ve analizleri sunan Middle East Eye kaynaklar\u0131na dayanmaktad\u0131r.<\/p>\n<p>#Bahreyn #Vatanda\u015fl\u0131k\u0130ptali #AlHalifeZulm\u00fc #\u0130ran #ABD\u0130srailSava\u015f\u0131 #\u0130nsanHaklar\u0131 #Vatans\u0131zl\u0131k #OrtaDo\u011fu #\u015eiiN\u00fcfus #Bask\u0131<\/p>\n<\/footer>\n<\/article>\n","protected":false},"excerpt":{"rendered":"<p>Bahreyn Rejimi, ABD-\u0130srail Sava\u015f\u0131 Bahanesiyle Halk\u0131na Zulmediyor: 69 Ki\u015finin Vatanda\u015fl\u0131\u011f\u0131 \u0130ptal Edildi Bahreyn&#8217;deki Al Halife rejimi, ABD-\u0130srail&#8217;in b\u00f6lgedeki y\u0131k\u0131c\u0131 sava\u015f\u0131n\u0131 bahane ederek, \u0130ran&#8217;la &#8216;sempati kurmak&#8217; ve &#8216;yabanc\u0131 olu\u015fumlara yard\u0131m etmekle&#8217; su\u00e7lad\u0131\u011f\u0131 onlarca vatanda\u015f\u0131n\u0131n vatanda\u015fl\u0131\u011f\u0131n\u0131 hukuksuzca iptal etti. Bu bask\u0131c\u0131 ad\u0131m, b\u00f6lgedeki despotik rejimlerin halklar\u0131na y\u00f6nelik zulm\u00fcn\u00fc bir kez daha g\u00f6zler \u00f6n\u00fcne serdi. Vatanda\u015fl\u0131k \u0130ptalleri ve [&hellip;]<\/p>\n","protected":false},"author":2,"featured_media":11132,"comment_status":"open","ping_status":"open","sticky":false,"template":"","format":"standard","meta":{"footnotes":""},"categories":[37],"tags":[],"class_list":["post-11131","post","type-post","status-publish","format-standard","has-post-thumbnail","hentry","category-orta-dogu-haberleri"],"_links":{"self":[{"href":"https:\/\/fajr.news\/index.php?rest_route=\/wp\/v2\/posts\/11131","targetHints":{"allow":["GET"]}}],"collection":[{"href":"https:\/\/fajr.news\/index.php?rest_route=\/wp\/v2\/posts"}],"about":[{"href":"https:\/\/fajr.news\/index.php?rest_route=\/wp\/v2\/types\/post"}],"author":[{"embeddable":true,"href":"https:\/\/fajr.news\/index.php?rest_route=\/wp\/v2\/users\/2"}],"replies":[{"embeddable":true,"href":"https:\/\/fajr.news\/index.php?rest_route=%2Fwp%2Fv2%2Fcomments&post=11131"}],"version-history":[{"count":0,"href":"https:\/\/fajr.news\/index.php?rest_route=\/wp\/v2\/posts\/11131\/revisions"}],"wp:featuredmedia":[{"embeddable":true,"href":"https:\/\/fajr.news\/index.php?rest_route=\/wp\/v2\/media\/11132"}],"wp:attachment":[{"href":"https:\/\/fajr.news\/index.php?rest_route=%2Fwp%2Fv2%2Fmedia&parent=11131"}],"wp:term":[{"taxonomy":"category","embeddable":true,"href":"https:\/\/fajr.news\/index.php?rest_route=%2Fwp%2Fv2%2Fcategories&post=11131"},{"taxonomy":"post_tag","embeddable":true,"href":"https:\/\/fajr.news\/index.php?rest_route=%2Fwp%2Fv2%2Ftags&post=11131"}],"curies":[{"name":"wp","href":"https:\/\/api.w.org\/{rel}","templated":true}]}}