{"id":11123,"date":"2026-04-28T02:03:32","date_gmt":"2026-04-27T22:33:32","guid":{"rendered":"https:\/\/fajr.news\/?p=11123"},"modified":"2026-04-28T02:03:32","modified_gmt":"2026-04-27T22:33:32","slug":"kremlin-irandaki-savas-ukrayna-baris-gorusmelerini-sekteye-ugratiyor","status":"publish","type":"post","link":"https:\/\/fajr.news\/?p=11123&lang=tr","title":{"rendered":"Kremlin: \u0130ran&#8217;daki sava\u015f Ukrayna bar\u0131\u015f g\u00f6r\u00fc\u015fmelerini sekteye u\u011frat\u0131yor"},"content":{"rendered":"<p>Kremlin S\u00f6zc\u00fcs\u00fc Dmitry Peskov Pazartesi g\u00fcn\u00fc yapt\u0131\u011f\u0131 a\u00e7\u0131klamada, \u0130ran&#8217;da devam eden krizin Ukrayna bar\u0131\u015f m\u00fczakerelerini sekteye u\u011fratt\u0131\u011f\u0131n\u0131 belirtti.<br \/>\nPeskov, gazetecilere verdi\u011fi deme\u00e7te, &#8220;\u0130ran, Amerika Birle\u015fik Devletleri&#8217;nin y\u00fcr\u00fctt\u00fc\u011f\u00fc sava\u015f\u0131 [veriyor] ve bu y\u00fczden onlar [ABD] \u0130ran&#8217;daki olaylarla \u00e7ok daha fazla me\u015fgul, bu nedenle Ukrayna&#8217;daki bar\u0131\u015f s\u00fcrecinde bir duraklama ya\u015fan\u0131yor,&#8221; ifadelerini kulland\u0131 ve Rus g\u00fc\u00e7lerinin t\u00fcm cephe hatt\u0131 boyunca ilerledi\u011fini ekledi.<br \/>\nPeskov, Rusya&#8217;n\u0131n Washington ile Tahran aras\u0131ndaki g\u00f6r\u00fc\u015fmeleri memnuniyetle kar\u015f\u0131layaca\u011f\u0131n\u0131 ve Moskova&#8217;n\u0131n arabuluculuk yapmaya haz\u0131r oldu\u011funu do\u011frulad\u0131.<\/p>\n<p>#Kremlin #UkraynaSava\u015f\u0131 #\u0130ran #Bar\u0131\u015fG\u00f6r\u00fc\u015fmeleri #DmitryPeskov #Rusya #ABD #Diplomasi #Ortado\u011fu #K\u00fcreselSiyaset<\/p>\n","protected":false},"excerpt":{"rendered":"<p>Kremlin S\u00f6zc\u00fcs\u00fc Dmitry Peskov Pazartesi g\u00fcn\u00fc yapt\u0131\u011f\u0131 a\u00e7\u0131klamada, \u0130ran&#8217;da devam eden krizin Ukrayna bar\u0131\u015f m\u00fczakerelerini sekteye u\u011fratt\u0131\u011f\u0131n\u0131 belirtti. Peskov, gazetecilere verdi\u011fi deme\u00e7te, &#8220;\u0130ran, Amerika Birle\u015fik Devletleri&#8217;nin y\u00fcr\u00fctt\u00fc\u011f\u00fc sava\u015f\u0131 [veriyor] ve bu y\u00fczden onlar [ABD] \u0130ran&#8217;daki olaylarla \u00e7ok daha fazla me\u015fgul, bu nedenle Ukrayna&#8217;daki bar\u0131\u015f s\u00fcrecinde bir duraklama ya\u015fan\u0131yor,&#8221; ifadelerini kulland\u0131 ve Rus g\u00fc\u00e7lerinin t\u00fcm cephe [&hellip;]<\/p>\n","protected":false},"author":2,"featured_media":11124,"comment_status":"open","ping_status":"open","sticky":false,"template":"","format":"standard","meta":{"footnotes":""},"categories":[31],"tags":[],"class_list":["post-11123","post","type-post","status-publish","format-standard","has-post-thumbnail","hentry","category-iran-haberleri"],"_links":{"self":[{"href":"https:\/\/fajr.news\/index.php?rest_route=\/wp\/v2\/posts\/11123","targetHints":{"allow":["GET"]}}],"collection":[{"href":"https:\/\/fajr.news\/index.php?rest_route=\/wp\/v2\/posts"}],"about":[{"href":"https:\/\/fajr.news\/index.php?rest_route=\/wp\/v2\/types\/post"}],"author":[{"embeddable":true,"href":"https:\/\/fajr.news\/index.php?rest_route=\/wp\/v2\/users\/2"}],"replies":[{"embeddable":true,"href":"https:\/\/fajr.news\/index.php?rest_route=%2Fwp%2Fv2%2Fcomments&post=11123"}],"version-history":[{"count":0,"href":"https:\/\/fajr.news\/index.php?rest_route=\/wp\/v2\/posts\/11123\/revisions"}],"wp:featuredmedia":[{"embeddable":true,"href":"https:\/\/fajr.news\/index.php?rest_route=\/wp\/v2\/media\/11124"}],"wp:attachment":[{"href":"https:\/\/fajr.news\/index.php?rest_route=%2Fwp%2Fv2%2Fmedia&parent=11123"}],"wp:term":[{"taxonomy":"category","embeddable":true,"href":"https:\/\/fajr.news\/index.php?rest_route=%2Fwp%2Fv2%2Fcategories&post=11123"},{"taxonomy":"post_tag","embeddable":true,"href":"https:\/\/fajr.news\/index.php?rest_route=%2Fwp%2Fv2%2Ftags&post=11123"}],"curies":[{"name":"wp","href":"https:\/\/api.w.org\/{rel}","templated":true}]}}