{"id":11107,"date":"2026-04-28T01:38:51","date_gmt":"2026-04-27T22:08:51","guid":{"rendered":"https:\/\/fajr.news\/?p=11107"},"modified":"2026-04-28T01:38:51","modified_gmt":"2026-04-27T22:08:51","slug":"ortadogudaki-durum-tartisiliyor-thiessen-fox-newsun-ozel-raporunda","status":"publish","type":"post","link":"https:\/\/fajr.news\/?p=11107&lang=tr","title":{"rendered":"Ortado\u011fu&#8217;daki Durum Tart\u0131\u015f\u0131l\u0131yor: Thiessen, Fox News&#8217;un &#8216;\u00d6zel Raporu&#8217;nda"},"content":{"rendered":"<p>Fox News&#8217;un &#8216;\u00d6zel Raporu&#8217; program\u0131nda, deneyimli analist Marc Thiessen, Ortado\u011fu&#8217;daki mevcut durumu ve b\u00f6lgedeki g\u00fc\u00e7 dengelerini detayl\u0131 bir \u015fekilde ele ald\u0131. Programda, son d\u00f6nemdeki siyasi geli\u015fmeler, \u00e7at\u0131\u015fma b\u00f6lgelerindeki durum ve uluslararas\u0131 akt\u00f6rlerin b\u00f6lge \u00fczerindeki etkileri derinlemesine incelendi. Thiessen, Ortado\u011fu&#8217;nun gelece\u011fine dair \u00e7e\u015fitli senaryolar\u0131 ve ABD&#8217;nin b\u00f6lgedeki rol\u00fcn\u00fc de\u011ferlendirerek \u00f6nemli \u00e7\u0131kar\u0131mlarda bulundu.<\/p>\n<p>#Ortado\u011fu #FoxNews #MarcThiessen #\u00d6zelRapor #Jeopolitik #B\u00f6lgeselGeli\u015fmeler #D\u0131\u015fPolitika #Analiz #Siyaset #Uluslararas\u0131\u0130li\u015fkiler<\/p>\n","protected":false},"excerpt":{"rendered":"<p>Fox News&#8217;un &#8216;\u00d6zel Raporu&#8217; program\u0131nda, deneyimli analist Marc Thiessen, Ortado\u011fu&#8217;daki mevcut durumu ve b\u00f6lgedeki g\u00fc\u00e7 dengelerini detayl\u0131 bir \u015fekilde ele ald\u0131. Programda, son d\u00f6nemdeki siyasi geli\u015fmeler, \u00e7at\u0131\u015fma b\u00f6lgelerindeki durum ve uluslararas\u0131 akt\u00f6rlerin b\u00f6lge \u00fczerindeki etkileri derinlemesine incelendi. Thiessen, Ortado\u011fu&#8217;nun gelece\u011fine dair \u00e7e\u015fitli senaryolar\u0131 ve ABD&#8217;nin b\u00f6lgedeki rol\u00fcn\u00fc de\u011ferlendirerek \u00f6nemli \u00e7\u0131kar\u0131mlarda bulundu. #Ortado\u011fu #FoxNews #MarcThiessen #\u00d6zelRapor [&hellip;]<\/p>\n","protected":false},"author":2,"featured_media":11108,"comment_status":"open","ping_status":"open","sticky":false,"template":"","format":"standard","meta":{"footnotes":""},"categories":[37],"tags":[],"class_list":["post-11107","post","type-post","status-publish","format-standard","has-post-thumbnail","hentry","category-orta-dogu-haberleri"],"_links":{"self":[{"href":"https:\/\/fajr.news\/index.php?rest_route=\/wp\/v2\/posts\/11107","targetHints":{"allow":["GET"]}}],"collection":[{"href":"https:\/\/fajr.news\/index.php?rest_route=\/wp\/v2\/posts"}],"about":[{"href":"https:\/\/fajr.news\/index.php?rest_route=\/wp\/v2\/types\/post"}],"author":[{"embeddable":true,"href":"https:\/\/fajr.news\/index.php?rest_route=\/wp\/v2\/users\/2"}],"replies":[{"embeddable":true,"href":"https:\/\/fajr.news\/index.php?rest_route=%2Fwp%2Fv2%2Fcomments&post=11107"}],"version-history":[{"count":0,"href":"https:\/\/fajr.news\/index.php?rest_route=\/wp\/v2\/posts\/11107\/revisions"}],"wp:featuredmedia":[{"embeddable":true,"href":"https:\/\/fajr.news\/index.php?rest_route=\/wp\/v2\/media\/11108"}],"wp:attachment":[{"href":"https:\/\/fajr.news\/index.php?rest_route=%2Fwp%2Fv2%2Fmedia&parent=11107"}],"wp:term":[{"taxonomy":"category","embeddable":true,"href":"https:\/\/fajr.news\/index.php?rest_route=%2Fwp%2Fv2%2Fcategories&post=11107"},{"taxonomy":"post_tag","embeddable":true,"href":"https:\/\/fajr.news\/index.php?rest_route=%2Fwp%2Fv2%2Ftags&post=11107"}],"curies":[{"name":"wp","href":"https:\/\/api.w.org\/{rel}","templated":true}]}}