{"id":11080,"date":"2026-04-28T00:53:02","date_gmt":"2026-04-27T21:23:02","guid":{"rendered":"https:\/\/fajr.news\/?p=11080"},"modified":"2026-04-28T00:53:02","modified_gmt":"2026-04-27T21:23:02","slug":"orta-dogu-savasi-canli-putin-iranin-ust-duzey-diplomatini-agirladi-israil-dogu-lubnani-vurdu","status":"publish","type":"post","link":"https:\/\/fajr.news\/?p=11080&lang=tr","title":{"rendered":"Orta Do\u011fu sava\u015f\u0131 canl\u0131: Putin \u0130ran&#8217;\u0131n \u00fcst d\u00fczey diplomat\u0131n\u0131 a\u011f\u0131rlad\u0131, \u0130srail Do\u011fu L\u00fcbnan&#8217;\u0131 vurdu"},"content":{"rendered":"<p>Canl\u0131<br \/>\nRusya Devlet Ba\u015fkan\u0131 Vladimir Putin Pazartesi g\u00fcn\u00fc \u0130ran D\u0131\u015fi\u015fleri Bakan\u0131 Abbas Araghchi&#8217;yi a\u011f\u0131rlayarak, Moskova&#8217;n\u0131n Tahran&#8217;\u0131n ve kom\u015fular\u0131n\u0131n \u00e7\u0131karlar\u0131na hizmet eden \u201cher \u015feyi\u201d yapaca\u011f\u0131n\u0131 s\u00f6yledi. Bu arada L\u00fcbnan&#8217;da \u0130srail, g\u00fcneydeki Bekaa Vadisi&#8217;ne ve L\u00fcbnan&#8217;\u0131n Suriye s\u0131n\u0131r\u0131na yak\u0131n b\u00f6lgelere sald\u0131r\u0131lar d\u00fczenleyerek bombalama kampanyas\u0131n\u0131n kapsam\u0131n\u0131 geni\u015fletti. En son g\u00fcncellemeler i\u00e7in canl\u0131 blogumuzu takip edin.<\/p>\n<p>\u0130ran&#8217;\u0131n Birle\u015fmi\u015f Milletler el\u00e7isi Pazartesi g\u00fcn\u00fc yapt\u0131\u011f\u0131 a\u00e7\u0131klamada, Tahran&#8217;\u0131n petrol zengini K\u00f6rfez&#8217;de g\u00fcvenli\u011fi sa\u011flamadan \u00f6nce ba\u015fka bir ABD-\u0130srail sald\u0131r\u0131s\u0131na kar\u015f\u0131 garantilere ihtiyac\u0131 oldu\u011funu s\u00f6yledi. Amir Saeid Iravani, G\u00fcvenlik Konseyi oturumunda, \u201cBasra K\u00f6rfezi ve daha geni\u015f b\u00f6lgede kal\u0131c\u0131 istikrar ve g\u00fcvenlik ancak \u0130ran&#8217;a y\u00f6nelik sald\u0131rganl\u0131\u011f\u0131n kal\u0131c\u0131 ve s\u00fcrekli olarak sona ermesi, tekrarlanmama konusunda g\u00fcvenilir garantiler ve \u0130ran&#8217;\u0131n me\u015fru egemen haklar\u0131na ve \u00e7\u0131karlar\u0131na tam sayg\u0131 g\u00f6sterilmesiyle sa\u011flanabilir\u201d dedi.<\/p>\n<p>\u0130srail Genelkurmay Ba\u015fkan\u0131 Korgeneral Eyal Zamir Pazartesi g\u00fcn\u00fc askerlere ya\u011fma konusunda sert bir uyar\u0131da bulundu ve \u201c\u015f\u00fcpheli\u201d mesajlar\u0131 yaymak i\u00e7in sosyal medyay\u0131 kullanman\u0131n \u201ck\u0131rm\u0131z\u0131 \u00e7izgiyi\u201d a\u015fmak oldu\u011funu s\u00f6yledi. \u0130srail ordusunun k\u0131saltmas\u0131n\u0131 kullanarak yapt\u0131\u011f\u0131 a\u00e7\u0131klamada, \u201cYa\u011fma olgusu, e\u011fer varsa, utan\u00e7 vericidir ve IDF&#8217;nin b\u00fct\u00fcn\u00fcn\u00fc lekeleme riski ta\u015f\u0131r. E\u011fer bu t\u00fcr olaylar ya\u015fan\u0131rsa, bunlar\u0131 ara\u015ft\u0131raca\u011f\u0131z\u201d dedi. Bu a\u00e7\u0131klamalar, \u0130srail&#8217;in sol e\u011filimli Haaretz gazetesinin, sahadaki askerlerin ve komutanlar\u0131n ifadelerine dayanarak, g\u00fcney L\u00fcbnan&#8217;daki askerlerin \u00f6nemli miktarda sivil m\u00fclk\u00fc ya\u011fmalad\u0131\u011f\u0131n\u0131 bildirmesinin ard\u0131ndan geldi. Ayr\u0131ca sosyal medyada, \u0130srail askerlerinin g\u00fcney L\u00fcbnan oldu\u011fu anla\u015f\u0131lan yerlerde insanlar\u0131n evlerindeki e\u015fyalara zarar verirken birbirlerini \u015fakala\u015farak filme ald\u0131klar\u0131 g\u00f6r\u00fcnt\u00fcler ortaya \u00e7\u0131kt\u0131.<\/p>\n<p>ABD Ba\u015fkan\u0131 Donald Trump&#8217;\u0131n, Tahran ile sava\u015f\u0131 \u00e7\u00f6zmeye y\u00f6nelik yeni \u0130ran \u00f6nerisini \u00fcst d\u00fczey ulusal g\u00fcvenlik dan\u0131\u015fmanlar\u0131yla g\u00f6r\u00fc\u015ft\u00fc\u011f\u00fc Beyaz Saray bas\u0131n sekreteri Karoline Leavitt taraf\u0131ndan a\u00e7\u0131kland\u0131. Leavitt, H\u00fcrm\u00fcz Bo\u011faz\u0131&#8217;n\u0131n a\u00e7\u0131laca\u011f\u0131 ve \u0130ran&#8217;\u0131n n\u00fckleer program\u0131n\u0131n daha sonraki bir tarihte tart\u0131\u015f\u0131laca\u011f\u0131 \u00f6neri hakk\u0131nda bir g\u00f6r\u00fc\u015f belirtmedi, ancak Trump&#8217;\u0131n temel taleplerinin ayn\u0131 kald\u0131\u011f\u0131n\u0131 s\u00f6yledi. Trump, H\u00fcrm\u00fcz Bo\u011faz\u0131 petrol ge\u00e7i\u015f yolunun a\u00e7\u0131k olmas\u0131n\u0131 ve \u0130ran&#8217;\u0131n zenginle\u015ftirilmi\u015f uranyumunu teslim etmesini istiyor. Leavitt, \u201cBunu de\u011ferlendirdiklerini s\u00f6yleyemem. Sadece bu sabah bir tart\u0131\u015fma oldu\u011funu s\u00f6yleyebilirim ki bunun \u00f6n\u00fcne ge\u00e7mek istemiyorum ve eminim bu konuda do\u011frudan ba\u015fkandan duyacaks\u0131n\u0131z\u201d dedi.<\/p>\n<p>Ba\u015fbakan Binyamin Netanyahu&#8217;nun ofisi, gelecek haftaki Lag BaOmer festivalinin, \u0130ran destekli Hizbullah militan grubunun sald\u0131r\u0131s\u0131na u\u011frayabilece\u011fi endi\u015feleri nedeniyle daha k\u00fc\u00e7\u00fck sembolik bir t\u00f6renle de\u011fi\u015ftirilece\u011fini duyurdu. Genellikle yakla\u015f\u0131k 100.000 \u00e7o\u011funlukla ultra-Ortodoks Yahudi, kuzey \u0130srail&#8217;deki Meron Da\u011f\u0131&#8217;nda festival i\u00e7in toplan\u0131rd\u0131. Tatil, da\u011fa g\u00f6m\u00fcld\u00fc\u011f\u00fcne inan\u0131lan 2. y\u00fczy\u0131l bilgini ve misti\u011fi Haham \u015eimon Bar Yohay&#8217;\u0131 onurland\u0131r\u0131yor. Meron Da\u011f\u0131, L\u00fcbnan s\u0131n\u0131r\u0131na sadece yakla\u015f\u0131k 6 kilometre uzakl\u0131kta.<\/p>\n<p>\u0130srail Genelkurmay Ba\u015fkan\u0131 Korgeneral Eyal Zamir, \u00fclkenin ordusunun 2026 boyunca \u0130ran ve L\u00fcbnanl\u0131 militan grup Hizbullah&#8217;a kar\u015f\u0131 sava\u015f\u0131rken birden fazla cephede sava\u015fma ihtimalinin y\u00fcksek oldu\u011fu konusunda uyard\u0131. Hamas&#8217;\u0131n \u0130srail&#8217;e sald\u0131r\u0131s\u0131 ve Gazze sava\u015f\u0131n\u0131 ba\u015flatan 7 Ekim (2023) tarihine at\u0131fta bulunarak yapt\u0131\u011f\u0131 a\u00e7\u0131klamada, \u201c7 Ekim&#8217;den bu yana (2023), IDF devam eden \u00e7ok cepheli bir kampanyada \u00e7at\u0131\u015f\u0131yor&#8230; 2026&#8217;n\u0131n t\u00fcm bu cephelerde bir ba\u015fka sava\u015f y\u0131l\u0131 olmas\u0131 muhtemel\u201d dedi.<\/p>\n<p>K\u0131rg\u0131zistan&#8217;\u0131 ziyaret eden Rusya Savunma Bakan\u0131 Andrey Belousov&#8217;un, \u0130ran Savunma Bakan Yard\u0131mc\u0131s\u0131 Reza Talaei-Nik ile g\u00f6r\u00fc\u015ft\u00fc\u011f\u00fc devlet haber ajans\u0131 TASS taraf\u0131ndan bildirildi. Belousov, Rusya&#8217;n\u0131n \u0130ran sava\u015f\u0131n\u0131n yaln\u0131zca diplomatik yollarla \u00e7\u00f6z\u00fclmesi gerekti\u011fi y\u00f6n\u00fcndeki uzun s\u00fcredir devam eden tutumunu yineledi ve Moskova ile Tahran&#8217;\u0131n birbirlerini desteklemeye devam edece\u011finden emin oldu\u011funu s\u00f6yledi.<\/p>\n<p>Almanya Ba\u015fbakan\u0131 Friedrich Merz, ABD&#8217;nin \u0130ran sava\u015f\u0131nda nas\u0131l bir \u00e7\u0131k\u0131\u015f stratejisi oldu\u011funu g\u00f6rmedi\u011fini belirterek, \u201ct\u00fcm bir ulusun \u0130ran liderli\u011fi, \u00f6zellikle de s\u00f6zde Devrim Muhaf\u0131zlar\u0131 taraf\u0131ndan a\u015fa\u011f\u0131land\u0131\u011f\u0131\u201d konusunda uyard\u0131. Kuzey Ren-Vestfalya&#8217;daki Marsberg&#8217;de \u00f6\u011frencilere hitap eden Merz, \u0130ranl\u0131lar\u0131n \u201ca\u00e7\u0131k\u00e7a \u00e7ok ustaca m\u00fczakere etti\u011fini\u201d ve \u201cd\u00fc\u015f\u00fcn\u00fclenden a\u00e7\u0131k\u00e7a daha g\u00fc\u00e7l\u00fc\u201d oldu\u011funu s\u00f6yledi ve \u00e7at\u0131\u015fman\u0131n Almanya ekonomisi \u00fczerindeki do\u011frudan etkisi nedeniyle m\u00fcmk\u00fcn olan en k\u0131sa s\u00fcrede sona erdirilmesi gerekti\u011fini vurgulad\u0131.<\/p>\n<p>Fransa&#8217;n\u0131n \u00fcst d\u00fczey diplomat\u0131, ABD ve \u0130srail&#8217;in sald\u0131r\u0131s\u0131yla tetiklenen krizi sona erdirmek i\u00e7in yap\u0131lacak g\u00f6r\u00fc\u015fmelerde \u0130ran&#8217;\u0131n \u201cb\u00fcy\u00fck tavizler\u201d vermeye haz\u0131r olmas\u0131 gerekti\u011fini s\u00f6yledi. D\u0131\u015fi\u015fleri Bakan\u0131 Jean-No\u00ebl Barrot, BM G\u00fcvenlik Konseyi oturumunda, \u201cBu krize kal\u0131c\u0131 bir \u00e7\u00f6z\u00fcm, \u0130ran rejiminin b\u00fcy\u00fck tavizler vermeyi ve tutumunda radikal bir de\u011fi\u015fiklik yapmay\u0131 kabul etmedik\u00e7e m\u00fcmk\u00fcn olamaz\u201d dedi.<\/p>\n<p>\u0130srail Ba\u015fbakan\u0131 Binyamin Netanyahu, \u0130ran destekli militan grup Hizbullah&#8217;\u0131n sahip oldu\u011fu roket ve dronlar\u0131n, \u0130srail ordusu taraf\u0131ndan L\u00fcbnan&#8217;da daha fazla askeri eylem gerektiren \u00f6nemli bir tehdit olmaya devam etti\u011fini s\u00f6yledi. Ofisinden yap\u0131lan a\u00e7\u0131klamada, \u201cHizbullah&#8217;tan hala iki merkezi tehdit var: 122 mm roketler ve dronlar. Bu, operasyonel ve teknolojik faaliyetlerin bir kombinasyonunu gerektiriyor\u201d dedi.<\/p>\n<p>BM denizcilik ajans\u0131n\u0131n ba\u015fkan\u0131, H\u00fcrm\u00fcz Bo\u011faz\u0131&#8217;ndan ge\u00e7en gemiler i\u00e7in herhangi bir \u00fccret talep etmenin \u201cyasal dayana\u011f\u0131 olmad\u0131\u011f\u0131n\u0131\u201d s\u00f6yledi. ABD ve \u0130srail&#8217;in \u015eubat sonunda \u0130ran&#8217;a sald\u0131rmas\u0131ndan bu yana dar bo\u011fazdan ge\u00e7en gemi trafi\u011fi bo\u011fulmu\u015f durumda. \u0130ran ge\u00e7i\u015fi kapatarak petrol ve gaz ak\u0131\u015f\u0131n\u0131 keskin bir \u015fekilde azaltt\u0131 ve fiyatlar\u0131 f\u0131rlatt\u0131, ABD ise \u0130ran limanlar\u0131n\u0131 ablukaya ald\u0131. Tahran ayr\u0131ca, herhangi bir kal\u0131c\u0131 bar\u0131\u015f anla\u015fmas\u0131n\u0131n bir par\u00e7as\u0131 olarak ge\u00e7i\u015f \u00fccretleri uygulamak istedi\u011fini de belirtmi\u015fti. IMO Genel Sekreteri Arsenio Dominguez bir bas\u0131n toplant\u0131s\u0131nda, \u201cUluslararas\u0131 seyr\u00fcsefer i\u00e7in bo\u011fazlarda herhangi bir vergi, g\u00fcmr\u00fck veya \u00fccret uygulamas\u0131n\u0131n yasal dayana\u011f\u0131 yoktur\u201d dedi.<\/p>\n<p>Avrupa ve Kuzey Amerika&#8217;dan sorumlu Devlet Bakan\u0131 Stephen Doughty, \u0130ngiltere&#8217;nin ABD ablukas\u0131n\u0131 desteklemese de, H\u00fcrm\u00fcz Bo\u011faz\u0131&#8217;n\u0131 yeniden a\u00e7mak i\u00e7in ABD ve di\u011ferleriyle \u00e7al\u0131\u015fmay\u0131 destekledi\u011fini ve \u0130ran&#8217;\u0131n \u201cd\u00fcnyan\u0131n geri kalan\u0131n\u0131 rehin tuttu\u011funu\u201d s\u00f6yledi. Bo\u011fazdan deniz trafi\u011finin g\u00fcvenli ve engelsiz akmas\u0131 gerekti\u011fini belirten Doughty, \u201cve bu, ge\u00e7i\u015f \u00fccreti olmamas\u0131, g\u00fcvenlik riski olmamas\u0131 ve elbette seyr\u00fcsefer \u00f6zg\u00fcrl\u00fc\u011f\u00fcne ili\u015fkin uluslararas\u0131 yasalara uyulmas\u0131 anlam\u0131na geliyor\u201d dedi. Doughty, kritik su yolunda seyr\u00fcsefer g\u00fcvenli\u011fi konulu G\u00fcvenlik Konseyi toplant\u0131s\u0131 \u00f6ncesinde gazetecilere yapt\u0131\u011f\u0131 a\u00e7\u0131klamada diplomasinin \u00e7ok \u00f6nemli oldu\u011funu s\u00f6yledi. Gerilimin azalt\u0131lmas\u0131 ve ate\u015fkesin de \u00e7ok \u00f6nemli oldu\u011funu vurgulayarak, \u0130ran&#8217;\u0131n bo\u011faz\u0131 kapatmas\u0131na, K\u00f6rfez kom\u015fular\u0131na ve sivil altyap\u0131ya sald\u0131rmas\u0131na ve n\u00fckleer silah geli\u015ftirmesine izin verilemeyece\u011fini belirtti.<\/p>\n<p>Fransa Cumhurba\u015fkan\u0131 Emmanuel Macron, Andorra&#8217;ya yapaca\u011f\u0131 iki g\u00fcnl\u00fck gezinin ard\u0131ndan \u0130ranl\u0131 yetkililerle g\u00f6r\u00fc\u015fece\u011fini ve H\u00fcrm\u00fcz Bo\u011faz\u0131&#8217;n\u0131n yeniden a\u00e7\u0131lmas\u0131 konusunda \u0131srar edece\u011fini s\u00f6yledi. \u201cAmac\u0131 tam olarak g\u00fcvenli\u011fi sa\u011flamak, istikrar\u0131 sa\u011flamak, uluslararas\u0131 toplumun (H\u00fcrm\u00fcz Bo\u011faz\u0131&#8217;n\u0131n) a\u00e7\u0131lmas\u0131n\u0131 destekledi\u011fini g\u00f6stermek olan bir koalisyon kurduk ve bu nedenle \u00f6n\u00fcm\u00fczdeki g\u00fcnlerde payda\u015flar\u0131 ikna edebilece\u011fimizi umuyorum\u201d dedi.<\/p>\n<p>\u0130srail Savunma Bakan\u0131 Israel Katz, Hizbullah&#8217;\u0131n meydan okumas\u0131n\u0131n L\u00fcbnan i\u00e7in felaket sonu\u00e7lar do\u011furaca\u011f\u0131 konusunda uyard\u0131. Bu yorumlar, militan grubun liderinin \u0130srail ile L\u00fcbnan aras\u0131nda \u00f6nerilen do\u011frudan g\u00f6r\u00fc\u015fmeleri reddetmesinin ard\u0131ndan geldi. Ofisinden yap\u0131lan a\u00e7\u0131klamaya g\u00f6re Katz, BM L\u00fcbnan el\u00e7isi Jeanine Hennis-Plasschaert&#8217;e, \u201cNaim Kas\u0131m ate\u015fle oynuyor ve bu ate\u015f Hizbullah&#8217;\u0131 ve t\u00fcm L\u00fcbnan&#8217;\u0131 yakacak&#8230; E\u011fer L\u00fcbnan h\u00fck\u00fcmeti Hizbullah ter\u00f6r \u00f6rg\u00fct\u00fcn\u00fcn kanatlar\u0131 alt\u0131nda saklanmaya devam ederse, ate\u015f \u00e7\u0131kacak ve L\u00fcbnan&#8217;\u0131n sedirlerini saracak\u201d dedi.<\/p>\n<p>L\u00fcbnan sa\u011fl\u0131k bakanl\u0131\u011f\u0131 yapt\u0131\u011f\u0131 a\u00e7\u0131klamada, \u0130srail ile Hizbullah aras\u0131ndaki son sava\u015f\u0131n 2 Mart&#8217;ta ba\u015flamas\u0131ndan bu yana L\u00fcbnan&#8217;da en az 2.521 ki\u015finin \u00f6ld\u00fc\u011f\u00fcn\u00fc ve toplam 7.804 ki\u015finin de yaraland\u0131\u011f\u0131n\u0131 bildirdi. 17 Nisan&#8217;dan bu yana y\u00fcr\u00fcrl\u00fckte olan ate\u015fkese ra\u011fmen, her iki taraf\u00e7a da tekrarlanan ihlaller ya\u015fand\u0131.<\/p>\n<p>Birle\u015fik Arap Emirlikleri&#8217;nden \u00fcst d\u00fczey bir yetkili, Orta Do\u011fu sava\u015f\u0131n\u0131 ba\u015flatan \u0130srail-ABD sald\u0131r\u0131lar\u0131n\u0131n ard\u0131ndan b\u00f6lgedeki \u0130ran&#8217;\u0131n misilleme sald\u0131r\u0131lar\u0131na kar\u015f\u0131 K\u00f6rfez m\u00fcttefiklerini ele\u015ftirdi. Ba\u015fkanl\u0131k dan\u0131\u015fman\u0131 Enver Gargash, K\u00f6rfez \u00fclkelerinin krizde birbirlerini lojistik olarak desteklediklerini ancak siyasi ve askeri tepkilerini ele\u015ftirdi. Alt\u0131 \u00fcyeli K\u00f6rfez \u0130\u015fbirli\u011fi Konseyi&#8217;ne at\u0131fta bulunarak, \u201cSald\u0131r\u0131n\u0131n do\u011fas\u0131 ve herkes i\u00e7in olu\u015fturdu\u011fu tehdit g\u00f6z \u00f6n\u00fcne al\u0131nd\u0131\u011f\u0131nda, K\u0130K&#8217;in duru\u015fu tarihsel olarak en zay\u0131f\u0131yd\u0131\u201d dedi. Tahran, ABD ve \u0130srail&#8217;in 28 \u015eubat&#8217;ta \u0130ran&#8217;a sald\u0131rmas\u0131n\u0131n ard\u0131ndan K\u0130K \u00fclkelerine (Bahreyn, Kuveyt, Umman, Katar, Suudi Arabistan ve BAE) y\u00fczlerce f\u00fcze ve dron f\u0131rlatt\u0131. En \u00e7ok hedef al\u0131nan \u00fclke olan BAE, \u0130ran&#8217;a kar\u015f\u0131 daha sert bir ton benimserken, kom\u015fular\u0131 daha \u00f6l\u00e7\u00fcl\u00fc g\u00f6r\u00fcn\u00fcyor.<\/p>\n<p>Bahreyn i\u00e7i\u015fleri bakanl\u0131\u011f\u0131, \u201c\u0130ran sald\u0131r\u0131lar\u0131na destek verdikleri\u201d gerek\u00e7esiyle 69 ki\u015finin ve ailelerinin vatanda\u015fl\u0131\u011f\u0131n\u0131 iptal etti\u011fini duyurdu. Bahreyn, 28 \u015eubat&#8217;ta ba\u015flayan ABD-\u0130srail hava sald\u0131r\u0131lar\u0131na misilleme olarak \u0130ran&#8217;\u0131n sald\u0131r\u0131lar\u0131na maruz kalan K\u00f6rfez \u00fclkeleri aras\u0131nda yer al\u0131yor.<\/p>\n<p>Daha Fazla G\u00f6nderi G\u00f6ster<br \/>\nABD Ba\u015fkan\u0131 Donald Trump, \u0130ran&#8217;\u0131n iki \u00fclke aras\u0131ndaki sava\u015f\u0131 sona erdirmek i\u00e7in m\u00fczakere etmek istemesi halinde ABD ile telefonla ileti\u015fime ge\u00e7ebilece\u011fini s\u00f6yledi.<br \/>\n\u0130ki \u0130srailli siyasi a\u011f\u0131r s\u0131klet, uzun s\u00fcredir ba\u015fbakanl\u0131k yapan Binyamin Netanyahu&#8217;yu koltu\u011fundan etmek i\u00e7in yakla\u015fan se\u00e7imlerde g\u00fc\u00e7lerini birle\u015ftireceklerini s\u00f6yledi.<br \/>\nL\u00fcbnan Hizbullah&#8217;\u0131 \u0130srail&#8217;i ate\u015fkese uymamakla su\u00e7lad\u0131 ve ihlallerin direni\u015fle kar\u015f\u0131lanaca\u011f\u0131 konusunda uyard\u0131.<br \/>\n(FRANCE 24, AFP, AP ve Reuters ile)<\/p>\n<p>#OrtaDo\u011fuSava\u015f\u0131 #\u0130ran #\u0130srail #L\u00fcbnan #H\u00fcrm\u00fczBo\u011faz\u0131 #Hizbullah #Diplomasi #Rusya #ABD #Ate\u015fkes<\/p>\n","protected":false},"excerpt":{"rendered":"<p>Canl\u0131 Rusya Devlet Ba\u015fkan\u0131 Vladimir Putin Pazartesi g\u00fcn\u00fc \u0130ran D\u0131\u015fi\u015fleri Bakan\u0131 Abbas Araghchi&#8217;yi a\u011f\u0131rlayarak, Moskova&#8217;n\u0131n Tahran&#8217;\u0131n ve kom\u015fular\u0131n\u0131n \u00e7\u0131karlar\u0131na hizmet eden \u201cher \u015feyi\u201d yapaca\u011f\u0131n\u0131 s\u00f6yledi. Bu arada L\u00fcbnan&#8217;da \u0130srail, g\u00fcneydeki Bekaa Vadisi&#8217;ne ve L\u00fcbnan&#8217;\u0131n Suriye s\u0131n\u0131r\u0131na yak\u0131n b\u00f6lgelere sald\u0131r\u0131lar d\u00fczenleyerek bombalama kampanyas\u0131n\u0131n kapsam\u0131n\u0131 geni\u015fletti. En son g\u00fcncellemeler i\u00e7in canl\u0131 blogumuzu takip edin. \u0130ran&#8217;\u0131n Birle\u015fmi\u015f Milletler [&hellip;]<\/p>\n","protected":false},"author":2,"featured_media":11081,"comment_status":"open","ping_status":"open","sticky":false,"template":"","format":"standard","meta":{"footnotes":""},"categories":[37],"tags":[],"class_list":["post-11080","post","type-post","status-publish","format-standard","has-post-thumbnail","hentry","category-orta-dogu-haberleri"],"_links":{"self":[{"href":"https:\/\/fajr.news\/index.php?rest_route=\/wp\/v2\/posts\/11080","targetHints":{"allow":["GET"]}}],"collection":[{"href":"https:\/\/fajr.news\/index.php?rest_route=\/wp\/v2\/posts"}],"about":[{"href":"https:\/\/fajr.news\/index.php?rest_route=\/wp\/v2\/types\/post"}],"author":[{"embeddable":true,"href":"https:\/\/fajr.news\/index.php?rest_route=\/wp\/v2\/users\/2"}],"replies":[{"embeddable":true,"href":"https:\/\/fajr.news\/index.php?rest_route=%2Fwp%2Fv2%2Fcomments&post=11080"}],"version-history":[{"count":0,"href":"https:\/\/fajr.news\/index.php?rest_route=\/wp\/v2\/posts\/11080\/revisions"}],"wp:featuredmedia":[{"embeddable":true,"href":"https:\/\/fajr.news\/index.php?rest_route=\/wp\/v2\/media\/11081"}],"wp:attachment":[{"href":"https:\/\/fajr.news\/index.php?rest_route=%2Fwp%2Fv2%2Fmedia&parent=11080"}],"wp:term":[{"taxonomy":"category","embeddable":true,"href":"https:\/\/fajr.news\/index.php?rest_route=%2Fwp%2Fv2%2Fcategories&post=11080"},{"taxonomy":"post_tag","embeddable":true,"href":"https:\/\/fajr.news\/index.php?rest_route=%2Fwp%2Fv2%2Ftags&post=11080"}],"curies":[{"name":"wp","href":"https:\/\/api.w.org\/{rel}","templated":true}]}}