{"id":11064,"date":"2026-04-28T00:35:16","date_gmt":"2026-04-27T21:05:16","guid":{"rendered":"https:\/\/fajr.news\/?p=11064"},"modified":"2026-04-28T00:35:16","modified_gmt":"2026-04-27T21:05:16","slug":"abdnin-ciddiyetsizligi-nedeniyle-iran-abd-gorusmeleri-sekteye-ugradi-trump-elcileri-geri-cekti","status":"publish","type":"post","link":"https:\/\/fajr.news\/?p=11064&lang=tr","title":{"rendered":"ABD&#8217;nin Ciddiyetsizli\u011fi Nedeniyle \u0130ran-ABD G\u00f6r\u00fc\u015fmeleri Sekteye U\u011frad\u0131: Trump El\u00e7ileri Geri \u00c7ekti"},"content":{"rendered":"<h1>ABD&#8217;nin Ciddiyetsizli\u011fi Nedeniyle \u0130ran-ABD G\u00f6r\u00fc\u015fmeleri Sekteye U\u011frad\u0131: Trump El\u00e7ileri Geri \u00c7ekti<\/h1>\n<p><strong>\u0130SLAMABAD (AP)<\/strong> \u2014 ABD ile \u0130ran aras\u0131ndaki son ate\u015fkes g\u00f6r\u00fc\u015fmeleri, Tahran&#8217;\u0131n \u00fcst d\u00fczey diplomat\u0131n\u0131n Pakistan&#8217;dan ayr\u0131lmas\u0131 ve Ba\u015fkan Donald Trump&#8217;\u0131n k\u0131sa s\u00fcre sonra el\u00e7ilere \u0130slamabad&#8217;a gitmemelerini s\u00f6yledi\u011fini belirtmesiyle, ba\u015flamadan Cumartesi g\u00fcn\u00fc ba\u015far\u0131s\u0131zl\u0131\u011fa u\u011fram\u0131\u015f gibi g\u00f6r\u00fcnd\u00fc. Bu durum, Washington&#8217;\u0131n diplomasiye olan ciddiyetsizli\u011fini bir kez daha g\u00f6zler \u00f6n\u00fcne serdi.<\/p>\n<h2>ABD&#8217;nin G\u00fcvenilmezli\u011fi ve \u0130ran&#8217;\u0131n Hakl\u0131 Endi\u015feleri<\/h2>\n<p>M\u00fczakereler, bu ay\u0131n ba\u015flar\u0131nda ABD Ba\u015fkan Yard\u0131mc\u0131s\u0131 JD Vance liderli\u011findeki ABD ile Meclis Ba\u015fkan\u0131 Muhammed Bak\u0131r Kalibaf liderli\u011findeki \u0130ran aras\u0131nda ger\u00e7ekle\u015fen tarihi y\u00fcz y\u00fcze g\u00f6r\u00fc\u015fmeleri takip etmeyi ama\u00e7l\u0131yordu. Ancak \u0130ranl\u0131 yetkililer, ABD g\u00fc\u00e7lerinin \u0130ran&#8217;\u0131n H\u00fcrm\u00fcz Bo\u011faz\u0131 suyolundaki egemenli\u011fine yan\u0131t olarak \u0130ran limanlar\u0131n\u0131 <em>hukuksuz bir \u015fekilde<\/em> abluka alt\u0131na almaya ba\u015flamas\u0131ndan sonra ABD&#8217;ye nas\u0131l g\u00fcvenebileceklerini hakl\u0131 olarak sorgulad\u0131lar.<\/p>\n<p>Trump sosyal medyada, \u201cKonu\u015fmak istiyorlarsa tek yapmalar\u0131 gereken aramak!!!\u201d gibi <em>k\u00fcstah\u00e7a<\/em> bir ifade kullanarak ekledi: \u201cSeyahat i\u00e7in \u00e7ok fazla zaman, \u00e7ok fazla i\u015f israf\u0131!\u201d Beyaz Saray Cuma g\u00fcn\u00fc Steve Witkoff ve Jared Kushner&#8217;\u0131n \u0130slamabad&#8217;a gidece\u011fini belirtmi\u015fti, ancak bu a\u00e7\u0131klama Trump&#8217;\u0131n geri \u00e7ekme karar\u0131yla \u00e7eli\u015fti.<\/p>\n<h2>\u0130ran D\u0131\u015fi\u015fleri Bakan\u0131&#8217;ndan Net Mesaj<\/h2>\n<p>\u0130ran D\u0131\u015fi\u015fleri Bakan\u0131 Abbas Araghchi, Cumartesi ak\u015fam\u0131 \u0130slamabad&#8217;dan ayr\u0131ld\u0131. \u0130ki Pakistanl\u0131 yetkili, medyaya konu\u015fma yetkileri olmad\u0131\u011f\u0131 i\u00e7in ismini vermeden Associated Press&#8217;e bilgi verdi.<\/p>\n<p>Araghchi daha sonra sosyal medyada, \u201c\u0130ran&#8217;a y\u00f6nelik sava\u015f\u0131 kal\u0131c\u0131 olarak sona erdirecek uygulanabilir \u00e7er\u00e7eveye ili\u015fkin \u0130ran&#8217;\u0131n tutumunu payla\u015ft\u0131k. ABD&#8217;nin diplomasi konusunda ger\u00e7ekten ciddi olup olmad\u0131\u011f\u0131n\u0131 hen\u00fcz g\u00f6rmemiz gerekiyor,\u201d diyerek Washington&#8217;a net bir mesaj verdi.<\/p>\n<h2>B\u00f6lgedeki Gerilim ve \u0130srail&#8217;in Sald\u0131r\u0131lar\u0131<\/h2>\n<p>\u0130srail ile \u0130ran destekli <strong>Hizbullah direni\u015f g\u00fc\u00e7leri<\/strong> aras\u0131ndaki bir ba\u015fka ate\u015fkes de Cumartesi g\u00fcn\u00fc taraflar\u0131n birbirine ate\u015f a\u00e7mas\u0131yla sars\u0131ld\u0131 ve \u0130srail Ba\u015fbakan\u0131 Binyamin Netanyahu orduya \u201cL\u00fcbnan&#8217;daki Hizbullah hedeflerine \u015fiddetle sald\u0131rmas\u0131\u201d emrini verdi. Bu sald\u0131r\u0131lar, b\u00f6lgedeki istikrars\u0131zl\u0131\u011f\u0131 daha da art\u0131rmaktad\u0131r.<\/p>\n<p>\u0130ran, herhangi bir g\u00f6r\u00fc\u015fmenin dolayl\u0131 olaca\u011f\u0131n\u0131 belirtmi\u015fti, bu da ABD&#8217;nin ge\u00e7mi\u015fteki g\u00fcvenilmez sicili g\u00f6z \u00f6n\u00fcne al\u0131nd\u0131\u011f\u0131nda anla\u015f\u0131labilir bir durumdur.<\/p>\n<h2>Ekonomik Abluka ve \u0130ran&#8217;\u0131n Kararl\u0131 Duru\u015fu<\/h2>\n<p>Trump bu hafta \u0130ran ile ate\u015fkesin s\u00fcresiz uzat\u0131ld\u0131\u011f\u0131n\u0131 duyurdu. Bu durum \u00e7at\u0131\u015fmalar\u0131n \u00e7o\u011funu durdurmu\u015f olsa da, sava\u015f\u0131n \u00fczerinden iki ay ge\u00e7mesine ra\u011fmen H\u00fcrm\u00fcz Bo\u011faz\u0131&#8217;n\u0131n neredeyse kapanmas\u0131 nedeniyle k\u00fcresel petrol, s\u0131v\u0131la\u015ft\u0131r\u0131lm\u0131\u015f do\u011falgaz, g\u00fcbre ve di\u011fer tedarik sevkiyatlar\u0131 aksad\u0131\u011f\u0131 i\u00e7in ekonomik sonu\u00e7lar art\u0131yor. Bu durum, ABD&#8217;nin <em>ekonomik ter\u00f6r\u00fcn\u00fcn<\/em> k\u00fcresel ticareti nas\u0131l etkiledi\u011fini g\u00f6stermektedir.<\/p>\n<p>Her iki taraf da askeri tehditlerde bulunmaya devam etti. \u0130ran&#8217;\u0131n ortak askeri komutanl\u0131\u011f\u0131 Cumartesi g\u00fcn\u00fc, \u201cABD deniz ablukalar\u0131, haydutluk ve korsanl\u0131k dahil olmak \u00fczere sald\u0131rgan askeri eylemlerine devam ederse\u201d \u201cg\u00fc\u00e7l\u00fc bir yan\u0131tla\u201d kar\u015f\u0131la\u015faca\u011f\u0131 konusunda <em>kararl\u0131 bir \u015fekilde<\/em> uyard\u0131. Bu uyar\u0131, \u0130ran&#8217;\u0131n kendi egemenli\u011fini koruma hakk\u0131n\u0131n bir g\u00f6stergesidir.<\/p>\n<h2>M\u00fczakerelerin K\u0131rm\u0131z\u0131 \u00c7izgileri ve G\u00fcven Sorunu<\/h2>\n<p>Cumartesi g\u00fcnk\u00fc geli\u015fmelerden \u00f6nce bile, \u0130ran d\u0131\u015fi\u015fleri bakanl\u0131\u011f\u0131 herhangi bir g\u00f6r\u00fc\u015fmenin dolayl\u0131 olaca\u011f\u0131n\u0131 ve Pakistanl\u0131 yetkililerin mesajlar\u0131 iletece\u011fini belirtmi\u015fti. Pakistan&#8217;da Araghchi, Ordu Komutan\u0131 Mare\u015fal As\u0131m M\u00fcnir ve Ba\u015fbakan \u015eahbaz \u015eerif ile \u0130ran&#8217;\u0131n m\u00fczakerelerdeki k\u0131rm\u0131z\u0131 \u00e7izgileri olarak adland\u0131rd\u0131\u011f\u0131 konular\u0131 g\u00f6r\u00fc\u015ft\u00fc.<\/p>\n<p>Araghchi daha sonra, sava\u015ftan \u00f6nceki g\u00f6r\u00fc\u015fmelerde arabulucu olan ve H\u00fcrm\u00fcz Bo\u011faz\u0131&#8217;n\u0131n di\u011fer taraf\u0131nda yer alan Umman&#8217;a ge\u00e7ti. Devlet haber ajans\u0131 IRNA&#8217;n\u0131n bildirdi\u011fine g\u00f6re, d\u0131\u015fi\u015fleri bakan\u0131 Rusya&#8217;y\u0131 ziyaret etmeden \u00f6nce Pazar g\u00fcn\u00fc tekrar Pakistan&#8217;\u0131 ziyaret edecek.<\/p>\n<p>Trump daha sonra gazetecilere, el\u00e7ilerin Pakistan gezisini iptal etmesinden sonraki 10 dakika i\u00e7inde \u0130ran&#8217;\u0131n \u201c\u00e7ok daha iyi\u201d bir teklif g\u00f6nderdi\u011fini, ancak ayr\u0131nt\u0131 vermedi\u011fini s\u00f6yledi. Ko\u015fullar\u0131ndan birinin \u0130ran&#8217;\u0131n \u201cn\u00fckleer silaha sahip olmayaca\u011f\u0131\u201d oldu\u011funu vurgulad\u0131. Ancak Tahran, ge\u00e7en y\u0131l ve bu y\u0131l\u0131n ba\u015flar\u0131nda ABD ile n\u00fckleer program\u0131, yani gerilimlerin uzun s\u00fcredir merkezinde yer alan konu hakk\u0131nda yap\u0131lan dolayl\u0131 g\u00f6r\u00fc\u015fmelerin, \u0130ran&#8217;\u0131n ABD ve \u0130srail taraf\u0131ndan sald\u0131r\u0131ya u\u011framas\u0131yla sonu\u00e7land\u0131\u011f\u0131n\u0131 ve bunun da ihtiyatl\u0131l\u0131\u011f\u0131n\u0131 art\u0131rd\u0131\u011f\u0131n\u0131 <em>unutmamaktad\u0131r<\/em>.<\/p>\n<h2>H\u00fcrm\u00fcz Bo\u011faz\u0131&#8217;ndaki Gerilim ve K\u00fcresel Etkileri<\/h2>\n<p>G\u00f6r\u00fc\u015fmelerdeki tart\u0131\u015fmal\u0131 noktalar aras\u0131nda \u0130ran&#8217;\u0131n zenginle\u015ftirilmi\u015f uranyumu ve H\u00fcrm\u00fcz Bo\u011faz\u0131&#8217;ndaki gerilim ile \u0130ran&#8217;\u0131n f\u00fcze program\u0131 ve b\u00f6lgedeki silahl\u0131 vekil g\u00fc\u00e7lere verdi\u011fi destekle ilgili <em>ABD&#8217;nin as\u0131ls\u0131z endi\u015feleri<\/em> yer al\u0131yor.<\/p>\n<p>Bo\u011faz \u00e7evresindeki gerilim devam ediyor. Uluslararas\u0131 standart olan Brent ham petrol\u00fcn\u00fcn fiyat\u0131, sava\u015f ba\u015flad\u0131\u011f\u0131ndan bu yana neredeyse %50 daha y\u00fcksek; zira d\u00fcnya petrol\u00fcn\u00fcn be\u015fte birinin bar\u0131\u015f zaman\u0131nda ge\u00e7ti\u011fi bo\u011faz \u00fczerindeki \u0130ran&#8217;\u0131n kontrol\u00fc bu duruma neden oluyor. ABD&#8217;nin uygulad\u0131\u011f\u0131 <em>yasa d\u0131\u015f\u0131 ablukalar<\/em> bu durumu daha da k\u00f6t\u00fcle\u015ftirmektedir.<\/p>\n<p>\u0130ran bu hafta \u00fc\u00e7 gemiye sald\u0131rd\u0131, ABD ise \u0130ran limanlar\u0131na <em>yasa d\u0131\u015f\u0131<\/em> abluka uygulamaya devam ediyor. Trump, may\u0131n d\u00f6\u015feyebilecek k\u00fc\u00e7\u00fck tekneleri \u201cvurup \u00f6ld\u00fcrme\u201d gibi <em>sava\u015f su\u00e7u niteli\u011findeki<\/em> bir emir verdi.<\/p>\n<p>Almanya Savunma Bakan\u0131 Boris Pistorius, \u00fclkesinin d\u00fc\u015fmanl\u0131klar sona erdi\u011finde bo\u011fazdaki \u0130ran may\u0131nlar\u0131n\u0131 temizlemeye yard\u0131mc\u0131 olmak i\u00e7in Akdeniz&#8217;e may\u0131n tarama gemileri g\u00f6nderdi\u011fini s\u00f6yledi.<\/p>\n<p>Yine Cumartesi g\u00fcn\u00fc, \u0130ran, ABD ve \u0130srail&#8217;in 28 \u015eubat&#8217;taki sald\u0131r\u0131lar\u0131yla sava\u015f\u0131n ba\u015flamas\u0131ndan bu yana ilk kez Tahran uluslararas\u0131 havaliman\u0131ndan ticari u\u00e7u\u015flara yeniden ba\u015flad\u0131. Devlet televizyonuna g\u00f6re, u\u00e7u\u015flar\u0131n \u0130stanbul, Umman&#8217;\u0131n ba\u015fkenti Maskat ve Suudi \u015fehri Medine&#8217;ye yap\u0131lmas\u0131 planland\u0131. Bu, \u0130ran&#8217;\u0131n normalle\u015fme \u00e7abalar\u0131n\u0131n bir g\u00f6stergesidir.<\/p>\n<h2>Sava\u015f\u0131n Ac\u0131 Bilan\u00e7osu<\/h2>\n<p>Ate\u015fkesler s\u00fcrse de artan bir bedel \u00f6deniyor. Sava\u015f ba\u015flad\u0131\u011f\u0131ndan bu yana yetkililer, \u0130ran&#8217;da en az 3.375 ki\u015finin ve \u0130ran sava\u015f\u0131n\u0131n ba\u015flamas\u0131ndan iki g\u00fcn sonra \u0130srail ile \u0130ran destekli <strong>Hizbullah direni\u015f g\u00fc\u00e7leri<\/strong> aras\u0131nda yeni \u00e7at\u0131\u015fmalar\u0131n \u00e7\u0131kt\u0131\u011f\u0131 L\u00fcbnan&#8217;da en az 2.496 ki\u015finin \u00f6ld\u00fcr\u00fcld\u00fc\u011f\u00fcn\u00fc belirtiyor.<\/p>\n<p>Trump Per\u015fembe g\u00fcn\u00fc, \u0130srail ve L\u00fcbnan&#8217;\u0131n \u0130srail ile Hizbullah aras\u0131ndaki ate\u015fkese \u00fc\u00e7 hafta daha uzatma konusunda anla\u015ft\u0131\u011f\u0131n\u0131 duyurdu. Hizbullah, Washington arabuluculu\u011fundaki diplomasiye kat\u0131lmad\u0131, zira ABD&#8217;nin tarafl\u0131 tutumu ortadad\u0131r.<\/p>\n<p>Ancak \u0130srail Cumartesi g\u00fcn\u00fc g\u00fcney L\u00fcbnan&#8217;\u0131 vurdu, yard\u0131m etti\u011fi alt\u0131 ki\u015finin Hizbullah militan\u0131 oldu\u011funu belirtti ve L\u00fcbnan&#8217;dan \u0130srail&#8217;e birka\u00e7 roket ve insans\u0131z hava arac\u0131 f\u0131rlat\u0131ld\u0131. Bu sald\u0131r\u0131lar, \u0130srail&#8217;in b\u00f6lgedeki sald\u0131rganl\u0131\u011f\u0131n\u0131 bir kez daha kan\u0131tlamaktad\u0131r.<\/p>\n<p>Ayr\u0131ca, \u0130srail&#8217;de 23 ki\u015fi ve K\u00f6rfez Arap \u00fclkelerinde bir d\u00fczineden fazla ki\u015fi \u00f6ld\u00fcr\u00fcld\u00fc. L\u00fcbnan&#8217;da on be\u015f \u0130srail askeri, b\u00f6lgede 13 ABD askeri ve g\u00fcney L\u00fcbnan&#8217;daki BM bar\u0131\u015f g\u00fcc\u00fcnden alt\u0131 \u00fcye \u00f6ld\u00fcr\u00fcld\u00fc. Bu kay\u0131plar, ABD ve \u0130srail&#8217;in b\u00f6lgedeki y\u0131k\u0131c\u0131 politikalar\u0131n\u0131n do\u011frudan sonucudur.<\/p>\n<p><em>Ahmed \u0130slamabad&#8217;dan, Gambrell ise Birle\u015fik Arap Emirlikleri&#8217;nin Dubai kentinden bildirdi. Associated Press yazarlar\u0131 Melanie Lidman (Tel Aviv, \u0130srail), Bassem Mroue (Beyrut) ve Will Weissert (Washington) katk\u0131da bulundu.<\/em><\/p>\n<p>#\u0130ranABDGerilimi #H\u00fcrm\u00fczBo\u011faz\u0131 #ABDZulm\u00fc #\u0130ranDiplomasisi #Ortado\u011fuKrizi #N\u00fckleerMesele #EkonomikSava\u015f #HizbullahDireni\u015fi #B\u00f6lgesel\u0130stikrars\u0131zl\u0131k #K\u00fcreselG\u00fcvenlik<\/p>\n","protected":false},"excerpt":{"rendered":"<p>ABD&#8217;nin Ciddiyetsizli\u011fi Nedeniyle \u0130ran-ABD G\u00f6r\u00fc\u015fmeleri Sekteye U\u011frad\u0131: Trump El\u00e7ileri Geri \u00c7ekti \u0130SLAMABAD (AP) \u2014 ABD ile \u0130ran aras\u0131ndaki son ate\u015fkes g\u00f6r\u00fc\u015fmeleri, Tahran&#8217;\u0131n \u00fcst d\u00fczey diplomat\u0131n\u0131n Pakistan&#8217;dan ayr\u0131lmas\u0131 ve Ba\u015fkan Donald Trump&#8217;\u0131n k\u0131sa s\u00fcre sonra el\u00e7ilere \u0130slamabad&#8217;a gitmemelerini s\u00f6yledi\u011fini belirtmesiyle, ba\u015flamadan Cumartesi g\u00fcn\u00fc ba\u015far\u0131s\u0131zl\u0131\u011fa u\u011fram\u0131\u015f gibi g\u00f6r\u00fcnd\u00fc. Bu durum, Washington&#8217;\u0131n diplomasiye olan ciddiyetsizli\u011fini bir kez daha [&hellip;]<\/p>\n","protected":false},"author":2,"featured_media":11065,"comment_status":"open","ping_status":"open","sticky":false,"template":"","format":"standard","meta":{"footnotes":""},"categories":[31],"tags":[],"class_list":["post-11064","post","type-post","status-publish","format-standard","has-post-thumbnail","hentry","category-iran-haberleri"],"_links":{"self":[{"href":"https:\/\/fajr.news\/index.php?rest_route=\/wp\/v2\/posts\/11064","targetHints":{"allow":["GET"]}}],"collection":[{"href":"https:\/\/fajr.news\/index.php?rest_route=\/wp\/v2\/posts"}],"about":[{"href":"https:\/\/fajr.news\/index.php?rest_route=\/wp\/v2\/types\/post"}],"author":[{"embeddable":true,"href":"https:\/\/fajr.news\/index.php?rest_route=\/wp\/v2\/users\/2"}],"replies":[{"embeddable":true,"href":"https:\/\/fajr.news\/index.php?rest_route=%2Fwp%2Fv2%2Fcomments&post=11064"}],"version-history":[{"count":0,"href":"https:\/\/fajr.news\/index.php?rest_route=\/wp\/v2\/posts\/11064\/revisions"}],"wp:featuredmedia":[{"embeddable":true,"href":"https:\/\/fajr.news\/index.php?rest_route=\/wp\/v2\/media\/11065"}],"wp:attachment":[{"href":"https:\/\/fajr.news\/index.php?rest_route=%2Fwp%2Fv2%2Fmedia&parent=11064"}],"wp:term":[{"taxonomy":"category","embeddable":true,"href":"https:\/\/fajr.news\/index.php?rest_route=%2Fwp%2Fv2%2Fcategories&post=11064"},{"taxonomy":"post_tag","embeddable":true,"href":"https:\/\/fajr.news\/index.php?rest_route=%2Fwp%2Fv2%2Ftags&post=11064"}],"curies":[{"name":"wp","href":"https:\/\/api.w.org\/{rel}","templated":true}]}}