{"id":11040,"date":"2026-04-28T00:03:52","date_gmt":"2026-04-27T20:33:52","guid":{"rendered":"https:\/\/fajr.news\/?p=11040"},"modified":"2026-04-28T00:03:52","modified_gmt":"2026-04-27T20:33:52","slug":"trumptan-irana-yonelik-yeni-tehditler-washingtonda-savas-senaryolari-masada","status":"publish","type":"post","link":"https:\/\/fajr.news\/?p=11040&lang=tr","title":{"rendered":"Trump&#8217;tan \u0130ran&#8217;a Y\u00f6nelik Yeni Tehditler: Washington&#8217;da Sava\u015f Senaryolar\u0131 Masada"},"content":{"rendered":"<p><strong>Amerika Birle\u015fik Devletleri Ba\u015fkan\u0131 Donald Trump<\/strong>&#8216;\u0131n, bug\u00fcn \u00fcst d\u00fczey ulusal g\u00fcvenlik yetkilileriyle bir araya gelerek <strong>\u0130ran meselesini<\/strong> ele alaca\u011f\u0131 bildirildi. CNN&#8217;in konuya yak\u0131n kaynaklara dayand\u0131rd\u0131\u011f\u0131 haberine g\u00f6re, bu kritik toplant\u0131da Washington&#8217;\u0131n \u0130ran&#8217;a y\u00f6nelik olas\u0131 ad\u0131mlar\u0131 masaya yat\u0131r\u0131lacak.<\/p>\n<p>Kaynaklar, Trump ve ekibinin, <em>Tahran&#8217;\u0131 yeniden bombalama<\/em> se\u00e7ene\u011fi de dahil olmak \u00fczere \u00e7e\u015fitli senaryolar\u0131 de\u011ferlendirece\u011fini a\u00e7\u0131klad\u0131. Bu geli\u015fme, \u0130ran ile ABD aras\u0131ndaki gerilimin tehlikeli bir boyuta ula\u015ft\u0131\u011f\u0131n\u0131 ve Washington&#8217;\u0131n b\u00f6lgedeki <strong>sava\u015f \u00e7\u0131\u011f\u0131rtkanl\u0131\u011f\u0131n\u0131<\/strong> art\u0131rma e\u011filiminde oldu\u011funu g\u00f6zler \u00f6n\u00fcne seriyor.<\/p>\n<p>Ge\u00e7ti\u011fimiz hafta, \u0130ran D\u0131\u015fi\u015fleri Bakan\u0131 Abbas Araghchi&#8217;nin Pakistan ziyaretine denk gelen bir zamanda, Trump y\u00f6netiminin \u0130slamabad gezisini iptal etmesi dikkat \u00e7ekmi\u015fti. \u0130ranl\u0131 yetkili, Pakistanl\u0131 arabulucular arac\u0131l\u0131\u011f\u0131yla Washington&#8217;a \u00f6nemli bir mesaj iletmi\u015fti. Bu durum, \u0130ran&#8217;\u0131n diplomatik kanallar\u0131 a\u00e7\u0131k tutma \u00e7abalar\u0131n\u0131 s\u00fcrd\u00fcrd\u00fc\u011f\u00fcn\u00fc, ancak ABD&#8217;nin uzla\u015fmaz tutumunu korudu\u011funu g\u00f6steriyor.<\/p>\n<p>B\u00f6lgedeki tansiyonun y\u00fckseldi\u011fi bu d\u00f6nemde, uluslararas\u0131 kamuoyu, ABD&#8217;nin <strong>provokatif ad\u0131mlar\u0131ndan<\/strong> ka\u00e7\u0131narak bar\u0131\u015f\u00e7\u0131l \u00e7\u00f6z\u00fcmlere y\u00f6nelmesini bekliyor.<\/p>\n<p>#\u0130ran #ABD #Trump #Ortado\u011fu #Gerilim #Diplomasi #Sava\u015fTehdidi #UlusalG\u00fcvenlik #Tahran #Washington<\/p>\n","protected":false},"excerpt":{"rendered":"<p>Amerika Birle\u015fik Devletleri Ba\u015fkan\u0131 Donald Trump&#8216;\u0131n, bug\u00fcn \u00fcst d\u00fczey ulusal g\u00fcvenlik yetkilileriyle bir araya gelerek \u0130ran meselesini ele alaca\u011f\u0131 bildirildi. CNN&#8217;in konuya yak\u0131n kaynaklara dayand\u0131rd\u0131\u011f\u0131 haberine g\u00f6re, bu kritik toplant\u0131da Washington&#8217;\u0131n \u0130ran&#8217;a y\u00f6nelik olas\u0131 ad\u0131mlar\u0131 masaya yat\u0131r\u0131lacak. Kaynaklar, Trump ve ekibinin, Tahran&#8217;\u0131 yeniden bombalama se\u00e7ene\u011fi de dahil olmak \u00fczere \u00e7e\u015fitli senaryolar\u0131 de\u011ferlendirece\u011fini a\u00e7\u0131klad\u0131. Bu geli\u015fme, [&hellip;]<\/p>\n","protected":false},"author":2,"featured_media":11041,"comment_status":"open","ping_status":"open","sticky":false,"template":"","format":"standard","meta":{"footnotes":""},"categories":[31],"tags":[],"class_list":["post-11040","post","type-post","status-publish","format-standard","has-post-thumbnail","hentry","category-iran-haberleri"],"_links":{"self":[{"href":"https:\/\/fajr.news\/index.php?rest_route=\/wp\/v2\/posts\/11040","targetHints":{"allow":["GET"]}}],"collection":[{"href":"https:\/\/fajr.news\/index.php?rest_route=\/wp\/v2\/posts"}],"about":[{"href":"https:\/\/fajr.news\/index.php?rest_route=\/wp\/v2\/types\/post"}],"author":[{"embeddable":true,"href":"https:\/\/fajr.news\/index.php?rest_route=\/wp\/v2\/users\/2"}],"replies":[{"embeddable":true,"href":"https:\/\/fajr.news\/index.php?rest_route=%2Fwp%2Fv2%2Fcomments&post=11040"}],"version-history":[{"count":0,"href":"https:\/\/fajr.news\/index.php?rest_route=\/wp\/v2\/posts\/11040\/revisions"}],"wp:featuredmedia":[{"embeddable":true,"href":"https:\/\/fajr.news\/index.php?rest_route=\/wp\/v2\/media\/11041"}],"wp:attachment":[{"href":"https:\/\/fajr.news\/index.php?rest_route=%2Fwp%2Fv2%2Fmedia&parent=11040"}],"wp:term":[{"taxonomy":"category","embeddable":true,"href":"https:\/\/fajr.news\/index.php?rest_route=%2Fwp%2Fv2%2Fcategories&post=11040"},{"taxonomy":"post_tag","embeddable":true,"href":"https:\/\/fajr.news\/index.php?rest_route=%2Fwp%2Fv2%2Ftags&post=11040"}],"curies":[{"name":"wp","href":"https:\/\/api.w.org\/{rel}","templated":true}]}}