{"id":11032,"date":"2026-04-27T23:49:14","date_gmt":"2026-04-27T20:19:14","guid":{"rendered":"https:\/\/fajr.news\/?p=11032"},"modified":"2026-04-27T23:49:14","modified_gmt":"2026-04-27T20:19:14","slug":"subat-ayinda-mena-bolgesi-is-seyahatlerinde-yuzde-20lik-buyuk-artis-tumodo-raporu","status":"publish","type":"post","link":"https:\/\/fajr.news\/?p=11032&lang=tr","title":{"rendered":"\u015eubat Ay\u0131nda MENA B\u00f6lgesi \u0130\u015f Seyahatlerinde Y\u00fczde 20&#8217;lik B\u00fcy\u00fck Art\u0131\u015f: Tumodo Raporu"},"content":{"rendered":"<section>\n<p><strong>MENA b\u00f6lgesindeki i\u015f seyahatleri, 2026 y\u0131l\u0131n\u0131n ilk \u00e7eyre\u011finde dikkat \u00e7ekici bir b\u00fcy\u00fcme ivmesi yakalad\u0131.<\/strong> Tumodo taraf\u0131ndan yay\u0131mlanan son rapor, \u00f6zellikle \u015eubat ay\u0131nda g\u00f6zlemlenen g\u00fc\u00e7l\u00fc art\u0131\u015fla b\u00f6lgedeki ekonomik canl\u0131l\u0131\u011f\u0131n alt\u0131n\u0131 \u00e7iziyor.<\/p>\n<h2>\n<p><strong>\u015eubat Ay\u0131 Beklentileri A\u015ft\u0131, B\u00f6lgesel Dinamizm G\u00fcc\u00fcn\u00fc Koruyor<\/strong><\/p>\n<\/h2>\n<p>2025 Aral\u0131k ay\u0131na benzer seviyelerde ba\u015flayan \u00e7eyrek, Ocak ay\u0131nda <strong>y\u00fczde 5&#8217;lik<\/strong> m\u00fctevaz\u0131 bir y\u00fckseli\u015f kaydetti. Ancak as\u0131l s\u0131\u00e7rama, seyahat ve rezervasyonlarda <strong>y\u00fczde 20&#8217;lik g\u00fc\u00e7l\u00fc bir art\u0131\u015fla<\/strong> beklentilerle uyumlu bir performans sergileyen \u015eubat ay\u0131nda ya\u015fand\u0131. Mart ay\u0131, \u015eubat ay\u0131n\u0131n zirvesini a\u015famasa da, Ocak ay\u0131n\u0131n <strong>y\u00fczde 5 \u00fczerinde<\/strong> kalmay\u0131 ba\u015fard\u0131. Bu durumun \u00f6nemli bir nedeni olarak, b\u00f6lge i\u00e7inde ger\u00e7ekle\u015fen kurumsal personel yer de\u011fi\u015ftirmeleri g\u00f6steriliyor.<\/p>\n<p>Tumodo&#8217;nun de\u011ferlendirmelerine g\u00f6re, 2026&#8217;n\u0131n ilk \u00e7eyre\u011fi, toplam rezervasyonlarda 2025&#8217;in son \u00e7eyre\u011fiyle e\u015fle\u015fti. Raporda, Mart ay\u0131n\u0131n b\u00f6lgesel geli\u015fmelerden etkilenmemesi halinde b\u00fcy\u00fcmenin <strong>y\u00fczde 25&#8217;e<\/strong> ula\u015fabilece\u011fi belirtiliyor. Bu durum, b\u00f6lgenin potansiyelinin ne denli y\u00fcksek oldu\u011funu bir kez daha g\u00f6zler \u00f6n\u00fcne seriyor.<\/p>\n<h2>\n<p><strong>\u00d6nde Gelen Destinasyonlar ve Artan Maliyetler<\/strong><\/p>\n<\/h2>\n<p>\u0130\u015f seyahatlerinde lider destinasyonlar aras\u0131nda <strong>Suudi Arabistan y\u00fczde 30&#8217;luk<\/strong> pay\u0131yla ilk s\u0131rada yer al\u0131rken, onu <strong>Birle\u015fik Arap Emirlikleri y\u00fczde 20<\/strong> ve <strong>M\u0131s\u0131r y\u00fczde 10<\/strong> ile takip etti. B\u00f6lgedeki kilit seyahat rotalar\u0131 ise \u015fu \u015fekilde s\u0131raland\u0131:<\/p>\n<ul>\n<li><strong>Dubai \u2013 Riyad<\/strong><\/li>\n<li><strong>Dubai \u2013 Kahire<\/strong><\/li>\n<li><strong>Riyad \u2013 Kahire<\/strong><\/li>\n<\/ul>\n<p>Ortalama u\u00e7ak bilet fiyatlar\u0131, 2025&#8217;in d\u00f6rd\u00fcnc\u00fc \u00e7eyre\u011findeki 439 dolardan <strong>451 dolara<\/strong> y\u00fckselirken, otel fiyatlar\u0131 da <strong>467 dolara<\/strong> \u00e7\u0131kt\u0131. Bu art\u0131\u015flar, b\u00f6lgedeki ekonomik hareketlili\u011fin bir yans\u0131mas\u0131 olarak de\u011ferlendirilebilir.<\/p>\n<p>Ta\u015f\u0131y\u0131c\u0131 firmalar aras\u0131nda <strong>Emirates<\/strong> liderli\u011fini s\u00fcrd\u00fcr\u00fcrken, onu <strong>Saudia<\/strong>, <strong>T\u00fcrk Hava Yollar\u0131<\/strong> ve <strong>flydubai<\/strong> izledi. \u0130\u015f seyahatlerinin ortalama d\u00f6rt g\u00fcn s\u00fcrd\u00fc\u011f\u00fc ve b\u00f6lgeye yap\u0131lan giri\u015f seyahatlerinin 2030 y\u0131l\u0131na kadar istikrarl\u0131 bir \u015fekilde artmas\u0131n\u0131n beklendi\u011fi ifade edildi.<\/p>\n<h2>\n<p><strong>Tumodo&#8217;dan \u00d6nemli Uyar\u0131: Erken Rezervasyonun \u00d6nemi<\/strong><\/p>\n<\/h2>\n<p>Tumodo K\u00f6rfez \u00dclkeleri Ba\u015fkan\u0131 Mohanad Nada, konuyla ilgili yapt\u0131\u011f\u0131 a\u00e7\u0131klamada, &#8220;\u015eubat ay\u0131 tam da tahmin etti\u011fimiz gibi bir performans sergiledi ve rakamlar bunu a\u00e7\u0131k\u00e7a g\u00f6sterdi. Mart ay\u0131 farkl\u0131 bir tablo \u00e7izse de, Ocak ay\u0131n\u0131n \u00f6n\u00fcnde kalmay\u0131 ba\u015fard\u0131. Bu da MENA b\u00f6lgesindeki i\u015f seyahatlerine y\u00f6nelik temel talebin sa\u011flaml\u0131\u011f\u0131n\u0131 korudu\u011funu g\u00f6steriyor,&#8221; dedi.<\/p>\n<p>Nada, kurumsal seyahat y\u00f6neticileri i\u00e7in en acil endi\u015fenin fiyatland\u0131rma oldu\u011funu vurgulayarak, &#8220;\u00d6n\u00fcm\u00fczdeki aylarda hava yolculu\u011fu maliyetlerinde anlaml\u0131 art\u0131\u015flar bekliyoruz. B\u00fct\u00e7elerini koruyacak \u015firketler, erken rezervasyon yapanlar olacakt\u0131r,&#8221; \u015feklinde konu\u015ftu. Bu uyar\u0131, b\u00f6lgedeki firmalar\u0131n maliyet y\u00f6netimi konusunda proaktif olmalar\u0131 gerekti\u011fine i\u015faret ediyor.<\/p>\n<\/section>\n<p>#MENAB\u00f6lgesi #\u0130\u015fSeyahatleri #TumodoRaporu #EkonomikB\u00fcy\u00fcme #SuudiArabistan #BAE #M\u0131s\u0131r #U\u00e7akBiletleri #OtelFiyatlar\u0131 #ErkenRezervasyon<\/p>\n","protected":false},"excerpt":{"rendered":"<p>MENA b\u00f6lgesindeki i\u015f seyahatleri, 2026 y\u0131l\u0131n\u0131n ilk \u00e7eyre\u011finde dikkat \u00e7ekici bir b\u00fcy\u00fcme ivmesi yakalad\u0131. Tumodo taraf\u0131ndan yay\u0131mlanan son rapor, \u00f6zellikle \u015eubat ay\u0131nda g\u00f6zlemlenen g\u00fc\u00e7l\u00fc art\u0131\u015fla b\u00f6lgedeki ekonomik canl\u0131l\u0131\u011f\u0131n alt\u0131n\u0131 \u00e7iziyor. \u015eubat Ay\u0131 Beklentileri A\u015ft\u0131, B\u00f6lgesel Dinamizm G\u00fcc\u00fcn\u00fc Koruyor 2025 Aral\u0131k ay\u0131na benzer seviyelerde ba\u015flayan \u00e7eyrek, Ocak ay\u0131nda y\u00fczde 5&#8217;lik m\u00fctevaz\u0131 bir y\u00fckseli\u015f kaydetti. Ancak as\u0131l [&hellip;]<\/p>\n","protected":false},"author":2,"featured_media":11033,"comment_status":"open","ping_status":"open","sticky":false,"template":"","format":"standard","meta":{"footnotes":""},"categories":[37],"tags":[],"class_list":["post-11032","post","type-post","status-publish","format-standard","has-post-thumbnail","hentry","category-orta-dogu-haberleri"],"_links":{"self":[{"href":"https:\/\/fajr.news\/index.php?rest_route=\/wp\/v2\/posts\/11032","targetHints":{"allow":["GET"]}}],"collection":[{"href":"https:\/\/fajr.news\/index.php?rest_route=\/wp\/v2\/posts"}],"about":[{"href":"https:\/\/fajr.news\/index.php?rest_route=\/wp\/v2\/types\/post"}],"author":[{"embeddable":true,"href":"https:\/\/fajr.news\/index.php?rest_route=\/wp\/v2\/users\/2"}],"replies":[{"embeddable":true,"href":"https:\/\/fajr.news\/index.php?rest_route=%2Fwp%2Fv2%2Fcomments&post=11032"}],"version-history":[{"count":0,"href":"https:\/\/fajr.news\/index.php?rest_route=\/wp\/v2\/posts\/11032\/revisions"}],"wp:featuredmedia":[{"embeddable":true,"href":"https:\/\/fajr.news\/index.php?rest_route=\/wp\/v2\/media\/11033"}],"wp:attachment":[{"href":"https:\/\/fajr.news\/index.php?rest_route=%2Fwp%2Fv2%2Fmedia&parent=11032"}],"wp:term":[{"taxonomy":"category","embeddable":true,"href":"https:\/\/fajr.news\/index.php?rest_route=%2Fwp%2Fv2%2Fcategories&post=11032"},{"taxonomy":"post_tag","embeddable":true,"href":"https:\/\/fajr.news\/index.php?rest_route=%2Fwp%2Fv2%2Ftags&post=11032"}],"curies":[{"name":"wp","href":"https:\/\/api.w.org\/{rel}","templated":true}]}}