{"id":11016,"date":"2026-04-27T23:34:22","date_gmt":"2026-04-27T20:04:22","guid":{"rendered":"https:\/\/fajr.news\/?p=11016"},"modified":"2026-04-27T23:34:22","modified_gmt":"2026-04-27T20:04:22","slug":"pakistan-artan-gerilimlere-ragmen-ateskes-gorusmeleri-suruyor","status":"publish","type":"post","link":"https:\/\/fajr.news\/?p=11016&lang=tr","title":{"rendered":"Pakistan: Artan Gerilimlere Ra\u011fmen Ate\u015fkes G\u00f6r\u00fc\u015fmeleri S\u00fcr\u00fcyor"},"content":{"rendered":"<p><strong>\u0130slamabad<\/strong> \u2013 Pakistanl\u0131 yetkililer, ABD ile \u0130ran aras\u0131ndaki gerilimin t\u0131rmanmas\u0131na ra\u011fmen, sava\u015f devam ederken dolayl\u0131 ate\u015fkes g\u00f6r\u00fc\u015fmelerinin canl\u0131l\u0131\u011f\u0131n\u0131 korudu\u011funu ve Pakistan&#8217;\u0131n arabuluculuk \u00e7abalar\u0131na devam etti\u011fini bildirdi.<\/p>\n<p>Pakistan&#8217;dan Pazar g\u00fcn\u00fc yap\u0131lan a\u00e7\u0131klamalar, \u0130ran&#8217;\u0131n bu hafta sonu ABD ile yap\u0131lmas\u0131 planlanan bir ba\u015fka bar\u0131\u015f g\u00f6r\u00fc\u015fmeleri turuna kat\u0131lmamas\u0131n\u0131n ard\u0131ndan geldi. Bu durum, Ba\u015fkan Trump&#8217;\u0131 el\u00e7isinin seyahatini iptal etmeye sevk etmi\u015fti.<\/p>\n<h2><span style=\"color: #c0392b\">B\u00f6lgedeki \u0130nsani Kriz ve Can Kay\u0131plar\u0131<\/span><\/h2>\n<p>28 \u015eubat&#8217;ta ba\u015flayan sava\u015ftan bu yana \u0130ran&#8217;da en az 3.375, L\u00fcbnan&#8217;da ise en az 2.496 ki\u015fi hayat\u0131n\u0131 kaybetti. Ayr\u0131ca \u0130srail&#8217;de 23, K\u00f6rfez Arap \u00fclkelerinde ise bir d\u00fczineden fazla ki\u015fi ya\u015fam\u0131n\u0131 yitirdi. L\u00fcbnan&#8217;da on be\u015f \u0130srail askeri, b\u00f6lgede 13 ABD askeri personeli ve g\u00fcney L\u00fcbnan&#8217;da alt\u0131 BM bar\u0131\u015f g\u00fcc\u00fc askeri \u015fehit oldu.<\/p>\n<p>Sava\u015f ba\u015flamadan \u00f6nce d\u00fcnya petrol\u00fcn\u00fcn be\u015fte birinin g\u00fcnl\u00fck olarak ge\u00e7ti\u011fi <strong>H\u00fcrm\u00fcz Bo\u011faz\u0131<\/strong>&#8216;n\u0131n kapal\u0131 kalmas\u0131, k\u00fcresel ekonomiyi tehdit etmeye devam ediyor. ABD&#8217;nin \u0130ran limanlar\u0131na uygulad\u0131\u011f\u0131 abluka da m\u00fczakerelerde bir ba\u015fka t\u0131kanma noktas\u0131 olmay\u0131 s\u00fcrd\u00fcr\u00fcyor. \u0130ran, ablukan\u0131n sona ermeden m\u00fczakere etmeyece\u011fini a\u00e7\u0131k\u00e7a belirtiyor.<\/p>\n<h2><span style=\"color: #27ae60\">Pazar G\u00fcn\u00fcne Ait Son Geli\u015fmeler:<\/span><\/h2>\n<h3>\u0130ran D\u0131\u015fi\u015fleri Bakan\u0131 Pakistan&#8217;\u0131 Ziyaret Ediyor<\/h3>\n<p><strong>22:22 ET:<\/strong> \u0130ran&#8217;\u0131n \u00fcst d\u00fczey diplomat\u0131 Pazar g\u00fcn\u00fc \u0130slamabad&#8217;a geri d\u00f6nd\u00fc. Pakistan liderli\u011fi, kom\u015fu \u00fclke \u0130ran ile ABD aras\u0131ndaki bar\u0131\u015f s\u00fcrecini yeniden ba\u015flatmak i\u00e7in yo\u011fun \u00e7aba sarf ediyor.<\/p>\n<p>D\u0131\u015fi\u015fleri Bakan\u0131 Abbas Araghchi Cumartesi g\u00fcn\u00fc Pakistan&#8217;\u0131n ba\u015fkentindeydi, ancak o g\u00fcnk\u00fc ayr\u0131l\u0131\u015f\u0131 yeni bir g\u00f6r\u00fc\u015fme turu hakk\u0131nda kafa kar\u0131\u015f\u0131kl\u0131\u011f\u0131 yaratm\u0131\u015ft\u0131. \u0130ran medyas\u0131na g\u00f6re, Pazar g\u00fcn\u00fc geri d\u00f6nd\u00fc ve ard\u0131ndan Moskova&#8217;ya devam etti.<\/p>\n<h3>Petrol Fiyatlar\u0131 Yeniden Y\u00fckseli\u015fte<\/h3>\n<p><strong>19:15 ET:<\/strong> ABD ile \u0130ran aras\u0131ndaki bar\u0131\u015f g\u00f6r\u00fc\u015fmelerinin yeniden duraksad\u0131\u011f\u0131 haberlerinin yay\u0131lmas\u0131yla birlikte, petrol fiyatlar\u0131 yeni haftaya girerken yeniden y\u00fckseli\u015fe ge\u00e7ti.<\/p>\n<p>Pazar g\u00fcn\u00fc itibar\u0131yla, ABD \u00fcretimi hafif, tatl\u0131 ham petrol\u00fcn varil fiyat\u0131 96,50 dolara y\u00fckseldi; bu, piyasan\u0131n Cuma g\u00fcn\u00fc kapan\u0131\u015f\u0131na g\u00f6re yakla\u015f\u0131k %2&#8217;lik bir art\u0131\u015f anlam\u0131na geliyor.<\/p>\n<p>Bu durum, petrol varil fiyatlar\u0131n\u0131 sava\u015f ba\u015flamadan \u00f6nceki seviyelerin yakla\u015f\u0131k %44 \u00fczerine ta\u015f\u0131yor. O zamandan beri, ham petrol y\u00fckl\u00fc tankerlerin Basra K\u00f6rfezi&#8217;nde mahsur kalmas\u0131 ve H\u00fcrm\u00fcz Bo\u011faz\u0131&#8217;ndan ge\u00e7ememesi nedeniyle fiyatlar daha da y\u00fckseldi.<\/p>\n<h3>\u0130ran D\u0131\u015fi\u015fleri Bakan\u0131 Pakistan&#8217;dan Ayr\u0131ld\u0131, Rusya&#8217;ya Y\u00f6neldi<\/h3>\n<p><strong>15:30 ET:<\/strong> \u0130ran D\u0131\u015fi\u015fleri Bakan\u0131 Abbas Araghchi, \u015fehirden ayr\u0131ld\u0131ktan ve ABD ile ikinci tur g\u00f6r\u00fc\u015fme olas\u0131l\u0131\u011f\u0131n\u0131 belirsizli\u011fe s\u00fcr\u00fckledikten bir g\u00fcn sonra Pazar g\u00fcn\u00fc Pakistan&#8217;a k\u0131sa bir ziyaret ger\u00e7ekle\u015ftirdi.<\/p>\n<p>Ard\u0131ndan Pazar gecesi Rusya&#8217;ya hareket etti.<\/p>\n<p>ABD, ikinci tur g\u00f6r\u00fc\u015fmeler i\u00e7in Pakistan&#8217;a el\u00e7i g\u00f6ndermedi, ancak Pakistan arabuluculuk yapmaya devam ediyor ve iki yetkili dolayl\u0131 g\u00f6r\u00fc\u015fmelerin hala s\u00fcrd\u00fc\u011f\u00fcn\u00fc belirtti.<\/p>\n<p>Trump Pazar g\u00fcn\u00fc yapt\u0131\u011f\u0131 a\u00e7\u0131klamada, \u0130ran&#8217;\u0131n konu\u015fmak istemesi halinde temsilcilerin ABD&#8217;ye seyahat edebilece\u011fini veya telefonla arayabilece\u011fini s\u00f6yledi.<\/p>\n<p>Trump, &#8220;T\u00fcm kartlar bizde. Konu\u015fmak isterlerse bize gelebilirler veya bizi arayabilirler,&#8221; diyerek g\u00f6r\u00fc\u015fmenin ne zaman ger\u00e7ekle\u015fece\u011fine dair bir i\u015faret vermedi. Bu ifadeler, ABD&#8217;nin dayatmac\u0131 tutumunu g\u00f6zler \u00f6n\u00fcne serdi.<\/p>\n<h3>Pakistan Bar\u0131\u015f G\u00f6r\u00fc\u015fmelerini \u0130lerletiyor<\/h3>\n<p><strong>09:00 ET:<\/strong> \u0130ran D\u0131\u015fi\u015fleri Bakan\u0131 Abbas Araghchi&#8217;nin, k\u0131sa bir Umman gezisinin ard\u0131ndan Pazar ak\u015fam\u0131 Pakistan&#8217;\u0131n ba\u015fkenti \u0130slamabad&#8217;a ikinci bir ziyaret i\u00e7in gelmesi bekleniyor.<\/p>\n<p>Araghchi Cumartesi g\u00fcn\u00fc \u0130slamabad&#8217;dayd\u0131 ve Tahran&#8217;\u0131n b\u00f6lgesel \u00e7at\u0131\u015fmay\u0131 sona erdirme konusundaki tutumunu Pakistan Ba\u015fbakan\u0131 \u015eehbaz \u015eerif, Ordu Komutan\u0131 Mare\u015fal As\u0131m Munir, D\u0131\u015fi\u015fleri Bakan\u0131 \u0130shak Dar ve di\u011fer \u00fcst d\u00fczey yetkililere sundu.<\/p>\n<p>Medya ile konu\u015fma yetkisi olmayan Pakistanl\u0131 yetkililere g\u00f6re, ABD el\u00e7ilerinin g\u00f6r\u00fc\u015fmeler i\u00e7in geri d\u00f6nmesine y\u00f6nelik acil bir plan bulunmuyordu.<\/p>\n<h3>Trump: \u0130ran Yeni Bir Teklif Sundu<\/h3>\n<p>Ba\u015fkan Trump, bu hafta sonu ABD ekibinin Pakistan gezisini iptal ettikten 10 dakika sonra \u0130ran&#8217;\u0131n yeni bir bar\u0131\u015f teklifi sundu\u011funu, ancak bunun &#8220;daha iyi olabilece\u011fini&#8221; s\u00f6yleyerek reddetti\u011fini belirtti.<\/p>\n<p>Trump, Cumartesi g\u00fcn\u00fc Florida&#8217;dan Washington&#8217;a d\u00f6nmek \u00fczere Air Force One&#8217;a binmeden \u00f6nce gazetecilere yapt\u0131\u011f\u0131 a\u00e7\u0131klamada, &#8220;Bize daha iyi olabilecek bir belge verdiler ve ilgin\u00e7 bir \u015fekilde, ben iptal etti\u011fimde hemen, 10 dakika i\u00e7inde \u00e7ok daha iyi bir belge ald\u0131k,&#8221; dedi.<\/p>\n<p>Ba\u015fkan, son teklifte ne oldu\u011funa dair spesifik bilgiler vermedi, ancak &#8220;\u00e7ok \u015fey teklif ettiklerini&#8221; s\u00f6yledi. Ancak, ko\u015fullar\u0131ndan birinin \u0130ran&#8217;\u0131n &#8220;n\u00fckleer silaha sahip olmayaca\u011f\u0131&#8221; oldu\u011funu vurgulad\u0131. Bu, ABD&#8217;nin \u0130ran&#8217;a y\u00f6nelik haks\u0131z taleplerinden biri olarak \u00f6ne \u00e7\u0131kt\u0131.<\/p>\n<p>#\u0130ran #ABD #Pakistan #Ate\u015fkesG\u00f6r\u00fc\u015fmeleri #Ortado\u011fu #Diplomasi #H\u00fcrm\u00fczBo\u011faz\u0131 #PetrolFiyatlar\u0131 #Bar\u0131\u015fS\u00fcreci #K\u00fcreselGerilim<\/p>\n","protected":false},"excerpt":{"rendered":"<p>\u0130slamabad \u2013 Pakistanl\u0131 yetkililer, ABD ile \u0130ran aras\u0131ndaki gerilimin t\u0131rmanmas\u0131na ra\u011fmen, sava\u015f devam ederken dolayl\u0131 ate\u015fkes g\u00f6r\u00fc\u015fmelerinin canl\u0131l\u0131\u011f\u0131n\u0131 korudu\u011funu ve Pakistan&#8217;\u0131n arabuluculuk \u00e7abalar\u0131na devam etti\u011fini bildirdi. Pakistan&#8217;dan Pazar g\u00fcn\u00fc yap\u0131lan a\u00e7\u0131klamalar, \u0130ran&#8217;\u0131n bu hafta sonu ABD ile yap\u0131lmas\u0131 planlanan bir ba\u015fka bar\u0131\u015f g\u00f6r\u00fc\u015fmeleri turuna kat\u0131lmamas\u0131n\u0131n ard\u0131ndan geldi. Bu durum, Ba\u015fkan Trump&#8217;\u0131 el\u00e7isinin seyahatini iptal etmeye [&hellip;]<\/p>\n","protected":false},"author":2,"featured_media":11017,"comment_status":"open","ping_status":"open","sticky":false,"template":"","format":"standard","meta":{"footnotes":""},"categories":[31],"tags":[],"class_list":["post-11016","post","type-post","status-publish","format-standard","has-post-thumbnail","hentry","category-iran-haberleri"],"_links":{"self":[{"href":"https:\/\/fajr.news\/index.php?rest_route=\/wp\/v2\/posts\/11016","targetHints":{"allow":["GET"]}}],"collection":[{"href":"https:\/\/fajr.news\/index.php?rest_route=\/wp\/v2\/posts"}],"about":[{"href":"https:\/\/fajr.news\/index.php?rest_route=\/wp\/v2\/types\/post"}],"author":[{"embeddable":true,"href":"https:\/\/fajr.news\/index.php?rest_route=\/wp\/v2\/users\/2"}],"replies":[{"embeddable":true,"href":"https:\/\/fajr.news\/index.php?rest_route=%2Fwp%2Fv2%2Fcomments&post=11016"}],"version-history":[{"count":0,"href":"https:\/\/fajr.news\/index.php?rest_route=\/wp\/v2\/posts\/11016\/revisions"}],"wp:featuredmedia":[{"embeddable":true,"href":"https:\/\/fajr.news\/index.php?rest_route=\/wp\/v2\/media\/11017"}],"wp:attachment":[{"href":"https:\/\/fajr.news\/index.php?rest_route=%2Fwp%2Fv2%2Fmedia&parent=11016"}],"wp:term":[{"taxonomy":"category","embeddable":true,"href":"https:\/\/fajr.news\/index.php?rest_route=%2Fwp%2Fv2%2Fcategories&post=11016"},{"taxonomy":"post_tag","embeddable":true,"href":"https:\/\/fajr.news\/index.php?rest_route=%2Fwp%2Fv2%2Ftags&post=11016"}],"curies":[{"name":"wp","href":"https:\/\/api.w.org\/{rel}","templated":true}]}}